{"id":29317,"date":"2025-05-12T09:44:48","date_gmt":"2025-05-12T12:44:48","guid":{"rendered":"https:\/\/tce.pb.gov.br\/portalprimeirainfancia\/?p=29317"},"modified":"2025-05-12T09:44:50","modified_gmt":"2025-05-12T12:44:50","slug":"treinamento-sobre-ppa-e-loa-com-foco-na-primeira-infancia-comeca-nesta-terca-13-em-patos-inscricoes-seguem-abertas","status":"publish","type":"post","link":"https:\/\/tce.pb.gov.br\/portalprimeirainfancia\/treinamento-sobre-ppa-e-loa-com-foco-na-primeira-infancia-comeca-nesta-terca-13-em-patos-inscricoes-seguem-abertas\/","title":{"rendered":"Treinamento sobre PPA e LOA com foco na Primeira Inf\u00e2ncia come\u00e7a nesta ter\u00e7a (13) em Patos; inscri\u00e7\u00f5es seguem abertas"},"content":{"rendered":"\n<figure class=\"wp-block-image aligncenter size-large\"><img fetchpriority=\"high\" decoding=\"async\" width=\"1024\" height=\"683\" src=\"https:\/\/tce.pb.gov.br\/portalprimeirainfancia\/wp-content\/uploads\/2025\/05\/image-1024x683.png\" alt=\"\" class=\"wp-image-29291\" srcset=\"https:\/\/tce.pb.gov.br\/portalprimeirainfancia\/wp-content\/uploads\/2025\/05\/image-1024x683.png 1024w, https:\/\/tce.pb.gov.br\/portalprimeirainfancia\/wp-content\/uploads\/2025\/05\/image-300x200.png 300w, https:\/\/tce.pb.gov.br\/portalprimeirainfancia\/wp-content\/uploads\/2025\/05\/image-768x512.png 768w, https:\/\/tce.pb.gov.br\/portalprimeirainfancia\/wp-content\/uploads\/2025\/05\/image-1536x1025.png 1536w, https:\/\/tce.pb.gov.br\/portalprimeirainfancia\/wp-content\/uploads\/2025\/05\/image.png 1920w\" sizes=\"(max-width: 1024px) 100vw, 1024px\" \/><\/figure>\n\n\n\n<p>O Tribunal de Contas do Estado da Para\u00edba (TCE-PB) inicia nesta ter\u00e7a-feira(13), na cidade de Patos, a primeira etapa de uma s\u00e9rie de treinamentos presenciais sobre o Plano Plurianual (PPA) e a Lei Or\u00e7ament\u00e1ria Anual (LOA), com \u00eanfase na Primeira Inf\u00e2ncia. A capacita\u00e7\u00e3o, promovida pela Comiss\u00e3o da Primeira Inf\u00e2ncia do TCE-PB, tem como p\u00fablico-alvo prefeitos, secret\u00e1rios e t\u00e9cnicos municipais das \u00e1reas de planejamento, finan\u00e7as e desenvolvimento infantil.<\/p>\n\n\n\n<p><strong>As inscri\u00e7\u00f5es continuam abertas e podem ser realizadas pelo link:\u00a0<a href=\"http:\/\/tiny.cc\/ppaeloa\">http:\/\/tiny.cc\/ppaeloa<\/a>.<\/strong><\/p>\n\n\n\n<p>O curso ser\u00e1 ministrado pelo auditor de controle externo Luzemar Martins e percorrer\u00e1 cinco munic\u00edpios-polo: Patos (13 e 14\/05), Cajazeiras (15 e 16\/05), Monteiro (26 e 27\/05), Campina Grande (28 e 29\/05) e Jo\u00e3o Pessoa (02 e 03\/06). Em Patos, as atividades ocorrer\u00e3o no audit\u00f3rio da UEPB (Rua Alfredo Lustosa Cabral, s\/n \u2013 Salgadinho).<\/p>\n\n\n\n<p>Durante os encontros, al\u00e9m do conte\u00fado t\u00e9cnico, haver\u00e1 um momento reservado para a apresenta\u00e7\u00e3o da Matriz de Planejamento da Auditoria Operacional sobre a Primeira Inf\u00e2ncia, instrumento que servir\u00e1 de refer\u00eancia para a formula\u00e7\u00e3o de pol\u00edticas p\u00fablicas voltadas a crian\u00e7as de 0 a 6 anos. A carga hor\u00e1ria total do curso \u00e9 de 12 horas-aula.<\/p>\n\n\n\n<p>Para o presidente do TCE-PB e idealizador do Pacto Paraibano pela Primeira Inf\u00e2ncia, conselheiro F\u00e1bio Nogueira, a iniciativa fortalece o papel da Corte na qualifica\u00e7\u00e3o da gest\u00e3o p\u00fablica. \u201c\u00c9 no planejamento e na aloca\u00e7\u00e3o eficiente dos recursos p\u00fablicos que se define o presente e o futuro das nossas crian\u00e7as\u201d, afirmou.<\/p>\n\n\n\n<p>O presidente da Comiss\u00e3o da Primeira Inf\u00e2ncia, conselheiro Andr\u00e9 Carlo Torres Pontes, refor\u00e7a a import\u00e2ncia da presen\u00e7a dos gestores municipais. \u201cA valida\u00e7\u00e3o da matriz de auditoria ser\u00e1 fundamental para garantir pol\u00edticas p\u00fablicas mais efetivas para a Primeira Inf\u00e2ncia\u201d, destacou.<\/p>\n\n\n\n<h3 class=\"wp-block-heading\">Munic\u00edpios convidados para a etapa de Patos:<\/h3>\n\n\n\n<p>Patos, S\u00e3o Jos\u00e9 de Espinharas, S\u00e3o Mamede, Quixaba, S\u00e3o Jos\u00e9 do Bonfim, Cacimba de Areia, Malta, Santa Terezinha, Areia de Bara\u00fanas, Cacimbas, Catingueira, Condado, Desterro, Emas, Junco do Serid\u00f3, M\u00e3e D\u2019\u00c1gua, Matureia, Passagem, Salgadinho, Santa Luzia, S\u00e3o Jos\u00e9 do Sabugi, Teixeira, V\u00e1rzea e Vista Serrana.<\/p>\n\n\n\n<h3 class=\"wp-block-heading\">Pr\u00f3ximas datas:<\/h3>\n\n\n\n<ul class=\"wp-block-list\">\n<li><strong>Cajazeiras:<\/strong>\u00a015 e 16 de maio \u2013 Audit\u00f3rio do IFPB<\/li>\n\n\n\n<li><strong>Monteiro:<\/strong>\u00a026 e 27 de maio<\/li>\n\n\n\n<li><strong>Campina Grande:<\/strong>\u00a028 e 29 de maio<\/li>\n\n\n\n<li><strong>Jo\u00e3o Pessoa:<\/strong>\u00a02 e 3 de junho \u2013 Centro Cultural Ariano Suassuna, sede do TCE-PB<\/li>\n<\/ul>\n\n\n\n<p><\/p>\n","protected":false},"excerpt":{"rendered":"<p>O Tribunal de Contas do Estado da Para\u00edba (TCE-PB) inicia nesta ter\u00e7a-feira(13), na cidade de Patos, a primeira etapa de [&hellip;]<\/p>\n","protected":false},"author":6,"featured_media":29291,"comment_status":"closed","ping_status":"closed","sticky":false,"template":"","format":"standard","meta":{"site-sidebar-layout":"default","site-content-layout":"","ast-site-content-layout":"","site-content-style":"default","site-sidebar-style":"default","ast-global-header-display":"","ast-banner-title-visibility":"","ast-main-header-display":"","ast-hfb-above-header-display":"","ast-hfb-below-header-display":"","ast-hfb-mobile-header-display":"","site-post-title":"","ast-breadcrumbs-content":"","ast-featured-img":"","footer-sml-layout":"","theme-transparent-header-meta":"","adv-header-id-meta":"","stick-header-meta":"","header-above-stick-meta":"","header-main-stick-meta":"","header-below-stick-meta":"","astra-migrate-meta-layouts":"default","ast-page-background-enabled":"default","ast-page-background-meta":{"desktop":{"background-color":"var(--ast-global-color-5)","background-image":"","background-repeat":"repeat","background-position":"center center","background-size":"auto","background-attachment":"scroll","background-type":"","background-media":"","overlay-type":"","overlay-color":"","overlay-opacity":"","overlay-gradient":""},"tablet":{"background-color":"","background-image":"","background-repeat":"repeat","background-position":"center center","background-size":"auto","background-attachment":"scroll","background-type":"","background-media":"","overlay-type":"","overlay-color":"","overlay-opacity":"","overlay-gradient":""},"mobile":{"background-color":"","background-image":"","background-repeat":"repeat","background-position":"center center","background-size":"auto","background-attachment":"scroll","background-type":"","background-media":"","overlay-type":"","overlay-color":"","overlay-opacity":"","overlay-gradient":""}},"ast-content-background-meta":{"desktop":{"background-color":"var(--ast-global-color-4)","background-image":"","background-repeat":"repeat","background-position":"center center","background-size":"auto","background-attachment":"scroll","background-type":"","background-media":"","overlay-type":"","overlay-color":"","overlay-opacity":"","overlay-gradient":""},"tablet":{"background-color":"var(--ast-global-color-4)","background-image":"","background-repeat":"repeat","background-position":"center center","background-size":"auto","background-attachment":"scroll","background-type":"","background-media":"","overlay-type":"","overlay-color":"","overlay-opacity":"","overlay-gradient":""},"mobile":{"background-color":"var(--ast-global-color-4)","background-image":"","background-repeat":"repeat","background-position":"center center","background-size":"auto","background-attachment":"scroll","background-type":"","background-media":"","overlay-type":"","overlay-color":"","overlay-opacity":"","overlay-gradient":""}},"_jetpack_memberships_contains_paid_content":false,"footnotes":""},"categories":[7],"tags":[27,30,25,31,26,29,28],"class_list":["post-29317","post","type-post","status-publish","format-standard","has-post-thumbnail","hentry","category-noticias","tag-pacto-pela-primeira-infancia","tag-paraiba","tag-primeira-infancia","tag-tce","tag-tce-pb","tag-treinamento-loa","tag-treinamento-ppa"],"yoast_head":"<!-- This site is optimized with the Yoast SEO plugin v27.5 - https:\/\/yoast.com\/product\/yoast-seo-wordpress\/ -->\n<title>Treinamento sobre PPA e LOA com foco na Primeira Inf\u00e2ncia come\u00e7a nesta ter\u00e7a (13) em Patos; inscri\u00e7\u00f5es seguem abertas %<\/title>\n<meta name=\"description\" content=\"Treinamento sobre PPA e LOA com foco na Primeira Inf\u00e2ncia come\u00e7a nesta ter\u00e7a (13) em Patos; inscri\u00e7\u00f5es seguem abertas %\" \/>\n<meta name=\"robots\" content=\"index, follow, max-snippet:-1, max-image-preview:large, max-video-preview:-1\" \/>\n<link rel=\"canonical\" href=\"https:\/\/tce.pb.gov.br\/portalprimeirainfancia\/treinamento-sobre-ppa-e-loa-com-foco-na-primeira-infancia-comeca-nesta-terca-13-em-patos-inscricoes-seguem-abertas\/\" \/>\n<meta property=\"og:locale\" content=\"pt_BR\" \/>\n<meta property=\"og:type\" content=\"article\" \/>\n<meta property=\"og:title\" content=\"Treinamento sobre PPA e LOA com foco na Primeira Inf\u00e2ncia come\u00e7a nesta ter\u00e7a (13) em Patos; inscri\u00e7\u00f5es seguem abertas %\" \/>\n<meta property=\"og:description\" content=\"Treinamento sobre PPA e LOA com foco na Primeira Inf\u00e2ncia come\u00e7a nesta ter\u00e7a (13) em Patos; inscri\u00e7\u00f5es seguem abertas %\" \/>\n<meta property=\"og:url\" content=\"https:\/\/tce.pb.gov.br\/portalprimeirainfancia\/treinamento-sobre-ppa-e-loa-com-foco-na-primeira-infancia-comeca-nesta-terca-13-em-patos-inscricoes-seguem-abertas\/\" \/>\n<meta property=\"og:site_name\" content=\"Pacto Paraibano pela Primeira Inf\u00e2ncia\" \/>\n<meta property=\"article:published_time\" content=\"2025-05-12T12:44:48+00:00\" \/>\n<meta property=\"article:modified_time\" content=\"2025-05-12T12:44:50+00:00\" \/>\n<meta property=\"og:image\" content=\"https:\/\/tce.pb.gov.br\/portalprimeirainfancia\/wp-content\/uploads\/2025\/05\/image.png\" \/>\n\t<meta property=\"og:image:width\" content=\"1920\" \/>\n\t<meta property=\"og:image:height\" content=\"1281\" \/>\n\t<meta property=\"og:image:type\" content=\"image\/png\" \/>\n<meta name=\"author\" content=\"Rafael Massoni\" \/>\n<meta name=\"twitter:card\" content=\"summary_large_image\" \/>\n<meta name=\"twitter:label1\" content=\"Escrito por\" \/>\n\t<meta name=\"twitter:data1\" content=\"Rafael Massoni\" \/>\n\t<meta name=\"twitter:label2\" content=\"Est. tempo de leitura\" \/>\n\t<meta name=\"twitter:data2\" content=\"3 minutos\" \/>\n<script type=\"application\/ld+json\" class=\"yoast-schema-graph\">{\"@context\":\"https:\\\/\\\/schema.org\",\"@graph\":[{\"@type\":\"NewsArticle\",\"@id\":\"https:\\\/\\\/tce.pb.gov.br\\\/portalprimeirainfancia\\\/treinamento-sobre-ppa-e-loa-com-foco-na-primeira-infancia-comeca-nesta-terca-13-em-patos-inscricoes-seguem-abertas\\\/#article\",\"isPartOf\":{\"@id\":\"https:\\\/\\\/tce.pb.gov.br\\\/portalprimeirainfancia\\\/treinamento-sobre-ppa-e-loa-com-foco-na-primeira-infancia-comeca-nesta-terca-13-em-patos-inscricoes-seguem-abertas\\\/\"},\"author\":{\"name\":\"Rafael Massoni\",\"@id\":\"https:\\\/\\\/tce.pb.gov.br\\\/portalprimeirainfancia\\\/#\\\/schema\\\/person\\\/6a39eea5836dda604de1c5e5b7d62141\"},\"headline\":\"Treinamento sobre PPA e LOA com foco na Primeira Inf\u00e2ncia come\u00e7a nesta ter\u00e7a (13) em Patos; inscri\u00e7\u00f5es seguem abertas\",\"datePublished\":\"2025-05-12T12:44:48+00:00\",\"dateModified\":\"2025-05-12T12:44:50+00:00\",\"mainEntityOfPage\":{\"@id\":\"https:\\\/\\\/tce.pb.gov.br\\\/portalprimeirainfancia\\\/treinamento-sobre-ppa-e-loa-com-foco-na-primeira-infancia-comeca-nesta-terca-13-em-patos-inscricoes-seguem-abertas\\\/\"},\"wordCount\":425,\"publisher\":{\"@id\":\"https:\\\/\\\/tce.pb.gov.br\\\/portalprimeirainfancia\\\/#organization\"},\"image\":{\"@id\":\"https:\\\/\\\/tce.pb.gov.br\\\/portalprimeirainfancia\\\/treinamento-sobre-ppa-e-loa-com-foco-na-primeira-infancia-comeca-nesta-terca-13-em-patos-inscricoes-seguem-abertas\\\/#primaryimage\"},\"thumbnailUrl\":\"https:\\\/\\\/tce.pb.gov.br\\\/portalprimeirainfancia\\\/wp-content\\\/uploads\\\/2025\\\/05\\\/image.png\",\"keywords\":[\"pacto pela primeira infancia\",\"paraiba\",\"primeira infancia\",\"tce\",\"tce-pb\",\"treinamento loa\",\"treinamento ppa\"],\"articleSection\":[\"Not\u00edcias\"],\"inLanguage\":\"pt-BR\"},{\"@type\":\"WebPage\",\"@id\":\"https:\\\/\\\/tce.pb.gov.br\\\/portalprimeirainfancia\\\/treinamento-sobre-ppa-e-loa-com-foco-na-primeira-infancia-comeca-nesta-terca-13-em-patos-inscricoes-seguem-abertas\\\/\",\"url\":\"https:\\\/\\\/tce.pb.gov.br\\\/portalprimeirainfancia\\\/treinamento-sobre-ppa-e-loa-com-foco-na-primeira-infancia-comeca-nesta-terca-13-em-patos-inscricoes-seguem-abertas\\\/\",\"name\":\"Treinamento sobre PPA e LOA com foco na Primeira Inf\u00e2ncia come\u00e7a nesta ter\u00e7a (13) em Patos; inscri\u00e7\u00f5es seguem abertas %\",\"isPartOf\":{\"@id\":\"https:\\\/\\\/tce.pb.gov.br\\\/portalprimeirainfancia\\\/#website\"},\"primaryImageOfPage\":{\"@id\":\"https:\\\/\\\/tce.pb.gov.br\\\/portalprimeirainfancia\\\/treinamento-sobre-ppa-e-loa-com-foco-na-primeira-infancia-comeca-nesta-terca-13-em-patos-inscricoes-seguem-abertas\\\/#primaryimage\"},\"image\":{\"@id\":\"https:\\\/\\\/tce.pb.gov.br\\\/portalprimeirainfancia\\\/treinamento-sobre-ppa-e-loa-com-foco-na-primeira-infancia-comeca-nesta-terca-13-em-patos-inscricoes-seguem-abertas\\\/#primaryimage\"},\"thumbnailUrl\":\"https:\\\/\\\/tce.pb.gov.br\\\/portalprimeirainfancia\\\/wp-content\\\/uploads\\\/2025\\\/05\\\/image.png\",\"datePublished\":\"2025-05-12T12:44:48+00:00\",\"dateModified\":\"2025-05-12T12:44:50+00:00\",\"description\":\"Treinamento sobre PPA e LOA com foco na Primeira Inf\u00e2ncia come\u00e7a nesta ter\u00e7a (13) em Patos; inscri\u00e7\u00f5es seguem abertas %\",\"breadcrumb\":{\"@id\":\"https:\\\/\\\/tce.pb.gov.br\\\/portalprimeirainfancia\\\/treinamento-sobre-ppa-e-loa-com-foco-na-primeira-infancia-comeca-nesta-terca-13-em-patos-inscricoes-seguem-abertas\\\/#breadcrumb\"},\"inLanguage\":\"pt-BR\",\"potentialAction\":[{\"@type\":\"ReadAction\",\"target\":[\"https:\\\/\\\/tce.pb.gov.br\\\/portalprimeirainfancia\\\/treinamento-sobre-ppa-e-loa-com-foco-na-primeira-infancia-comeca-nesta-terca-13-em-patos-inscricoes-seguem-abertas\\\/\"]}]},{\"@type\":\"ImageObject\",\"inLanguage\":\"pt-BR\",\"@id\":\"https:\\\/\\\/tce.pb.gov.br\\\/portalprimeirainfancia\\\/treinamento-sobre-ppa-e-loa-com-foco-na-primeira-infancia-comeca-nesta-terca-13-em-patos-inscricoes-seguem-abertas\\\/#primaryimage\",\"url\":\"https:\\\/\\\/tce.pb.gov.br\\\/portalprimeirainfancia\\\/wp-content\\\/uploads\\\/2025\\\/05\\\/image.png\",\"contentUrl\":\"https:\\\/\\\/tce.pb.gov.br\\\/portalprimeirainfancia\\\/wp-content\\\/uploads\\\/2025\\\/05\\\/image.png\",\"width\":1920,\"height\":1281},{\"@type\":\"BreadcrumbList\",\"@id\":\"https:\\\/\\\/tce.pb.gov.br\\\/portalprimeirainfancia\\\/treinamento-sobre-ppa-e-loa-com-foco-na-primeira-infancia-comeca-nesta-terca-13-em-patos-inscricoes-seguem-abertas\\\/#breadcrumb\",\"itemListElement\":[{\"@type\":\"ListItem\",\"position\":1,\"name\":\"In\u00edcio\",\"item\":\"https:\\\/\\\/tce.pb.gov.br\\\/portalprimeirainfancia\\\/\"},{\"@type\":\"ListItem\",\"position\":2,\"name\":\"Treinamento sobre PPA e LOA com foco na Primeira Inf\u00e2ncia come\u00e7a nesta ter\u00e7a (13) em Patos; inscri\u00e7\u00f5es seguem abertas\"}]},{\"@type\":\"WebSite\",\"@id\":\"https:\\\/\\\/tce.pb.gov.br\\\/portalprimeirainfancia\\\/#website\",\"url\":\"https:\\\/\\\/tce.pb.gov.br\\\/portalprimeirainfancia\\\/\",\"name\":\"Pacto Paraibano pela Primeira Inf\u00e2ncia\",\"description\":\"Portal para divulga\u00e7\u00e3o do Pacto Paraibano pela Primeira Inf\u00e2ncia\",\"publisher\":{\"@id\":\"https:\\\/\\\/tce.pb.gov.br\\\/portalprimeirainfancia\\\/#organization\"},\"potentialAction\":[{\"@type\":\"SearchAction\",\"target\":{\"@type\":\"EntryPoint\",\"urlTemplate\":\"https:\\\/\\\/tce.pb.gov.br\\\/portalprimeirainfancia\\\/?s={search_term_string}\"},\"query-input\":{\"@type\":\"PropertyValueSpecification\",\"valueRequired\":true,\"valueName\":\"search_term_string\"}}],\"inLanguage\":\"pt-BR\"},{\"@type\":\"Organization\",\"@id\":\"https:\\\/\\\/tce.pb.gov.br\\\/portalprimeirainfancia\\\/#organization\",\"name\":\"Pacto Paraibano pela Primeira Inf\u00e2ncia\",\"alternateName\":\"TCE-PB\",\"url\":\"https:\\\/\\\/tce.pb.gov.br\\\/portalprimeirainfancia\\\/\",\"logo\":{\"@type\":\"ImageObject\",\"inLanguage\":\"pt-BR\",\"@id\":\"https:\\\/\\\/tce.pb.gov.br\\\/portalprimeirainfancia\\\/#\\\/schema\\\/logo\\\/image\\\/\",\"url\":\"https:\\\/\\\/tce.pb.gov.br\\\/portalprimeirainfancia\\\/wp-content\\\/uploads\\\/2025\\\/05\\\/Pacto-Whatsapp.png\",\"contentUrl\":\"https:\\\/\\\/tce.pb.gov.br\\\/portalprimeirainfancia\\\/wp-content\\\/uploads\\\/2025\\\/05\\\/Pacto-Whatsapp.png\",\"width\":427,\"height\":427,\"caption\":\"Pacto Paraibano pela Primeira Inf\u00e2ncia\"},\"image\":{\"@id\":\"https:\\\/\\\/tce.pb.gov.br\\\/portalprimeirainfancia\\\/#\\\/schema\\\/logo\\\/image\\\/\"},\"sameAs\":[\"https:\\\/\\\/www.instagram.com\\\/tcepb\\\/\"]},{\"@type\":\"Person\",\"@id\":\"https:\\\/\\\/tce.pb.gov.br\\\/portalprimeirainfancia\\\/#\\\/schema\\\/person\\\/6a39eea5836dda604de1c5e5b7d62141\",\"name\":\"Rafael Massoni\"}]}<\/script>\n<!-- \/ Yoast SEO plugin. -->","yoast_head_json":{"title":"Treinamento sobre PPA e LOA com foco na Primeira Inf\u00e2ncia come\u00e7a nesta ter\u00e7a (13) em Patos; inscri\u00e7\u00f5es seguem abertas %","description":"Treinamento sobre PPA e LOA com foco na Primeira Inf\u00e2ncia come\u00e7a nesta ter\u00e7a (13) em Patos; inscri\u00e7\u00f5es seguem abertas %","robots":{"index":"index","follow":"follow","max-snippet":"max-snippet:-1","max-image-preview":"max-image-preview:large","max-video-preview":"max-video-preview:-1"},"canonical":"https:\/\/tce.pb.gov.br\/portalprimeirainfancia\/treinamento-sobre-ppa-e-loa-com-foco-na-primeira-infancia-comeca-nesta-terca-13-em-patos-inscricoes-seguem-abertas\/","og_locale":"pt_BR","og_type":"article","og_title":"Treinamento sobre PPA e LOA com foco na Primeira Inf\u00e2ncia come\u00e7a nesta ter\u00e7a (13) em Patos; inscri\u00e7\u00f5es seguem abertas %","og_description":"Treinamento sobre PPA e LOA com foco na Primeira Inf\u00e2ncia come\u00e7a nesta ter\u00e7a (13) em Patos; inscri\u00e7\u00f5es seguem abertas %","og_url":"https:\/\/tce.pb.gov.br\/portalprimeirainfancia\/treinamento-sobre-ppa-e-loa-com-foco-na-primeira-infancia-comeca-nesta-terca-13-em-patos-inscricoes-seguem-abertas\/","og_site_name":"Pacto Paraibano pela Primeira Inf\u00e2ncia","article_published_time":"2025-05-12T12:44:48+00:00","article_modified_time":"2025-05-12T12:44:50+00:00","og_image":[{"width":1920,"height":1281,"url":"https:\/\/tce.pb.gov.br\/portalprimeirainfancia\/wp-content\/uploads\/2025\/05\/image.png","type":"image\/png"}],"author":"Rafael Massoni","twitter_card":"summary_large_image","twitter_misc":{"Escrito por":"Rafael Massoni","Est. tempo de leitura":"3 minutos"},"schema":{"@context":"https:\/\/schema.org","@graph":[{"@type":"NewsArticle","@id":"https:\/\/tce.pb.gov.br\/portalprimeirainfancia\/treinamento-sobre-ppa-e-loa-com-foco-na-primeira-infancia-comeca-nesta-terca-13-em-patos-inscricoes-seguem-abertas\/#article","isPartOf":{"@id":"https:\/\/tce.pb.gov.br\/portalprimeirainfancia\/treinamento-sobre-ppa-e-loa-com-foco-na-primeira-infancia-comeca-nesta-terca-13-em-patos-inscricoes-seguem-abertas\/"},"author":{"name":"Rafael Massoni","@id":"https:\/\/tce.pb.gov.br\/portalprimeirainfancia\/#\/schema\/person\/6a39eea5836dda604de1c5e5b7d62141"},"headline":"Treinamento sobre PPA e LOA com foco na Primeira Inf\u00e2ncia come\u00e7a nesta ter\u00e7a (13) em Patos; inscri\u00e7\u00f5es seguem abertas","datePublished":"2025-05-12T12:44:48+00:00","dateModified":"2025-05-12T12:44:50+00:00","mainEntityOfPage":{"@id":"https:\/\/tce.pb.gov.br\/portalprimeirainfancia\/treinamento-sobre-ppa-e-loa-com-foco-na-primeira-infancia-comeca-nesta-terca-13-em-patos-inscricoes-seguem-abertas\/"},"wordCount":425,"publisher":{"@id":"https:\/\/tce.pb.gov.br\/portalprimeirainfancia\/#organization"},"image":{"@id":"https:\/\/tce.pb.gov.br\/portalprimeirainfancia\/treinamento-sobre-ppa-e-loa-com-foco-na-primeira-infancia-comeca-nesta-terca-13-em-patos-inscricoes-seguem-abertas\/#primaryimage"},"thumbnailUrl":"https:\/\/tce.pb.gov.br\/portalprimeirainfancia\/wp-content\/uploads\/2025\/05\/image.png","keywords":["pacto pela primeira infancia","paraiba","primeira infancia","tce","tce-pb","treinamento loa","treinamento ppa"],"articleSection":["Not\u00edcias"],"inLanguage":"pt-BR"},{"@type":"WebPage","@id":"https:\/\/tce.pb.gov.br\/portalprimeirainfancia\/treinamento-sobre-ppa-e-loa-com-foco-na-primeira-infancia-comeca-nesta-terca-13-em-patos-inscricoes-seguem-abertas\/","url":"https:\/\/tce.pb.gov.br\/portalprimeirainfancia\/treinamento-sobre-ppa-e-loa-com-foco-na-primeira-infancia-comeca-nesta-terca-13-em-patos-inscricoes-seguem-abertas\/","name":"Treinamento sobre PPA e LOA com foco na Primeira Inf\u00e2ncia come\u00e7a nesta ter\u00e7a (13) em Patos; inscri\u00e7\u00f5es seguem abertas %","isPartOf":{"@id":"https:\/\/tce.pb.gov.br\/portalprimeirainfancia\/#website"},"primaryImageOfPage":{"@id":"https:\/\/tce.pb.gov.br\/portalprimeirainfancia\/treinamento-sobre-ppa-e-loa-com-foco-na-primeira-infancia-comeca-nesta-terca-13-em-patos-inscricoes-seguem-abertas\/#primaryimage"},"image":{"@id":"https:\/\/tce.pb.gov.br\/portalprimeirainfancia\/treinamento-sobre-ppa-e-loa-com-foco-na-primeira-infancia-comeca-nesta-terca-13-em-patos-inscricoes-seguem-abertas\/#primaryimage"},"thumbnailUrl":"https:\/\/tce.pb.gov.br\/portalprimeirainfancia\/wp-content\/uploads\/2025\/05\/image.png","datePublished":"2025-05-12T12:44:48+00:00","dateModified":"2025-05-12T12:44:50+00:00","description":"Treinamento sobre PPA e LOA com foco na Primeira Inf\u00e2ncia come\u00e7a nesta ter\u00e7a (13) em Patos; inscri\u00e7\u00f5es seguem abertas %","breadcrumb":{"@id":"https:\/\/tce.pb.gov.br\/portalprimeirainfancia\/treinamento-sobre-ppa-e-loa-com-foco-na-primeira-infancia-comeca-nesta-terca-13-em-patos-inscricoes-seguem-abertas\/#breadcrumb"},"inLanguage":"pt-BR","potentialAction":[{"@type":"ReadAction","target":["https:\/\/tce.pb.gov.br\/portalprimeirainfancia\/treinamento-sobre-ppa-e-loa-com-foco-na-primeira-infancia-comeca-nesta-terca-13-em-patos-inscricoes-seguem-abertas\/"]}]},{"@type":"ImageObject","inLanguage":"pt-BR","@id":"https:\/\/tce.pb.gov.br\/portalprimeirainfancia\/treinamento-sobre-ppa-e-loa-com-foco-na-primeira-infancia-comeca-nesta-terca-13-em-patos-inscricoes-seguem-abertas\/#primaryimage","url":"https:\/\/tce.pb.gov.br\/portalprimeirainfancia\/wp-content\/uploads\/2025\/05\/image.png","contentUrl":"https:\/\/tce.pb.gov.br\/portalprimeirainfancia\/wp-content\/uploads\/2025\/05\/image.png","width":1920,"height":1281},{"@type":"BreadcrumbList","@id":"https:\/\/tce.pb.gov.br\/portalprimeirainfancia\/treinamento-sobre-ppa-e-loa-com-foco-na-primeira-infancia-comeca-nesta-terca-13-em-patos-inscricoes-seguem-abertas\/#breadcrumb","itemListElement":[{"@type":"ListItem","position":1,"name":"In\u00edcio","item":"https:\/\/tce.pb.gov.br\/portalprimeirainfancia\/"},{"@type":"ListItem","position":2,"name":"Treinamento sobre PPA e LOA com foco na Primeira Inf\u00e2ncia come\u00e7a nesta ter\u00e7a (13) em Patos; inscri\u00e7\u00f5es seguem abertas"}]},{"@type":"WebSite","@id":"https:\/\/tce.pb.gov.br\/portalprimeirainfancia\/#website","url":"https:\/\/tce.pb.gov.br\/portalprimeirainfancia\/","name":"Pacto Paraibano pela Primeira Inf\u00e2ncia","description":"Portal para divulga\u00e7\u00e3o do Pacto Paraibano pela Primeira Inf\u00e2ncia","publisher":{"@id":"https:\/\/tce.pb.gov.br\/portalprimeirainfancia\/#organization"},"potentialAction":[{"@type":"SearchAction","target":{"@type":"EntryPoint","urlTemplate":"https:\/\/tce.pb.gov.br\/portalprimeirainfancia\/?s={search_term_string}"},"query-input":{"@type":"PropertyValueSpecification","valueRequired":true,"valueName":"search_term_string"}}],"inLanguage":"pt-BR"},{"@type":"Organization","@id":"https:\/\/tce.pb.gov.br\/portalprimeirainfancia\/#organization","name":"Pacto Paraibano pela Primeira Inf\u00e2ncia","alternateName":"TCE-PB","url":"https:\/\/tce.pb.gov.br\/portalprimeirainfancia\/","logo":{"@type":"ImageObject","inLanguage":"pt-BR","@id":"https:\/\/tce.pb.gov.br\/portalprimeirainfancia\/#\/schema\/logo\/image\/","url":"https:\/\/tce.pb.gov.br\/portalprimeirainfancia\/wp-content\/uploads\/2025\/05\/Pacto-Whatsapp.png","contentUrl":"https:\/\/tce.pb.gov.br\/portalprimeirainfancia\/wp-content\/uploads\/2025\/05\/Pacto-Whatsapp.png","width":427,"height":427,"caption":"Pacto Paraibano pela Primeira Inf\u00e2ncia"},"image":{"@id":"https:\/\/tce.pb.gov.br\/portalprimeirainfancia\/#\/schema\/logo\/image\/"},"sameAs":["https:\/\/www.instagram.com\/tcepb\/"]},{"@type":"Person","@id":"https:\/\/tce.pb.gov.br\/portalprimeirainfancia\/#\/schema\/person\/6a39eea5836dda604de1c5e5b7d62141","name":"Rafael Massoni"}]}},"jetpack_featured_media_url":"https:\/\/tce.pb.gov.br\/portalprimeirainfancia\/wp-content\/uploads\/2025\/05\/image.png","jetpack_sharing_enabled":true,"_links":{"self":[{"href":"https:\/\/tce.pb.gov.br\/portalprimeirainfancia\/wp-json\/wp\/v2\/posts\/29317","targetHints":{"allow":["GET"]}}],"collection":[{"href":"https:\/\/tce.pb.gov.br\/portalprimeirainfancia\/wp-json\/wp\/v2\/posts"}],"about":[{"href":"https:\/\/tce.pb.gov.br\/portalprimeirainfancia\/wp-json\/wp\/v2\/types\/post"}],"author":[{"embeddable":true,"href":"https:\/\/tce.pb.gov.br\/portalprimeirainfancia\/wp-json\/wp\/v2\/users\/6"}],"replies":[{"embeddable":true,"href":"https:\/\/tce.pb.gov.br\/portalprimeirainfancia\/wp-json\/wp\/v2\/comments?post=29317"}],"version-history":[{"count":1,"href":"https:\/\/tce.pb.gov.br\/portalprimeirainfancia\/wp-json\/wp\/v2\/posts\/29317\/revisions"}],"predecessor-version":[{"id":29318,"href":"https:\/\/tce.pb.gov.br\/portalprimeirainfancia\/wp-json\/wp\/v2\/posts\/29317\/revisions\/29318"}],"wp:featuredmedia":[{"embeddable":true,"href":"https:\/\/tce.pb.gov.br\/portalprimeirainfancia\/wp-json\/wp\/v2\/media\/29291"}],"wp:attachment":[{"href":"https:\/\/tce.pb.gov.br\/portalprimeirainfancia\/wp-json\/wp\/v2\/media?parent=29317"}],"wp:term":[{"taxonomy":"category","embeddable":true,"href":"https:\/\/tce.pb.gov.br\/portalprimeirainfancia\/wp-json\/wp\/v2\/categories?post=29317"},{"taxonomy":"post_tag","embeddable":true,"href":"https:\/\/tce.pb.gov.br\/portalprimeirainfancia\/wp-json\/wp\/v2\/tags?post=29317"}],"curies":[{"name":"wp","href":"https:\/\/api.w.org\/{rel}","templated":true}]}}