{"id":29293,"date":"2025-05-09T08:41:22","date_gmt":"2025-05-09T11:41:22","guid":{"rendered":"https:\/\/tce.pb.gov.br\/portalprimeirainfancia\/?p=29293"},"modified":"2025-05-09T08:41:24","modified_gmt":"2025-05-09T11:41:24","slug":"tce-pb-realiza-primeira-reuniao-com-signatarios-do-pacto-paraibano-pela-primeira-infancia","status":"publish","type":"post","link":"https:\/\/tce.pb.gov.br\/portalprimeirainfancia\/tce-pb-realiza-primeira-reuniao-com-signatarios-do-pacto-paraibano-pela-primeira-infancia\/","title":{"rendered":"TCE-PB realiza primeira reuni\u00e3o com signat\u00e1rios do Pacto Paraibano pela Primeira Inf\u00e2ncia"},"content":{"rendered":"\n<figure class=\"wp-block-image aligncenter size-large\"><img fetchpriority=\"high\" decoding=\"async\" width=\"1024\" height=\"683\" src=\"https:\/\/tce.pb.gov.br\/portalprimeirainfancia\/wp-content\/uploads\/2025\/05\/MG_2176-1024x683.jpg\" alt=\"\" class=\"wp-image-29294\" srcset=\"https:\/\/tce.pb.gov.br\/portalprimeirainfancia\/wp-content\/uploads\/2025\/05\/MG_2176-1024x683.jpg 1024w, https:\/\/tce.pb.gov.br\/portalprimeirainfancia\/wp-content\/uploads\/2025\/05\/MG_2176-300x200.jpg 300w, https:\/\/tce.pb.gov.br\/portalprimeirainfancia\/wp-content\/uploads\/2025\/05\/MG_2176-768x512.jpg 768w, https:\/\/tce.pb.gov.br\/portalprimeirainfancia\/wp-content\/uploads\/2025\/05\/MG_2176-1536x1024.jpg 1536w, https:\/\/tce.pb.gov.br\/portalprimeirainfancia\/wp-content\/uploads\/2025\/05\/MG_2176-2048x1365.jpg 2048w\" sizes=\"(max-width: 1024px) 100vw, 1024px\" \/><\/figure>\n\n\n\n<p>O Tribunal de Contas do Estado da Para\u00edba (TCE-PB) promoveu, nesta quinta-feira (8), a primeira reuni\u00e3o com representantes dos \u00f3rg\u00e3os signat\u00e1rios do Pacto Paraibano pela Primeira Inf\u00e2ncia, iniciativa idealizada pelo presidente da Corte, conselheiro F\u00e1bio Nogueira. O encontro aconteceu no Espa\u00e7o Cidadania Digital e foi conduzido pelo vice-presidente do TCE-PB, conselheiro Andr\u00e9 Carlo Torres Pontes, com a participa\u00e7\u00e3o dos membros da Comiss\u00e3o pela Primeira Inf\u00e2ncia.<\/p>\n\n\n\n<figure class=\"wp-block-gallery has-nested-images columns-default is-cropped wp-block-gallery-1 is-layout-flex wp-block-gallery-is-layout-flex\">\n<figure class=\"wp-block-image aligncenter size-large\"><img decoding=\"async\" width=\"1024\" height=\"683\" data-id=\"29295\" src=\"https:\/\/tce.pb.gov.br\/portalprimeirainfancia\/wp-content\/uploads\/2025\/05\/MG_2140-1024x683.jpg\" alt=\"\" class=\"wp-image-29295\" srcset=\"https:\/\/tce.pb.gov.br\/portalprimeirainfancia\/wp-content\/uploads\/2025\/05\/MG_2140-1024x683.jpg 1024w, https:\/\/tce.pb.gov.br\/portalprimeirainfancia\/wp-content\/uploads\/2025\/05\/MG_2140-300x200.jpg 300w, https:\/\/tce.pb.gov.br\/portalprimeirainfancia\/wp-content\/uploads\/2025\/05\/MG_2140-768x512.jpg 768w, https:\/\/tce.pb.gov.br\/portalprimeirainfancia\/wp-content\/uploads\/2025\/05\/MG_2140-1536x1024.jpg 1536w, https:\/\/tce.pb.gov.br\/portalprimeirainfancia\/wp-content\/uploads\/2025\/05\/MG_2140-2048x1365.jpg 2048w\" sizes=\"(max-width: 1024px) 100vw, 1024px\" \/><\/figure>\n\n\n\n<figure class=\"wp-block-image size-large\"><img decoding=\"async\" width=\"1024\" height=\"683\" data-id=\"29296\" src=\"https:\/\/tce.pb.gov.br\/portalprimeirainfancia\/wp-content\/uploads\/2025\/05\/MG_2233-1024x683.jpg\" alt=\"\" class=\"wp-image-29296\" srcset=\"https:\/\/tce.pb.gov.br\/portalprimeirainfancia\/wp-content\/uploads\/2025\/05\/MG_2233-1024x683.jpg 1024w, https:\/\/tce.pb.gov.br\/portalprimeirainfancia\/wp-content\/uploads\/2025\/05\/MG_2233-300x200.jpg 300w, https:\/\/tce.pb.gov.br\/portalprimeirainfancia\/wp-content\/uploads\/2025\/05\/MG_2233-768x512.jpg 768w, https:\/\/tce.pb.gov.br\/portalprimeirainfancia\/wp-content\/uploads\/2025\/05\/MG_2233-1536x1024.jpg 1536w, https:\/\/tce.pb.gov.br\/portalprimeirainfancia\/wp-content\/uploads\/2025\/05\/MG_2233-2048x1365.jpg 2048w\" sizes=\"(max-width: 1024px) 100vw, 1024px\" \/><\/figure>\n<\/figure>\n\n\n\n<p>Participaram da reuni\u00e3o representantes da o Tribunal de Contas da Uni\u00e3o (TCU) Assembl\u00e9ia Legislativa, o Tribunal de Justi\u00e7a, o Tribunal Regional do Trabalho da 13\u00aa Regi\u00e3o, as Defensorias P\u00fablicas da Uni\u00e3o e do Estado, a Federa\u00e7\u00e3o das Associa\u00e7\u00f5es dos Munic\u00edpios Paraibanos (Famup), a Unicef, o Instituto Federal da Para\u00edba, as Universidades Federal (UFPB), Estadual (UEPB) e de Campina Grande (UFCG), a Faepa\/Senar, a Federa\u00e7\u00e3o das Ind\u00fastrias da Para\u00edba e a Fecom\u00e9rcio, Federa\u00e7\u00e3o dos Munic\u00edpios da Para\u00edba \u2013 Famup, secretarias de Educa\u00e7\u00e3o, Sa\u00fade e Desenvolvimento Humano de Jo\u00e3o Pessoa e OAB-PB. &nbsp;<\/p>\n\n\n\n<figure class=\"wp-block-image aligncenter size-large\"><img loading=\"lazy\" decoding=\"async\" width=\"1024\" height=\"683\" src=\"https:\/\/tce.pb.gov.br\/portalprimeirainfancia\/wp-content\/uploads\/2025\/05\/MG_2106-1024x683.jpg\" alt=\"\" class=\"wp-image-29297\" srcset=\"https:\/\/tce.pb.gov.br\/portalprimeirainfancia\/wp-content\/uploads\/2025\/05\/MG_2106-1024x683.jpg 1024w, https:\/\/tce.pb.gov.br\/portalprimeirainfancia\/wp-content\/uploads\/2025\/05\/MG_2106-300x200.jpg 300w, https:\/\/tce.pb.gov.br\/portalprimeirainfancia\/wp-content\/uploads\/2025\/05\/MG_2106-768x512.jpg 768w, https:\/\/tce.pb.gov.br\/portalprimeirainfancia\/wp-content\/uploads\/2025\/05\/MG_2106-1536x1024.jpg 1536w, https:\/\/tce.pb.gov.br\/portalprimeirainfancia\/wp-content\/uploads\/2025\/05\/MG_2106-2048x1365.jpg 2048w\" sizes=\"(max-width: 1024px) 100vw, 1024px\" \/><\/figure>\n\n\n\n<p>A reuni\u00e3o teve como objetivo fortalecer a integra\u00e7\u00e3o entre os signat\u00e1rios do pacto e apresentar a Matriz de Planejamento da Auditoria Operacional em Pol\u00edticas P\u00fablicas para a Primeira Inf\u00e2ncia, desenvolvida no \u00e2mbito da Auditoria Coordenada (GAOP). O foco da auditoria ser\u00e1 a an\u00e1lise da formaliza\u00e7\u00e3o, implementa\u00e7\u00e3o e efic\u00e1cia de pol\u00edticas p\u00fablicas voltadas a crian\u00e7as de zero a seis anos, no per\u00edodo de 2022 at\u00e9 o primeiro quadrimestre de 2025.<\/p>\n\n\n\n<p>A equipe respons\u00e1vel pela auditoria \u00e9 formada por &nbsp;auditores de controle externo como Adriana Falc\u00e3o do R\u00eago, Cristiana de Melo Fran\u00e7a, George Lucas Lisboa da Silva, Ivo Cilento e Marcus Felipe Bezerra da Costa, sob relatoria do conselheiro Andr\u00e9 Carlo Torres Pontes.<\/p>\n\n\n\n<p>Entre os principais pontos de an\u00e1lise est\u00e3o: a institucionaliza\u00e7\u00e3o de pol\u00edticas para a primeira inf\u00e2ncia; a\u00e7\u00f5es setoriais desenvolvidas por entes p\u00fablicos estaduais e municipais; as visitas domiciliares realizadas por meio da Estrat\u00e9gia Sa\u00fade da Fam\u00edlia e do Programa Crian\u00e7a Feliz, vinculado ao Sistema \u00danico de Assist\u00eancia Social (SUAS).<\/p>\n\n\n\n<p>A auditoria tamb\u00e9m considerar\u00e1 a ader\u00eancia \u00e0s agendas globais, especialmente os Objetivos de Desenvolvimento Sustent\u00e1vel&nbsp;<strong>(<\/strong>ODS<strong>)&nbsp;<\/strong>da ONU, como os que tratam de erradica\u00e7\u00e3o da pobreza, sa\u00fade, educa\u00e7\u00e3o de qualidade, igualdade de g\u00eanero, cidades sustent\u00e1veis e fortalecimento de parcerias. Ser\u00e3o avaliadas, ainda, a conformidade com marcos legais e t\u00e9cnicos, como a Constitui\u00e7\u00e3o Federal, o Marco Legal da Primeira Inf\u00e2ncia e publica\u00e7\u00f5es especializadas.<\/p>\n\n\n\n<p>Outro aspecto relevante ser\u00e1 o exame da exist\u00eancia de planos municipais espec\u00edfico<strong>s<\/strong>, bem como o grau de integra\u00e7\u00e3o entre os setores de sa\u00fade, educa\u00e7\u00e3o, assist\u00eancia social e saneamento b\u00e1sico. A auditoria pretende ainda avaliar a efic\u00e1cia de a\u00e7\u00f5es de saneamento, alimenta\u00e7\u00e3o, nutri\u00e7\u00e3o, espa\u00e7os de lazer e programas de visitas domiciliares \u2014 elementos essenciais para o desenvolvimento integral das crian\u00e7as.<\/p>\n\n\n\n<p>De acordo com o conselheiro Andr\u00e9 Carlo, as reuni\u00f5es ser\u00e3o realizadas mensalmente. Para facilitar a comunica\u00e7\u00e3o, foi criado um grupo no WhatsApp, onde os parceiros poder\u00e3o tirar d\u00favidas e receber orienta\u00e7\u00f5es.<\/p>\n\n\n\n<figure class=\"wp-block-image aligncenter size-large\"><img loading=\"lazy\" decoding=\"async\" width=\"1024\" height=\"576\" src=\"https:\/\/tce.pb.gov.br\/portalprimeirainfancia\/wp-content\/uploads\/2025\/05\/WhatsApp-Image-2025-05-08-at-10.23.46-1024x576.jpeg\" alt=\"\" class=\"wp-image-29298\" srcset=\"https:\/\/tce.pb.gov.br\/portalprimeirainfancia\/wp-content\/uploads\/2025\/05\/WhatsApp-Image-2025-05-08-at-10.23.46-1024x576.jpeg 1024w, https:\/\/tce.pb.gov.br\/portalprimeirainfancia\/wp-content\/uploads\/2025\/05\/WhatsApp-Image-2025-05-08-at-10.23.46-300x169.jpeg 300w, https:\/\/tce.pb.gov.br\/portalprimeirainfancia\/wp-content\/uploads\/2025\/05\/WhatsApp-Image-2025-05-08-at-10.23.46-768x432.jpeg 768w, https:\/\/tce.pb.gov.br\/portalprimeirainfancia\/wp-content\/uploads\/2025\/05\/WhatsApp-Image-2025-05-08-at-10.23.46-1536x864.jpeg 1536w, https:\/\/tce.pb.gov.br\/portalprimeirainfancia\/wp-content\/uploads\/2025\/05\/WhatsApp-Image-2025-05-08-at-10.23.46.jpeg 1600w\" sizes=\"(max-width: 1024px) 100vw, 1024px\" \/><\/figure>\n\n\n","protected":false},"excerpt":{"rendered":"<p>O Tribunal de Contas do Estado da Para\u00edba (TCE-PB) promoveu, nesta quinta-feira (8), a primeira reuni\u00e3o com representantes dos \u00f3rg\u00e3os [&hellip;]<\/p>\n","protected":false},"author":6,"featured_media":29294,"comment_status":"closed","ping_status":"closed","sticky":false,"template":"","format":"standard","meta":{"site-sidebar-layout":"default","site-content-layout":"","ast-site-content-layout":"","site-content-style":"default","site-sidebar-style":"default","ast-global-header-display":"","ast-banner-title-visibility":"","ast-main-header-display":"","ast-hfb-above-header-display":"","ast-hfb-below-header-display":"","ast-hfb-mobile-header-display":"","site-post-title":"","ast-breadcrumbs-content":"","ast-featured-img":"","footer-sml-layout":"","theme-transparent-header-meta":"","adv-header-id-meta":"","stick-header-meta":"","header-above-stick-meta":"","header-main-stick-meta":"","header-below-stick-meta":"","astra-migrate-meta-layouts":"default","ast-page-background-enabled":"default","ast-page-background-meta":{"desktop":{"background-color":"var(--ast-global-color-5)","background-image":"","background-repeat":"repeat","background-position":"center center","background-size":"auto","background-attachment":"scroll","background-type":"","background-media":"","overlay-type":"","overlay-color":"","overlay-opacity":"","overlay-gradient":""},"tablet":{"background-color":"","background-image":"","background-repeat":"repeat","background-position":"center center","background-size":"auto","background-attachment":"scroll","background-type":"","background-media":"","overlay-type":"","overlay-color":"","overlay-opacity":"","overlay-gradient":""},"mobile":{"background-color":"","background-image":"","background-repeat":"repeat","background-position":"center center","background-size":"auto","background-attachment":"scroll","background-type":"","background-media":"","overlay-type":"","overlay-color":"","overlay-opacity":"","overlay-gradient":""}},"ast-content-background-meta":{"desktop":{"background-color":"var(--ast-global-color-4)","background-image":"","background-repeat":"repeat","background-position":"center center","background-size":"auto","background-attachment":"scroll","background-type":"","background-media":"","overlay-type":"","overlay-color":"","overlay-opacity":"","overlay-gradient":""},"tablet":{"background-color":"var(--ast-global-color-4)","background-image":"","background-repeat":"repeat","background-position":"center center","background-size":"auto","background-attachment":"scroll","background-type":"","background-media":"","overlay-type":"","overlay-color":"","overlay-opacity":"","overlay-gradient":""},"mobile":{"background-color":"var(--ast-global-color-4)","background-image":"","background-repeat":"repeat","background-position":"center center","background-size":"auto","background-attachment":"scroll","background-type":"","background-media":"","overlay-type":"","overlay-color":"","overlay-opacity":"","overlay-gradient":""}},"_jetpack_memberships_contains_paid_content":false,"footnotes":""},"categories":[7],"tags":[27,25,26],"class_list":["post-29293","post","type-post","status-publish","format-standard","has-post-thumbnail","hentry","category-noticias","tag-pacto-pela-primeira-infancia","tag-primeira-infancia","tag-tce-pb"],"yoast_head":"<!-- This site is optimized with the Yoast SEO plugin v27.5 - https:\/\/yoast.com\/product\/yoast-seo-wordpress\/ -->\n<title>TCE-PB realiza primeira reuni\u00e3o com signat\u00e1rios do Pacto Paraibano pela Primeira Inf\u00e2ncia %<\/title>\n<meta name=\"description\" content=\"TCE-PB realiza primeira reuni\u00e3o com signat\u00e1rios do Pacto Paraibano pela Primeira Inf\u00e2ncia %\" \/>\n<meta name=\"robots\" content=\"index, follow, max-snippet:-1, max-image-preview:large, max-video-preview:-1\" \/>\n<link rel=\"canonical\" href=\"https:\/\/tce.pb.gov.br\/portalprimeirainfancia\/tce-pb-realiza-primeira-reuniao-com-signatarios-do-pacto-paraibano-pela-primeira-infancia\/\" \/>\n<meta property=\"og:locale\" content=\"pt_BR\" \/>\n<meta property=\"og:type\" content=\"article\" \/>\n<meta property=\"og:title\" content=\"TCE-PB realiza primeira reuni\u00e3o com signat\u00e1rios do Pacto Paraibano pela Primeira Inf\u00e2ncia %\" \/>\n<meta property=\"og:description\" content=\"TCE-PB realiza primeira reuni\u00e3o com signat\u00e1rios do Pacto Paraibano pela Primeira Inf\u00e2ncia %\" \/>\n<meta property=\"og:url\" content=\"https:\/\/tce.pb.gov.br\/portalprimeirainfancia\/tce-pb-realiza-primeira-reuniao-com-signatarios-do-pacto-paraibano-pela-primeira-infancia\/\" \/>\n<meta property=\"og:site_name\" content=\"Pacto Paraibano pela Primeira Inf\u00e2ncia\" \/>\n<meta property=\"article:published_time\" content=\"2025-05-09T11:41:22+00:00\" \/>\n<meta property=\"article:modified_time\" content=\"2025-05-09T11:41:24+00:00\" \/>\n<meta property=\"og:image\" content=\"https:\/\/tce.pb.gov.br\/portalprimeirainfancia\/wp-content\/uploads\/2025\/05\/MG_2176-scaled.jpg\" \/>\n\t<meta property=\"og:image:width\" content=\"2560\" \/>\n\t<meta property=\"og:image:height\" content=\"1707\" \/>\n\t<meta property=\"og:image:type\" content=\"image\/jpeg\" \/>\n<meta name=\"author\" content=\"Rafael Massoni\" \/>\n<meta name=\"twitter:card\" content=\"summary_large_image\" \/>\n<meta name=\"twitter:label1\" content=\"Escrito por\" \/>\n\t<meta name=\"twitter:data1\" content=\"Rafael Massoni\" \/>\n\t<meta name=\"twitter:label2\" content=\"Est. tempo de leitura\" \/>\n\t<meta name=\"twitter:data2\" content=\"4 minutos\" \/>\n<script type=\"application\/ld+json\" class=\"yoast-schema-graph\">{\"@context\":\"https:\\\/\\\/schema.org\",\"@graph\":[{\"@type\":\"NewsArticle\",\"@id\":\"https:\\\/\\\/tce.pb.gov.br\\\/portalprimeirainfancia\\\/tce-pb-realiza-primeira-reuniao-com-signatarios-do-pacto-paraibano-pela-primeira-infancia\\\/#article\",\"isPartOf\":{\"@id\":\"https:\\\/\\\/tce.pb.gov.br\\\/portalprimeirainfancia\\\/tce-pb-realiza-primeira-reuniao-com-signatarios-do-pacto-paraibano-pela-primeira-infancia\\\/\"},\"author\":{\"name\":\"Rafael Massoni\",\"@id\":\"https:\\\/\\\/tce.pb.gov.br\\\/portalprimeirainfancia\\\/#\\\/schema\\\/person\\\/6a39eea5836dda604de1c5e5b7d62141\"},\"headline\":\"TCE-PB realiza primeira reuni\u00e3o com signat\u00e1rios do Pacto Paraibano pela Primeira Inf\u00e2ncia\",\"datePublished\":\"2025-05-09T11:41:22+00:00\",\"dateModified\":\"2025-05-09T11:41:24+00:00\",\"mainEntityOfPage\":{\"@id\":\"https:\\\/\\\/tce.pb.gov.br\\\/portalprimeirainfancia\\\/tce-pb-realiza-primeira-reuniao-com-signatarios-do-pacto-paraibano-pela-primeira-infancia\\\/\"},\"wordCount\":572,\"publisher\":{\"@id\":\"https:\\\/\\\/tce.pb.gov.br\\\/portalprimeirainfancia\\\/#organization\"},\"image\":{\"@id\":\"https:\\\/\\\/tce.pb.gov.br\\\/portalprimeirainfancia\\\/tce-pb-realiza-primeira-reuniao-com-signatarios-do-pacto-paraibano-pela-primeira-infancia\\\/#primaryimage\"},\"thumbnailUrl\":\"https:\\\/\\\/tce.pb.gov.br\\\/portalprimeirainfancia\\\/wp-content\\\/uploads\\\/2025\\\/05\\\/MG_2176-scaled.jpg\",\"keywords\":[\"pacto pela primeira infancia\",\"primeira infancia\",\"tce-pb\"],\"articleSection\":[\"Not\u00edcias\"],\"inLanguage\":\"pt-BR\"},{\"@type\":\"WebPage\",\"@id\":\"https:\\\/\\\/tce.pb.gov.br\\\/portalprimeirainfancia\\\/tce-pb-realiza-primeira-reuniao-com-signatarios-do-pacto-paraibano-pela-primeira-infancia\\\/\",\"url\":\"https:\\\/\\\/tce.pb.gov.br\\\/portalprimeirainfancia\\\/tce-pb-realiza-primeira-reuniao-com-signatarios-do-pacto-paraibano-pela-primeira-infancia\\\/\",\"name\":\"TCE-PB realiza primeira reuni\u00e3o com signat\u00e1rios do Pacto Paraibano pela Primeira Inf\u00e2ncia %\",\"isPartOf\":{\"@id\":\"https:\\\/\\\/tce.pb.gov.br\\\/portalprimeirainfancia\\\/#website\"},\"primaryImageOfPage\":{\"@id\":\"https:\\\/\\\/tce.pb.gov.br\\\/portalprimeirainfancia\\\/tce-pb-realiza-primeira-reuniao-com-signatarios-do-pacto-paraibano-pela-primeira-infancia\\\/#primaryimage\"},\"image\":{\"@id\":\"https:\\\/\\\/tce.pb.gov.br\\\/portalprimeirainfancia\\\/tce-pb-realiza-primeira-reuniao-com-signatarios-do-pacto-paraibano-pela-primeira-infancia\\\/#primaryimage\"},\"thumbnailUrl\":\"https:\\\/\\\/tce.pb.gov.br\\\/portalprimeirainfancia\\\/wp-content\\\/uploads\\\/2025\\\/05\\\/MG_2176-scaled.jpg\",\"datePublished\":\"2025-05-09T11:41:22+00:00\",\"dateModified\":\"2025-05-09T11:41:24+00:00\",\"description\":\"TCE-PB realiza primeira reuni\u00e3o com signat\u00e1rios do Pacto Paraibano pela Primeira Inf\u00e2ncia %\",\"breadcrumb\":{\"@id\":\"https:\\\/\\\/tce.pb.gov.br\\\/portalprimeirainfancia\\\/tce-pb-realiza-primeira-reuniao-com-signatarios-do-pacto-paraibano-pela-primeira-infancia\\\/#breadcrumb\"},\"inLanguage\":\"pt-BR\",\"potentialAction\":[{\"@type\":\"ReadAction\",\"target\":[\"https:\\\/\\\/tce.pb.gov.br\\\/portalprimeirainfancia\\\/tce-pb-realiza-primeira-reuniao-com-signatarios-do-pacto-paraibano-pela-primeira-infancia\\\/\"]}]},{\"@type\":\"ImageObject\",\"inLanguage\":\"pt-BR\",\"@id\":\"https:\\\/\\\/tce.pb.gov.br\\\/portalprimeirainfancia\\\/tce-pb-realiza-primeira-reuniao-com-signatarios-do-pacto-paraibano-pela-primeira-infancia\\\/#primaryimage\",\"url\":\"https:\\\/\\\/tce.pb.gov.br\\\/portalprimeirainfancia\\\/wp-content\\\/uploads\\\/2025\\\/05\\\/MG_2176-scaled.jpg\",\"contentUrl\":\"https:\\\/\\\/tce.pb.gov.br\\\/portalprimeirainfancia\\\/wp-content\\\/uploads\\\/2025\\\/05\\\/MG_2176-scaled.jpg\",\"width\":2560,\"height\":1707},{\"@type\":\"BreadcrumbList\",\"@id\":\"https:\\\/\\\/tce.pb.gov.br\\\/portalprimeirainfancia\\\/tce-pb-realiza-primeira-reuniao-com-signatarios-do-pacto-paraibano-pela-primeira-infancia\\\/#breadcrumb\",\"itemListElement\":[{\"@type\":\"ListItem\",\"position\":1,\"name\":\"In\u00edcio\",\"item\":\"https:\\\/\\\/tce.pb.gov.br\\\/portalprimeirainfancia\\\/\"},{\"@type\":\"ListItem\",\"position\":2,\"name\":\"TCE-PB realiza primeira reuni\u00e3o com signat\u00e1rios do Pacto Paraibano pela Primeira Inf\u00e2ncia\"}]},{\"@type\":\"WebSite\",\"@id\":\"https:\\\/\\\/tce.pb.gov.br\\\/portalprimeirainfancia\\\/#website\",\"url\":\"https:\\\/\\\/tce.pb.gov.br\\\/portalprimeirainfancia\\\/\",\"name\":\"Pacto Paraibano pela Primeira Inf\u00e2ncia\",\"description\":\"Portal para divulga\u00e7\u00e3o do Pacto Paraibano pela Primeira Inf\u00e2ncia\",\"publisher\":{\"@id\":\"https:\\\/\\\/tce.pb.gov.br\\\/portalprimeirainfancia\\\/#organization\"},\"potentialAction\":[{\"@type\":\"SearchAction\",\"target\":{\"@type\":\"EntryPoint\",\"urlTemplate\":\"https:\\\/\\\/tce.pb.gov.br\\\/portalprimeirainfancia\\\/?s={search_term_string}\"},\"query-input\":{\"@type\":\"PropertyValueSpecification\",\"valueRequired\":true,\"valueName\":\"search_term_string\"}}],\"inLanguage\":\"pt-BR\"},{\"@type\":\"Organization\",\"@id\":\"https:\\\/\\\/tce.pb.gov.br\\\/portalprimeirainfancia\\\/#organization\",\"name\":\"Pacto Paraibano pela Primeira Inf\u00e2ncia\",\"alternateName\":\"TCE-PB\",\"url\":\"https:\\\/\\\/tce.pb.gov.br\\\/portalprimeirainfancia\\\/\",\"logo\":{\"@type\":\"ImageObject\",\"inLanguage\":\"pt-BR\",\"@id\":\"https:\\\/\\\/tce.pb.gov.br\\\/portalprimeirainfancia\\\/#\\\/schema\\\/logo\\\/image\\\/\",\"url\":\"https:\\\/\\\/tce.pb.gov.br\\\/portalprimeirainfancia\\\/wp-content\\\/uploads\\\/2025\\\/05\\\/Pacto-Whatsapp.png\",\"contentUrl\":\"https:\\\/\\\/tce.pb.gov.br\\\/portalprimeirainfancia\\\/wp-content\\\/uploads\\\/2025\\\/05\\\/Pacto-Whatsapp.png\",\"width\":427,\"height\":427,\"caption\":\"Pacto Paraibano pela Primeira Inf\u00e2ncia\"},\"image\":{\"@id\":\"https:\\\/\\\/tce.pb.gov.br\\\/portalprimeirainfancia\\\/#\\\/schema\\\/logo\\\/image\\\/\"},\"sameAs\":[\"https:\\\/\\\/www.instagram.com\\\/tcepb\\\/\"]},{\"@type\":\"Person\",\"@id\":\"https:\\\/\\\/tce.pb.gov.br\\\/portalprimeirainfancia\\\/#\\\/schema\\\/person\\\/6a39eea5836dda604de1c5e5b7d62141\",\"name\":\"Rafael Massoni\"}]}<\/script>\n<!-- \/ Yoast SEO plugin. -->","yoast_head_json":{"title":"TCE-PB realiza primeira reuni\u00e3o com signat\u00e1rios do Pacto Paraibano pela Primeira Inf\u00e2ncia %","description":"TCE-PB realiza primeira reuni\u00e3o com signat\u00e1rios do Pacto Paraibano pela Primeira Inf\u00e2ncia %","robots":{"index":"index","follow":"follow","max-snippet":"max-snippet:-1","max-image-preview":"max-image-preview:large","max-video-preview":"max-video-preview:-1"},"canonical":"https:\/\/tce.pb.gov.br\/portalprimeirainfancia\/tce-pb-realiza-primeira-reuniao-com-signatarios-do-pacto-paraibano-pela-primeira-infancia\/","og_locale":"pt_BR","og_type":"article","og_title":"TCE-PB realiza primeira reuni\u00e3o com signat\u00e1rios do Pacto Paraibano pela Primeira Inf\u00e2ncia %","og_description":"TCE-PB realiza primeira reuni\u00e3o com signat\u00e1rios do Pacto Paraibano pela Primeira Inf\u00e2ncia %","og_url":"https:\/\/tce.pb.gov.br\/portalprimeirainfancia\/tce-pb-realiza-primeira-reuniao-com-signatarios-do-pacto-paraibano-pela-primeira-infancia\/","og_site_name":"Pacto Paraibano pela Primeira Inf\u00e2ncia","article_published_time":"2025-05-09T11:41:22+00:00","article_modified_time":"2025-05-09T11:41:24+00:00","og_image":[{"width":2560,"height":1707,"url":"https:\/\/tce.pb.gov.br\/portalprimeirainfancia\/wp-content\/uploads\/2025\/05\/MG_2176-scaled.jpg","type":"image\/jpeg"}],"author":"Rafael Massoni","twitter_card":"summary_large_image","twitter_misc":{"Escrito por":"Rafael Massoni","Est. tempo de leitura":"4 minutos"},"schema":{"@context":"https:\/\/schema.org","@graph":[{"@type":"NewsArticle","@id":"https:\/\/tce.pb.gov.br\/portalprimeirainfancia\/tce-pb-realiza-primeira-reuniao-com-signatarios-do-pacto-paraibano-pela-primeira-infancia\/#article","isPartOf":{"@id":"https:\/\/tce.pb.gov.br\/portalprimeirainfancia\/tce-pb-realiza-primeira-reuniao-com-signatarios-do-pacto-paraibano-pela-primeira-infancia\/"},"author":{"name":"Rafael Massoni","@id":"https:\/\/tce.pb.gov.br\/portalprimeirainfancia\/#\/schema\/person\/6a39eea5836dda604de1c5e5b7d62141"},"headline":"TCE-PB realiza primeira reuni\u00e3o com signat\u00e1rios do Pacto Paraibano pela Primeira Inf\u00e2ncia","datePublished":"2025-05-09T11:41:22+00:00","dateModified":"2025-05-09T11:41:24+00:00","mainEntityOfPage":{"@id":"https:\/\/tce.pb.gov.br\/portalprimeirainfancia\/tce-pb-realiza-primeira-reuniao-com-signatarios-do-pacto-paraibano-pela-primeira-infancia\/"},"wordCount":572,"publisher":{"@id":"https:\/\/tce.pb.gov.br\/portalprimeirainfancia\/#organization"},"image":{"@id":"https:\/\/tce.pb.gov.br\/portalprimeirainfancia\/tce-pb-realiza-primeira-reuniao-com-signatarios-do-pacto-paraibano-pela-primeira-infancia\/#primaryimage"},"thumbnailUrl":"https:\/\/tce.pb.gov.br\/portalprimeirainfancia\/wp-content\/uploads\/2025\/05\/MG_2176-scaled.jpg","keywords":["pacto pela primeira infancia","primeira infancia","tce-pb"],"articleSection":["Not\u00edcias"],"inLanguage":"pt-BR"},{"@type":"WebPage","@id":"https:\/\/tce.pb.gov.br\/portalprimeirainfancia\/tce-pb-realiza-primeira-reuniao-com-signatarios-do-pacto-paraibano-pela-primeira-infancia\/","url":"https:\/\/tce.pb.gov.br\/portalprimeirainfancia\/tce-pb-realiza-primeira-reuniao-com-signatarios-do-pacto-paraibano-pela-primeira-infancia\/","name":"TCE-PB realiza primeira reuni\u00e3o com signat\u00e1rios do Pacto Paraibano pela Primeira Inf\u00e2ncia %","isPartOf":{"@id":"https:\/\/tce.pb.gov.br\/portalprimeirainfancia\/#website"},"primaryImageOfPage":{"@id":"https:\/\/tce.pb.gov.br\/portalprimeirainfancia\/tce-pb-realiza-primeira-reuniao-com-signatarios-do-pacto-paraibano-pela-primeira-infancia\/#primaryimage"},"image":{"@id":"https:\/\/tce.pb.gov.br\/portalprimeirainfancia\/tce-pb-realiza-primeira-reuniao-com-signatarios-do-pacto-paraibano-pela-primeira-infancia\/#primaryimage"},"thumbnailUrl":"https:\/\/tce.pb.gov.br\/portalprimeirainfancia\/wp-content\/uploads\/2025\/05\/MG_2176-scaled.jpg","datePublished":"2025-05-09T11:41:22+00:00","dateModified":"2025-05-09T11:41:24+00:00","description":"TCE-PB realiza primeira reuni\u00e3o com signat\u00e1rios do Pacto Paraibano pela Primeira Inf\u00e2ncia %","breadcrumb":{"@id":"https:\/\/tce.pb.gov.br\/portalprimeirainfancia\/tce-pb-realiza-primeira-reuniao-com-signatarios-do-pacto-paraibano-pela-primeira-infancia\/#breadcrumb"},"inLanguage":"pt-BR","potentialAction":[{"@type":"ReadAction","target":["https:\/\/tce.pb.gov.br\/portalprimeirainfancia\/tce-pb-realiza-primeira-reuniao-com-signatarios-do-pacto-paraibano-pela-primeira-infancia\/"]}]},{"@type":"ImageObject","inLanguage":"pt-BR","@id":"https:\/\/tce.pb.gov.br\/portalprimeirainfancia\/tce-pb-realiza-primeira-reuniao-com-signatarios-do-pacto-paraibano-pela-primeira-infancia\/#primaryimage","url":"https:\/\/tce.pb.gov.br\/portalprimeirainfancia\/wp-content\/uploads\/2025\/05\/MG_2176-scaled.jpg","contentUrl":"https:\/\/tce.pb.gov.br\/portalprimeirainfancia\/wp-content\/uploads\/2025\/05\/MG_2176-scaled.jpg","width":2560,"height":1707},{"@type":"BreadcrumbList","@id":"https:\/\/tce.pb.gov.br\/portalprimeirainfancia\/tce-pb-realiza-primeira-reuniao-com-signatarios-do-pacto-paraibano-pela-primeira-infancia\/#breadcrumb","itemListElement":[{"@type":"ListItem","position":1,"name":"In\u00edcio","item":"https:\/\/tce.pb.gov.br\/portalprimeirainfancia\/"},{"@type":"ListItem","position":2,"name":"TCE-PB realiza primeira reuni\u00e3o com signat\u00e1rios do Pacto Paraibano pela Primeira Inf\u00e2ncia"}]},{"@type":"WebSite","@id":"https:\/\/tce.pb.gov.br\/portalprimeirainfancia\/#website","url":"https:\/\/tce.pb.gov.br\/portalprimeirainfancia\/","name":"Pacto Paraibano pela Primeira Inf\u00e2ncia","description":"Portal para divulga\u00e7\u00e3o do Pacto Paraibano pela Primeira Inf\u00e2ncia","publisher":{"@id":"https:\/\/tce.pb.gov.br\/portalprimeirainfancia\/#organization"},"potentialAction":[{"@type":"SearchAction","target":{"@type":"EntryPoint","urlTemplate":"https:\/\/tce.pb.gov.br\/portalprimeirainfancia\/?s={search_term_string}"},"query-input":{"@type":"PropertyValueSpecification","valueRequired":true,"valueName":"search_term_string"}}],"inLanguage":"pt-BR"},{"@type":"Organization","@id":"https:\/\/tce.pb.gov.br\/portalprimeirainfancia\/#organization","name":"Pacto Paraibano pela Primeira Inf\u00e2ncia","alternateName":"TCE-PB","url":"https:\/\/tce.pb.gov.br\/portalprimeirainfancia\/","logo":{"@type":"ImageObject","inLanguage":"pt-BR","@id":"https:\/\/tce.pb.gov.br\/portalprimeirainfancia\/#\/schema\/logo\/image\/","url":"https:\/\/tce.pb.gov.br\/portalprimeirainfancia\/wp-content\/uploads\/2025\/05\/Pacto-Whatsapp.png","contentUrl":"https:\/\/tce.pb.gov.br\/portalprimeirainfancia\/wp-content\/uploads\/2025\/05\/Pacto-Whatsapp.png","width":427,"height":427,"caption":"Pacto Paraibano pela Primeira Inf\u00e2ncia"},"image":{"@id":"https:\/\/tce.pb.gov.br\/portalprimeirainfancia\/#\/schema\/logo\/image\/"},"sameAs":["https:\/\/www.instagram.com\/tcepb\/"]},{"@type":"Person","@id":"https:\/\/tce.pb.gov.br\/portalprimeirainfancia\/#\/schema\/person\/6a39eea5836dda604de1c5e5b7d62141","name":"Rafael Massoni"}]}},"jetpack_featured_media_url":"https:\/\/tce.pb.gov.br\/portalprimeirainfancia\/wp-content\/uploads\/2025\/05\/MG_2176-scaled.jpg","jetpack_sharing_enabled":true,"_links":{"self":[{"href":"https:\/\/tce.pb.gov.br\/portalprimeirainfancia\/wp-json\/wp\/v2\/posts\/29293","targetHints":{"allow":["GET"]}}],"collection":[{"href":"https:\/\/tce.pb.gov.br\/portalprimeirainfancia\/wp-json\/wp\/v2\/posts"}],"about":[{"href":"https:\/\/tce.pb.gov.br\/portalprimeirainfancia\/wp-json\/wp\/v2\/types\/post"}],"author":[{"embeddable":true,"href":"https:\/\/tce.pb.gov.br\/portalprimeirainfancia\/wp-json\/wp\/v2\/users\/6"}],"replies":[{"embeddable":true,"href":"https:\/\/tce.pb.gov.br\/portalprimeirainfancia\/wp-json\/wp\/v2\/comments?post=29293"}],"version-history":[{"count":1,"href":"https:\/\/tce.pb.gov.br\/portalprimeirainfancia\/wp-json\/wp\/v2\/posts\/29293\/revisions"}],"predecessor-version":[{"id":29299,"href":"https:\/\/tce.pb.gov.br\/portalprimeirainfancia\/wp-json\/wp\/v2\/posts\/29293\/revisions\/29299"}],"wp:featuredmedia":[{"embeddable":true,"href":"https:\/\/tce.pb.gov.br\/portalprimeirainfancia\/wp-json\/wp\/v2\/media\/29294"}],"wp:attachment":[{"href":"https:\/\/tce.pb.gov.br\/portalprimeirainfancia\/wp-json\/wp\/v2\/media?parent=29293"}],"wp:term":[{"taxonomy":"category","embeddable":true,"href":"https:\/\/tce.pb.gov.br\/portalprimeirainfancia\/wp-json\/wp\/v2\/categories?post=29293"},{"taxonomy":"post_tag","embeddable":true,"href":"https:\/\/tce.pb.gov.br\/portalprimeirainfancia\/wp-json\/wp\/v2\/tags?post=29293"}],"curies":[{"name":"wp","href":"https:\/\/api.w.org\/{rel}","templated":true}]}}