{"id":29290,"date":"2025-05-07T12:36:21","date_gmt":"2025-05-07T15:36:21","guid":{"rendered":"https:\/\/tce.pb.gov.br\/portalprimeirainfancia\/?p=29290"},"modified":"2025-05-12T09:19:04","modified_gmt":"2025-05-12T12:19:04","slug":"tce-pb-inicia-serie-de-treinamentos-sobre-ppa-e-loa-com-foco-na-primeira-infancia-em-cidades-polo-da-paraiba","status":"publish","type":"post","link":"https:\/\/tce.pb.gov.br\/portalprimeirainfancia\/tce-pb-inicia-serie-de-treinamentos-sobre-ppa-e-loa-com-foco-na-primeira-infancia-em-cidades-polo-da-paraiba\/","title":{"rendered":"TCE-PB inicia s\u00e9rie de treinamentos sobre PPA e LOA com foco na Primeira Inf\u00e2ncia em cidades-polo da Para\u00edba"},"content":{"rendered":"\n<figure class=\"wp-block-image aligncenter size-large\"><img fetchpriority=\"high\" decoding=\"async\" width=\"1024\" height=\"683\" src=\"https:\/\/tce.pb.gov.br\/portalprimeirainfancia\/wp-content\/uploads\/2025\/05\/image-1024x683.png\" alt=\"\" class=\"wp-image-29291\" srcset=\"https:\/\/tce.pb.gov.br\/portalprimeirainfancia\/wp-content\/uploads\/2025\/05\/image-1024x683.png 1024w, https:\/\/tce.pb.gov.br\/portalprimeirainfancia\/wp-content\/uploads\/2025\/05\/image-300x200.png 300w, https:\/\/tce.pb.gov.br\/portalprimeirainfancia\/wp-content\/uploads\/2025\/05\/image-768x512.png 768w, https:\/\/tce.pb.gov.br\/portalprimeirainfancia\/wp-content\/uploads\/2025\/05\/image-1536x1025.png 1536w, https:\/\/tce.pb.gov.br\/portalprimeirainfancia\/wp-content\/uploads\/2025\/05\/image.png 1920w\" sizes=\"(max-width: 1024px) 100vw, 1024px\" \/><\/figure>\n\n\n\n<p>O Tribunal de Contas do Estado da Para\u00edba (TCE-PB), por meio da Comiss\u00e3o da Primeira Inf\u00e2ncia, dar\u00e1 in\u00edcio, a partir do dia 13 de maio, a uma s\u00e9rie de treinamentos sobre Plano Plurianual (PPA) e Lei Or\u00e7ament\u00e1ria Anual (LOA) com foco na Primeira Inf\u00e2ncia. A iniciativa contemplar\u00e1 cinco munic\u00edpios-polo do estado, com atividades presenciais voltadas para gestores p\u00fablicos, prefeitos, secret\u00e1rios e t\u00e9cnicos municipais envolvidos com o planejamento, finan\u00e7as e \u00e1reas estrat\u00e9gicas para o desenvolvimento infantil.<\/p>\n\n\n\n<p>O treinamento ser\u00e1 ministrado pelo auditor de controle externo Luzemar Martins e ter\u00e1 in\u00edcio na cidade de Patos, nos dias 13 e 14 de maio. Na sequ\u00eancia, o curso passar\u00e1 por Cajazeiras (15 e 16\/05), Monteiro (26 e 27\/05), Campina Grande (28 e 29\/05) e ser\u00e1 encerrado em Jo\u00e3o Pessoa, nos dias 02 e 03 de junho, no Centro Cultural Ariano Suassuna, sede do TCE-PB.<\/p>\n\n\n\n<p>Al\u00e9m do conte\u00fado t\u00e9cnico, cada evento contar\u00e1 com um momento reservado \u2014 duas horas \u2014 para que a equipe de auditores respons\u00e1vel pela elabora\u00e7\u00e3o da Matriz de Planejamento da Auditoria Operacional sobre a Primeira Inf\u00e2ncia possa apresentar e a matriz junto aos participantes. O curso totaliza 12 horas-aula, com dura\u00e7\u00e3o de 50 minutos cada e intervalos regulares.<\/p>\n\n\n\n<p>Para o presidente do TCE-PB e idealizador do Pacto Paraibano pela Primeira Inf\u00e2ncia, conselheiro F\u00e1bio Nogueira, a iniciativa refor\u00e7a o compromisso da Corte de Contas com o futuro das novas gera\u00e7\u00f5es. \u201c\u00c9 no planejamento e na aloca\u00e7\u00e3o eficiente dos recursos p\u00fablicos que se define o presente e o futuro das nossas crian\u00e7as. Ao levarmos esse debate e esse conhecimento para o interior do estado, reafirmamos nossa responsabilidade com o controle preventivo, a qualifica\u00e7\u00e3o da gest\u00e3o e a promo\u00e7\u00e3o de direitos fundamentais desde os primeiros anos de vida\u201d, destacou. O Pacto Paraibano pela Primeira Inf\u00e2ncia foi lan\u00e7ado no dia 28 de abril, no Teatro Pedra do Reino, em Jo\u00e3o Pessoa,<\/p>\n\n\n\n<p>O presidente da Comiss\u00e3o da Primeira Inf\u00e2ncia do TCE-PB, conselheiro Andr\u00e9 Carlo Torres Pontes, refor\u00e7a a import\u00e2ncia da participa\u00e7\u00e3o ativa dos gestores municipais, sobretudo no momento da valida\u00e7\u00e3o da matriz da auditoria, destacando que este ser\u00e1 um instrumento essencial para orientar pol\u00edticas p\u00fablicas mais eficazes voltadas \u00e0s crian\u00e7as de 0 a 6 anos.<\/p>\n\n\n\n<p><strong>Etapa PATOS\u00a0\u2013\u00a0PB<\/strong> <strong>(Dias 13 e 14\/05<\/strong>)\u00a0&#8211; <strong>Munic\u00edpios convidados: <\/strong>Patos, S\u00e3o Jos\u00e9 de Espinharas, S\u00e3o Mamede, Quixaba, S\u00e3o Jos\u00e9 do Bonfim, Cacimba de Areia, Malta, Santa Terezinha, Areia de Bara\u00fanas, Cacimbas, Catingueira, Condado, Desterro, Emas, Junco do Serid\u00f3, M\u00e3e D\u2019\u00e1gua, Matureia, Passagem, Salgadinho, Santa Luzia, S\u00e3o Jos\u00e9 do Sabugi, Teixeira, V\u00e1rzea e Vista Serrana.\u00a0<strong>LOCAL<\/strong>: UEPB Patos\/PB Endere\u00e7o: Rua Alfredo Lustosa Cabral, S\/N \u2013 Salgadinho \u2013 Patos\/PB<\/p>\n\n\n\n<p><strong>Etapa: CAJAZEIRAS \u2013 PB (Dias 15 e 16\/05)<\/strong>&nbsp;\u2013&nbsp;<strong>Munic\u00edpios convidados<\/strong>: Cajazeiras, S\u00e3o Jo\u00e3o do Rio do Peixe, Nazarezinho, S\u00e3o Jos\u00e9 de Piranhas, Cachoeira dos \u00cdndios, Bom Jesus, Santa Helena, Bonito de Santa F\u00e9, Carrapateira, Monte Horebe, Po\u00e7o de Jos\u00e9 de Moura, Serra Grande, Joca Claudino Uira\u00fana e Triunfo.<strong>&nbsp;LOCAL<\/strong>: Audit\u00f3rio IFPB. Endere\u00e7o: Rua Jos\u00e9 Ant\u00f4nio da Silva, 300 \u2013 Loteamento Jardim Oasis, Cajazeiras \u2013 PB&nbsp;<\/p>\n\n\n\n<p><strong>Link das inscri\u00e7\u00f5es:<\/strong>&nbsp;<a href=\"http:\/\/tiny.cc\/ppaeloa\" target=\"_blank\" rel=\"noreferrer noopener\">http:\/\/tiny.cc\/ppaeloa<\/a><\/p>\n\n\n\n<p><strong>O cronograma completo dos encontros<\/strong><\/p>\n\n\n\n<p><strong>Dia 13\/05 \u2013<\/strong>&nbsp;Patos 8h\/12h \u2013 14h\/18h<br><strong>Dia 14\/05<\/strong>&nbsp;\u2013 Patos, 08h\/12<br><br><strong>Dia 15\/05<\/strong>&nbsp;\u2013 Cajazeiras 8h\/12 e 14h\/18h<br><strong>Dia 16\/05<\/strong>&nbsp;\u2013 Cajazeiras, 8h\/12h<br><br><strong>Dia 26\/05<\/strong>&nbsp;\u2013 Monteiro, 14h\/18h<br><strong>Dia 27\/05<\/strong>&nbsp;\u2013 Monteiro, 8h\/12h e 14h\/18h<br><br><strong>Dia 28\/05<\/strong>&nbsp;\u2013 Campina Grande, 8h\/12h \u2013 14\/18h<br><strong>Dia 29\/05<\/strong>&nbsp;\u2013 Campina Grande, 8h\/12h<br><br><strong>Dia 02\/06<\/strong>&nbsp;\u2013 Jo\u00e3o Pessoa, in\u00edcio 14h<br><strong>Dia 03\/06<\/strong>&nbsp;\u2013 Jo\u00e3o Pessoa, 08\/12h e 14h\/18h<\/p>\n","protected":false},"excerpt":{"rendered":"<p>O Tribunal de Contas do Estado da Para\u00edba (TCE-PB), por meio da Comiss\u00e3o da Primeira Inf\u00e2ncia, dar\u00e1 in\u00edcio, a partir [&hellip;]<\/p>\n","protected":false},"author":6,"featured_media":29291,"comment_status":"closed","ping_status":"closed","sticky":false,"template":"","format":"standard","meta":{"site-sidebar-layout":"default","site-content-layout":"","ast-site-content-layout":"","site-content-style":"default","site-sidebar-style":"default","ast-global-header-display":"","ast-banner-title-visibility":"","ast-main-header-display":"","ast-hfb-above-header-display":"","ast-hfb-below-header-display":"","ast-hfb-mobile-header-display":"","site-post-title":"","ast-breadcrumbs-content":"","ast-featured-img":"","footer-sml-layout":"","theme-transparent-header-meta":"","adv-header-id-meta":"","stick-header-meta":"","header-above-stick-meta":"","header-main-stick-meta":"","header-below-stick-meta":"","astra-migrate-meta-layouts":"default","ast-page-background-enabled":"default","ast-page-background-meta":{"desktop":{"background-color":"var(--ast-global-color-5)","background-image":"","background-repeat":"repeat","background-position":"center center","background-size":"auto","background-attachment":"scroll","background-type":"","background-media":"","overlay-type":"","overlay-color":"","overlay-opacity":"","overlay-gradient":""},"tablet":{"background-color":"","background-image":"","background-repeat":"repeat","background-position":"center center","background-size":"auto","background-attachment":"scroll","background-type":"","background-media":"","overlay-type":"","overlay-color":"","overlay-opacity":"","overlay-gradient":""},"mobile":{"background-color":"","background-image":"","background-repeat":"repeat","background-position":"center center","background-size":"auto","background-attachment":"scroll","background-type":"","background-media":"","overlay-type":"","overlay-color":"","overlay-opacity":"","overlay-gradient":""}},"ast-content-background-meta":{"desktop":{"background-color":"var(--ast-global-color-4)","background-image":"","background-repeat":"repeat","background-position":"center center","background-size":"auto","background-attachment":"scroll","background-type":"","background-media":"","overlay-type":"","overlay-color":"","overlay-opacity":"","overlay-gradient":""},"tablet":{"background-color":"var(--ast-global-color-4)","background-image":"","background-repeat":"repeat","background-position":"center center","background-size":"auto","background-attachment":"scroll","background-type":"","background-media":"","overlay-type":"","overlay-color":"","overlay-opacity":"","overlay-gradient":""},"mobile":{"background-color":"var(--ast-global-color-4)","background-image":"","background-repeat":"repeat","background-position":"center center","background-size":"auto","background-attachment":"scroll","background-type":"","background-media":"","overlay-type":"","overlay-color":"","overlay-opacity":"","overlay-gradient":""}},"_jetpack_memberships_contains_paid_content":false,"footnotes":""},"categories":[7],"tags":[],"class_list":["post-29290","post","type-post","status-publish","format-standard","has-post-thumbnail","hentry","category-noticias"],"yoast_head":"<!-- This site is optimized with the Yoast SEO plugin v27.5 - https:\/\/yoast.com\/product\/yoast-seo-wordpress\/ -->\n<title>TCE-PB inicia s\u00e9rie de treinamentos sobre PPA e LOA com foco na Primeira Inf\u00e2ncia em cidades-polo da Para\u00edba %<\/title>\n<meta name=\"description\" content=\"TCE-PB inicia s\u00e9rie de treinamentos sobre PPA e LOA com foco na Primeira Inf\u00e2ncia em cidades-polo da Para\u00edba %\" \/>\n<meta name=\"robots\" content=\"index, follow, max-snippet:-1, max-image-preview:large, max-video-preview:-1\" \/>\n<link rel=\"canonical\" href=\"https:\/\/tce.pb.gov.br\/portalprimeirainfancia\/tce-pb-inicia-serie-de-treinamentos-sobre-ppa-e-loa-com-foco-na-primeira-infancia-em-cidades-polo-da-paraiba\/\" \/>\n<meta property=\"og:locale\" content=\"pt_BR\" \/>\n<meta property=\"og:type\" content=\"article\" \/>\n<meta property=\"og:title\" content=\"TCE-PB inicia s\u00e9rie de treinamentos sobre PPA e LOA com foco na Primeira Inf\u00e2ncia em cidades-polo da Para\u00edba %\" \/>\n<meta property=\"og:description\" content=\"TCE-PB inicia s\u00e9rie de treinamentos sobre PPA e LOA com foco na Primeira Inf\u00e2ncia em cidades-polo da Para\u00edba %\" \/>\n<meta property=\"og:url\" content=\"https:\/\/tce.pb.gov.br\/portalprimeirainfancia\/tce-pb-inicia-serie-de-treinamentos-sobre-ppa-e-loa-com-foco-na-primeira-infancia-em-cidades-polo-da-paraiba\/\" \/>\n<meta property=\"og:site_name\" content=\"Pacto Paraibano pela Primeira Inf\u00e2ncia\" \/>\n<meta property=\"article:published_time\" content=\"2025-05-07T15:36:21+00:00\" \/>\n<meta property=\"article:modified_time\" content=\"2025-05-12T12:19:04+00:00\" \/>\n<meta property=\"og:image\" content=\"https:\/\/tce.pb.gov.br\/portalprimeirainfancia\/wp-content\/uploads\/2025\/05\/image.png\" \/>\n\t<meta property=\"og:image:width\" content=\"1920\" \/>\n\t<meta property=\"og:image:height\" content=\"1281\" \/>\n\t<meta property=\"og:image:type\" content=\"image\/png\" \/>\n<meta name=\"author\" content=\"Rafael Massoni\" \/>\n<meta name=\"twitter:card\" content=\"summary_large_image\" \/>\n<meta name=\"twitter:label1\" content=\"Escrito por\" \/>\n\t<meta name=\"twitter:data1\" content=\"Rafael Massoni\" \/>\n\t<meta name=\"twitter:label2\" content=\"Est. tempo de leitura\" \/>\n\t<meta name=\"twitter:data2\" content=\"4 minutos\" \/>\n<script type=\"application\/ld+json\" class=\"yoast-schema-graph\">{\"@context\":\"https:\\\/\\\/schema.org\",\"@graph\":[{\"@type\":\"NewsArticle\",\"@id\":\"https:\\\/\\\/tce.pb.gov.br\\\/portalprimeirainfancia\\\/tce-pb-inicia-serie-de-treinamentos-sobre-ppa-e-loa-com-foco-na-primeira-infancia-em-cidades-polo-da-paraiba\\\/#article\",\"isPartOf\":{\"@id\":\"https:\\\/\\\/tce.pb.gov.br\\\/portalprimeirainfancia\\\/tce-pb-inicia-serie-de-treinamentos-sobre-ppa-e-loa-com-foco-na-primeira-infancia-em-cidades-polo-da-paraiba\\\/\"},\"author\":{\"name\":\"Rafael Massoni\",\"@id\":\"https:\\\/\\\/tce.pb.gov.br\\\/portalprimeirainfancia\\\/#\\\/schema\\\/person\\\/6a39eea5836dda604de1c5e5b7d62141\"},\"headline\":\"TCE-PB inicia s\u00e9rie de treinamentos sobre PPA e LOA com foco na Primeira Inf\u00e2ncia em cidades-polo da Para\u00edba\",\"datePublished\":\"2025-05-07T15:36:21+00:00\",\"dateModified\":\"2025-05-12T12:19:04+00:00\",\"mainEntityOfPage\":{\"@id\":\"https:\\\/\\\/tce.pb.gov.br\\\/portalprimeirainfancia\\\/tce-pb-inicia-serie-de-treinamentos-sobre-ppa-e-loa-com-foco-na-primeira-infancia-em-cidades-polo-da-paraiba\\\/\"},\"wordCount\":636,\"publisher\":{\"@id\":\"https:\\\/\\\/tce.pb.gov.br\\\/portalprimeirainfancia\\\/#organization\"},\"image\":{\"@id\":\"https:\\\/\\\/tce.pb.gov.br\\\/portalprimeirainfancia\\\/tce-pb-inicia-serie-de-treinamentos-sobre-ppa-e-loa-com-foco-na-primeira-infancia-em-cidades-polo-da-paraiba\\\/#primaryimage\"},\"thumbnailUrl\":\"https:\\\/\\\/tce.pb.gov.br\\\/portalprimeirainfancia\\\/wp-content\\\/uploads\\\/2025\\\/05\\\/image.png\",\"articleSection\":[\"Not\u00edcias\"],\"inLanguage\":\"pt-BR\"},{\"@type\":\"WebPage\",\"@id\":\"https:\\\/\\\/tce.pb.gov.br\\\/portalprimeirainfancia\\\/tce-pb-inicia-serie-de-treinamentos-sobre-ppa-e-loa-com-foco-na-primeira-infancia-em-cidades-polo-da-paraiba\\\/\",\"url\":\"https:\\\/\\\/tce.pb.gov.br\\\/portalprimeirainfancia\\\/tce-pb-inicia-serie-de-treinamentos-sobre-ppa-e-loa-com-foco-na-primeira-infancia-em-cidades-polo-da-paraiba\\\/\",\"name\":\"TCE-PB inicia s\u00e9rie de treinamentos sobre PPA e LOA com foco na Primeira Inf\u00e2ncia em cidades-polo da Para\u00edba %\",\"isPartOf\":{\"@id\":\"https:\\\/\\\/tce.pb.gov.br\\\/portalprimeirainfancia\\\/#website\"},\"primaryImageOfPage\":{\"@id\":\"https:\\\/\\\/tce.pb.gov.br\\\/portalprimeirainfancia\\\/tce-pb-inicia-serie-de-treinamentos-sobre-ppa-e-loa-com-foco-na-primeira-infancia-em-cidades-polo-da-paraiba\\\/#primaryimage\"},\"image\":{\"@id\":\"https:\\\/\\\/tce.pb.gov.br\\\/portalprimeirainfancia\\\/tce-pb-inicia-serie-de-treinamentos-sobre-ppa-e-loa-com-foco-na-primeira-infancia-em-cidades-polo-da-paraiba\\\/#primaryimage\"},\"thumbnailUrl\":\"https:\\\/\\\/tce.pb.gov.br\\\/portalprimeirainfancia\\\/wp-content\\\/uploads\\\/2025\\\/05\\\/image.png\",\"datePublished\":\"2025-05-07T15:36:21+00:00\",\"dateModified\":\"2025-05-12T12:19:04+00:00\",\"description\":\"TCE-PB inicia s\u00e9rie de treinamentos sobre PPA e LOA com foco na Primeira Inf\u00e2ncia em cidades-polo da Para\u00edba %\",\"breadcrumb\":{\"@id\":\"https:\\\/\\\/tce.pb.gov.br\\\/portalprimeirainfancia\\\/tce-pb-inicia-serie-de-treinamentos-sobre-ppa-e-loa-com-foco-na-primeira-infancia-em-cidades-polo-da-paraiba\\\/#breadcrumb\"},\"inLanguage\":\"pt-BR\",\"potentialAction\":[{\"@type\":\"ReadAction\",\"target\":[\"https:\\\/\\\/tce.pb.gov.br\\\/portalprimeirainfancia\\\/tce-pb-inicia-serie-de-treinamentos-sobre-ppa-e-loa-com-foco-na-primeira-infancia-em-cidades-polo-da-paraiba\\\/\"]}]},{\"@type\":\"ImageObject\",\"inLanguage\":\"pt-BR\",\"@id\":\"https:\\\/\\\/tce.pb.gov.br\\\/portalprimeirainfancia\\\/tce-pb-inicia-serie-de-treinamentos-sobre-ppa-e-loa-com-foco-na-primeira-infancia-em-cidades-polo-da-paraiba\\\/#primaryimage\",\"url\":\"https:\\\/\\\/tce.pb.gov.br\\\/portalprimeirainfancia\\\/wp-content\\\/uploads\\\/2025\\\/05\\\/image.png\",\"contentUrl\":\"https:\\\/\\\/tce.pb.gov.br\\\/portalprimeirainfancia\\\/wp-content\\\/uploads\\\/2025\\\/05\\\/image.png\",\"width\":1920,\"height\":1281},{\"@type\":\"BreadcrumbList\",\"@id\":\"https:\\\/\\\/tce.pb.gov.br\\\/portalprimeirainfancia\\\/tce-pb-inicia-serie-de-treinamentos-sobre-ppa-e-loa-com-foco-na-primeira-infancia-em-cidades-polo-da-paraiba\\\/#breadcrumb\",\"itemListElement\":[{\"@type\":\"ListItem\",\"position\":1,\"name\":\"In\u00edcio\",\"item\":\"https:\\\/\\\/tce.pb.gov.br\\\/portalprimeirainfancia\\\/\"},{\"@type\":\"ListItem\",\"position\":2,\"name\":\"TCE-PB inicia s\u00e9rie de treinamentos sobre PPA e LOA com foco na Primeira Inf\u00e2ncia em cidades-polo da Para\u00edba\"}]},{\"@type\":\"WebSite\",\"@id\":\"https:\\\/\\\/tce.pb.gov.br\\\/portalprimeirainfancia\\\/#website\",\"url\":\"https:\\\/\\\/tce.pb.gov.br\\\/portalprimeirainfancia\\\/\",\"name\":\"Pacto Paraibano pela Primeira Inf\u00e2ncia\",\"description\":\"Portal para divulga\u00e7\u00e3o do Pacto Paraibano pela Primeira Inf\u00e2ncia\",\"publisher\":{\"@id\":\"https:\\\/\\\/tce.pb.gov.br\\\/portalprimeirainfancia\\\/#organization\"},\"potentialAction\":[{\"@type\":\"SearchAction\",\"target\":{\"@type\":\"EntryPoint\",\"urlTemplate\":\"https:\\\/\\\/tce.pb.gov.br\\\/portalprimeirainfancia\\\/?s={search_term_string}\"},\"query-input\":{\"@type\":\"PropertyValueSpecification\",\"valueRequired\":true,\"valueName\":\"search_term_string\"}}],\"inLanguage\":\"pt-BR\"},{\"@type\":\"Organization\",\"@id\":\"https:\\\/\\\/tce.pb.gov.br\\\/portalprimeirainfancia\\\/#organization\",\"name\":\"Pacto Paraibano pela Primeira Inf\u00e2ncia\",\"alternateName\":\"TCE-PB\",\"url\":\"https:\\\/\\\/tce.pb.gov.br\\\/portalprimeirainfancia\\\/\",\"logo\":{\"@type\":\"ImageObject\",\"inLanguage\":\"pt-BR\",\"@id\":\"https:\\\/\\\/tce.pb.gov.br\\\/portalprimeirainfancia\\\/#\\\/schema\\\/logo\\\/image\\\/\",\"url\":\"https:\\\/\\\/tce.pb.gov.br\\\/portalprimeirainfancia\\\/wp-content\\\/uploads\\\/2025\\\/05\\\/Pacto-Whatsapp.png\",\"contentUrl\":\"https:\\\/\\\/tce.pb.gov.br\\\/portalprimeirainfancia\\\/wp-content\\\/uploads\\\/2025\\\/05\\\/Pacto-Whatsapp.png\",\"width\":427,\"height\":427,\"caption\":\"Pacto Paraibano pela Primeira Inf\u00e2ncia\"},\"image\":{\"@id\":\"https:\\\/\\\/tce.pb.gov.br\\\/portalprimeirainfancia\\\/#\\\/schema\\\/logo\\\/image\\\/\"},\"sameAs\":[\"https:\\\/\\\/www.instagram.com\\\/tcepb\\\/\"]},{\"@type\":\"Person\",\"@id\":\"https:\\\/\\\/tce.pb.gov.br\\\/portalprimeirainfancia\\\/#\\\/schema\\\/person\\\/6a39eea5836dda604de1c5e5b7d62141\",\"name\":\"Rafael Massoni\"}]}<\/script>\n<!-- \/ Yoast SEO plugin. -->","yoast_head_json":{"title":"TCE-PB inicia s\u00e9rie de treinamentos sobre PPA e LOA com foco na Primeira Inf\u00e2ncia em cidades-polo da Para\u00edba %","description":"TCE-PB inicia s\u00e9rie de treinamentos sobre PPA e LOA com foco na Primeira Inf\u00e2ncia em cidades-polo da Para\u00edba %","robots":{"index":"index","follow":"follow","max-snippet":"max-snippet:-1","max-image-preview":"max-image-preview:large","max-video-preview":"max-video-preview:-1"},"canonical":"https:\/\/tce.pb.gov.br\/portalprimeirainfancia\/tce-pb-inicia-serie-de-treinamentos-sobre-ppa-e-loa-com-foco-na-primeira-infancia-em-cidades-polo-da-paraiba\/","og_locale":"pt_BR","og_type":"article","og_title":"TCE-PB inicia s\u00e9rie de treinamentos sobre PPA e LOA com foco na Primeira Inf\u00e2ncia em cidades-polo da Para\u00edba %","og_description":"TCE-PB inicia s\u00e9rie de treinamentos sobre PPA e LOA com foco na Primeira Inf\u00e2ncia em cidades-polo da Para\u00edba %","og_url":"https:\/\/tce.pb.gov.br\/portalprimeirainfancia\/tce-pb-inicia-serie-de-treinamentos-sobre-ppa-e-loa-com-foco-na-primeira-infancia-em-cidades-polo-da-paraiba\/","og_site_name":"Pacto Paraibano pela Primeira Inf\u00e2ncia","article_published_time":"2025-05-07T15:36:21+00:00","article_modified_time":"2025-05-12T12:19:04+00:00","og_image":[{"width":1920,"height":1281,"url":"https:\/\/tce.pb.gov.br\/portalprimeirainfancia\/wp-content\/uploads\/2025\/05\/image.png","type":"image\/png"}],"author":"Rafael Massoni","twitter_card":"summary_large_image","twitter_misc":{"Escrito por":"Rafael Massoni","Est. tempo de leitura":"4 minutos"},"schema":{"@context":"https:\/\/schema.org","@graph":[{"@type":"NewsArticle","@id":"https:\/\/tce.pb.gov.br\/portalprimeirainfancia\/tce-pb-inicia-serie-de-treinamentos-sobre-ppa-e-loa-com-foco-na-primeira-infancia-em-cidades-polo-da-paraiba\/#article","isPartOf":{"@id":"https:\/\/tce.pb.gov.br\/portalprimeirainfancia\/tce-pb-inicia-serie-de-treinamentos-sobre-ppa-e-loa-com-foco-na-primeira-infancia-em-cidades-polo-da-paraiba\/"},"author":{"name":"Rafael Massoni","@id":"https:\/\/tce.pb.gov.br\/portalprimeirainfancia\/#\/schema\/person\/6a39eea5836dda604de1c5e5b7d62141"},"headline":"TCE-PB inicia s\u00e9rie de treinamentos sobre PPA e LOA com foco na Primeira Inf\u00e2ncia em cidades-polo da Para\u00edba","datePublished":"2025-05-07T15:36:21+00:00","dateModified":"2025-05-12T12:19:04+00:00","mainEntityOfPage":{"@id":"https:\/\/tce.pb.gov.br\/portalprimeirainfancia\/tce-pb-inicia-serie-de-treinamentos-sobre-ppa-e-loa-com-foco-na-primeira-infancia-em-cidades-polo-da-paraiba\/"},"wordCount":636,"publisher":{"@id":"https:\/\/tce.pb.gov.br\/portalprimeirainfancia\/#organization"},"image":{"@id":"https:\/\/tce.pb.gov.br\/portalprimeirainfancia\/tce-pb-inicia-serie-de-treinamentos-sobre-ppa-e-loa-com-foco-na-primeira-infancia-em-cidades-polo-da-paraiba\/#primaryimage"},"thumbnailUrl":"https:\/\/tce.pb.gov.br\/portalprimeirainfancia\/wp-content\/uploads\/2025\/05\/image.png","articleSection":["Not\u00edcias"],"inLanguage":"pt-BR"},{"@type":"WebPage","@id":"https:\/\/tce.pb.gov.br\/portalprimeirainfancia\/tce-pb-inicia-serie-de-treinamentos-sobre-ppa-e-loa-com-foco-na-primeira-infancia-em-cidades-polo-da-paraiba\/","url":"https:\/\/tce.pb.gov.br\/portalprimeirainfancia\/tce-pb-inicia-serie-de-treinamentos-sobre-ppa-e-loa-com-foco-na-primeira-infancia-em-cidades-polo-da-paraiba\/","name":"TCE-PB inicia s\u00e9rie de treinamentos sobre PPA e LOA com foco na Primeira Inf\u00e2ncia em cidades-polo da Para\u00edba %","isPartOf":{"@id":"https:\/\/tce.pb.gov.br\/portalprimeirainfancia\/#website"},"primaryImageOfPage":{"@id":"https:\/\/tce.pb.gov.br\/portalprimeirainfancia\/tce-pb-inicia-serie-de-treinamentos-sobre-ppa-e-loa-com-foco-na-primeira-infancia-em-cidades-polo-da-paraiba\/#primaryimage"},"image":{"@id":"https:\/\/tce.pb.gov.br\/portalprimeirainfancia\/tce-pb-inicia-serie-de-treinamentos-sobre-ppa-e-loa-com-foco-na-primeira-infancia-em-cidades-polo-da-paraiba\/#primaryimage"},"thumbnailUrl":"https:\/\/tce.pb.gov.br\/portalprimeirainfancia\/wp-content\/uploads\/2025\/05\/image.png","datePublished":"2025-05-07T15:36:21+00:00","dateModified":"2025-05-12T12:19:04+00:00","description":"TCE-PB inicia s\u00e9rie de treinamentos sobre PPA e LOA com foco na Primeira Inf\u00e2ncia em cidades-polo da Para\u00edba %","breadcrumb":{"@id":"https:\/\/tce.pb.gov.br\/portalprimeirainfancia\/tce-pb-inicia-serie-de-treinamentos-sobre-ppa-e-loa-com-foco-na-primeira-infancia-em-cidades-polo-da-paraiba\/#breadcrumb"},"inLanguage":"pt-BR","potentialAction":[{"@type":"ReadAction","target":["https:\/\/tce.pb.gov.br\/portalprimeirainfancia\/tce-pb-inicia-serie-de-treinamentos-sobre-ppa-e-loa-com-foco-na-primeira-infancia-em-cidades-polo-da-paraiba\/"]}]},{"@type":"ImageObject","inLanguage":"pt-BR","@id":"https:\/\/tce.pb.gov.br\/portalprimeirainfancia\/tce-pb-inicia-serie-de-treinamentos-sobre-ppa-e-loa-com-foco-na-primeira-infancia-em-cidades-polo-da-paraiba\/#primaryimage","url":"https:\/\/tce.pb.gov.br\/portalprimeirainfancia\/wp-content\/uploads\/2025\/05\/image.png","contentUrl":"https:\/\/tce.pb.gov.br\/portalprimeirainfancia\/wp-content\/uploads\/2025\/05\/image.png","width":1920,"height":1281},{"@type":"BreadcrumbList","@id":"https:\/\/tce.pb.gov.br\/portalprimeirainfancia\/tce-pb-inicia-serie-de-treinamentos-sobre-ppa-e-loa-com-foco-na-primeira-infancia-em-cidades-polo-da-paraiba\/#breadcrumb","itemListElement":[{"@type":"ListItem","position":1,"name":"In\u00edcio","item":"https:\/\/tce.pb.gov.br\/portalprimeirainfancia\/"},{"@type":"ListItem","position":2,"name":"TCE-PB inicia s\u00e9rie de treinamentos sobre PPA e LOA com foco na Primeira Inf\u00e2ncia em cidades-polo da Para\u00edba"}]},{"@type":"WebSite","@id":"https:\/\/tce.pb.gov.br\/portalprimeirainfancia\/#website","url":"https:\/\/tce.pb.gov.br\/portalprimeirainfancia\/","name":"Pacto Paraibano pela Primeira Inf\u00e2ncia","description":"Portal para divulga\u00e7\u00e3o do Pacto Paraibano pela Primeira Inf\u00e2ncia","publisher":{"@id":"https:\/\/tce.pb.gov.br\/portalprimeirainfancia\/#organization"},"potentialAction":[{"@type":"SearchAction","target":{"@type":"EntryPoint","urlTemplate":"https:\/\/tce.pb.gov.br\/portalprimeirainfancia\/?s={search_term_string}"},"query-input":{"@type":"PropertyValueSpecification","valueRequired":true,"valueName":"search_term_string"}}],"inLanguage":"pt-BR"},{"@type":"Organization","@id":"https:\/\/tce.pb.gov.br\/portalprimeirainfancia\/#organization","name":"Pacto Paraibano pela Primeira Inf\u00e2ncia","alternateName":"TCE-PB","url":"https:\/\/tce.pb.gov.br\/portalprimeirainfancia\/","logo":{"@type":"ImageObject","inLanguage":"pt-BR","@id":"https:\/\/tce.pb.gov.br\/portalprimeirainfancia\/#\/schema\/logo\/image\/","url":"https:\/\/tce.pb.gov.br\/portalprimeirainfancia\/wp-content\/uploads\/2025\/05\/Pacto-Whatsapp.png","contentUrl":"https:\/\/tce.pb.gov.br\/portalprimeirainfancia\/wp-content\/uploads\/2025\/05\/Pacto-Whatsapp.png","width":427,"height":427,"caption":"Pacto Paraibano pela Primeira Inf\u00e2ncia"},"image":{"@id":"https:\/\/tce.pb.gov.br\/portalprimeirainfancia\/#\/schema\/logo\/image\/"},"sameAs":["https:\/\/www.instagram.com\/tcepb\/"]},{"@type":"Person","@id":"https:\/\/tce.pb.gov.br\/portalprimeirainfancia\/#\/schema\/person\/6a39eea5836dda604de1c5e5b7d62141","name":"Rafael Massoni"}]}},"jetpack_featured_media_url":"https:\/\/tce.pb.gov.br\/portalprimeirainfancia\/wp-content\/uploads\/2025\/05\/image.png","jetpack_sharing_enabled":true,"_links":{"self":[{"href":"https:\/\/tce.pb.gov.br\/portalprimeirainfancia\/wp-json\/wp\/v2\/posts\/29290","targetHints":{"allow":["GET"]}}],"collection":[{"href":"https:\/\/tce.pb.gov.br\/portalprimeirainfancia\/wp-json\/wp\/v2\/posts"}],"about":[{"href":"https:\/\/tce.pb.gov.br\/portalprimeirainfancia\/wp-json\/wp\/v2\/types\/post"}],"author":[{"embeddable":true,"href":"https:\/\/tce.pb.gov.br\/portalprimeirainfancia\/wp-json\/wp\/v2\/users\/6"}],"replies":[{"embeddable":true,"href":"https:\/\/tce.pb.gov.br\/portalprimeirainfancia\/wp-json\/wp\/v2\/comments?post=29290"}],"version-history":[{"count":3,"href":"https:\/\/tce.pb.gov.br\/portalprimeirainfancia\/wp-json\/wp\/v2\/posts\/29290\/revisions"}],"predecessor-version":[{"id":29313,"href":"https:\/\/tce.pb.gov.br\/portalprimeirainfancia\/wp-json\/wp\/v2\/posts\/29290\/revisions\/29313"}],"wp:featuredmedia":[{"embeddable":true,"href":"https:\/\/tce.pb.gov.br\/portalprimeirainfancia\/wp-json\/wp\/v2\/media\/29291"}],"wp:attachment":[{"href":"https:\/\/tce.pb.gov.br\/portalprimeirainfancia\/wp-json\/wp\/v2\/media?parent=29290"}],"wp:term":[{"taxonomy":"category","embeddable":true,"href":"https:\/\/tce.pb.gov.br\/portalprimeirainfancia\/wp-json\/wp\/v2\/categories?post=29290"},{"taxonomy":"post_tag","embeddable":true,"href":"https:\/\/tce.pb.gov.br\/portalprimeirainfancia\/wp-json\/wp\/v2\/tags?post=29290"}],"curies":[{"name":"wp","href":"https:\/\/api.w.org\/{rel}","templated":true}]}}