{"id":29109,"date":"2025-04-28T22:56:35","date_gmt":"2025-04-29T01:56:35","guid":{"rendered":"https:\/\/tce.pb.gov.br\/?p=29109"},"modified":"2025-04-29T13:34:27","modified_gmt":"2025-04-29T16:34:27","slug":"assinatura-de-pacto-pela-primeira-infancia-termina-com-palestras-e-autoridades-destacam-iniciativa-do-tce-pb","status":"publish","type":"post","link":"https:\/\/tce.pb.gov.br\/portalprimeirainfancia\/assinatura-de-pacto-pela-primeira-infancia-termina-com-palestras-e-autoridades-destacam-iniciativa-do-tce-pb\/","title":{"rendered":"Assinatura de Pacto pela Primeira Inf\u00e2ncia termina com palestras e autoridades destacam iniciativa do TCE-PB"},"content":{"rendered":"\n<figure class=\"wp-block-image aligncenter size-large\"><img decoding=\"async\" src=\"https:\/\/tce.pb.gov.br\/wp-content\/uploads\/2025\/04\/Pacto-110-1024x683.jpg\" alt=\"\" class=\"wp-image-29132\"\/><\/figure>\n\n\n\n<p>As autoridades que estiveram presentes ao Teatro Pedra do Reino, no Centro de Conven\u00e7\u00f5es de Jo\u00e3o Pessoa, nesta segunda-feira (28), durante o ato de formaliza\u00e7\u00e3o do Pacto Paraibano pela Primeira Inf\u00e2ncia, ressaltaram a import\u00e2ncia da iniciativa projetada pelo conselheiro F\u00e1bio Nogueira, presidente do TCE-PB, e que tem como finalidade priorizar pol\u00edticas p\u00fablicas voltadas \u00e0s crian\u00e7as de zero a seis anos, fase da vida onde se estabelece a forma\u00e7\u00e3o f\u00edsica e emocional que ir\u00e1 refletir no futuro aprendizado<\/p>\n\n\n\n<figure class=\"wp-block-gallery has-nested-images columns-default is-cropped wp-block-gallery-1 is-layout-flex wp-block-gallery-is-layout-flex\">\n<figure class=\"wp-block-image size-large\"><img decoding=\"async\" data-id=\"29135\" src=\"https:\/\/tce.pb.gov.br\/wp-content\/uploads\/2025\/04\/Pacto-3-1024x683.jpg\" alt=\"\" class=\"wp-image-29135\"\/><\/figure>\n\n\n\n<figure class=\"wp-block-image size-large\"><img decoding=\"async\" data-id=\"29136\" src=\"https:\/\/tce.pb.gov.br\/wp-content\/uploads\/2025\/04\/Pacto-4-1024x683.jpg\" alt=\"\" class=\"wp-image-29136\"\/><\/figure>\n\n\n\n<figure class=\"wp-block-image size-large\"><img decoding=\"async\" data-id=\"29137\" src=\"https:\/\/tce.pb.gov.br\/wp-content\/uploads\/2025\/04\/Pacto-5-1024x683.jpg\" alt=\"\" class=\"wp-image-29137\"\/><\/figure>\n\n\n\n<figure class=\"wp-block-image size-large\"><img decoding=\"async\" data-id=\"29138\" src=\"https:\/\/tce.pb.gov.br\/wp-content\/uploads\/2025\/04\/Pacto-11-1024x683.jpg\" alt=\"\" class=\"wp-image-29138\"\/><\/figure>\n\n\n\n<figure class=\"wp-block-image size-large\"><img decoding=\"async\" data-id=\"29139\" src=\"https:\/\/tce.pb.gov.br\/wp-content\/uploads\/2025\/04\/Pacto-24-1024x683.jpg\" alt=\"\" class=\"wp-image-29139\"\/><\/figure>\n\n\n\n<figure class=\"wp-block-image size-large\"><img decoding=\"async\" data-id=\"29134\" src=\"https:\/\/tce.pb.gov.br\/wp-content\/uploads\/2025\/04\/DSC_1072-1024x681.jpg\" alt=\"\" class=\"wp-image-29134\"\/><\/figure>\n<\/figure>\n\n\n\n<p>A organiza\u00e7\u00e3o do evento preparou v\u00e1rias atra\u00e7\u00f5es para recepcionar os participantes e as autoridades, a partir das 8h com o credenciamento. A op\u00e7\u00e3o inicial contou com o talento da Banda Musical da Pol\u00edcia Civil da Para\u00edba. V\u00e1rios estandes foram montados e ocupados pelas secretarias de Estado da Educa\u00e7\u00e3o, Sa\u00fade e Desenvolvimento Humano e Social. As prefeituras municipais de Monteiro, Cabaceiras e Campina Grande &nbsp;apresentaram suas experi\u00eancias e boas pr\u00e1ticas.<\/p>\n\n\n\n<figure class=\"wp-block-gallery has-nested-images columns-default is-cropped wp-block-gallery-2 is-layout-flex wp-block-gallery-is-layout-flex\">\n<figure class=\"wp-block-image size-large\"><img decoding=\"async\" data-id=\"29144\" src=\"https:\/\/tce.pb.gov.br\/wp-content\/uploads\/2025\/04\/DSC_7477-1024x683.jpg\" alt=\"\" class=\"wp-image-29144\"\/><\/figure>\n\n\n\n<figure class=\"wp-block-image size-large\"><img decoding=\"async\" data-id=\"29143\" src=\"https:\/\/tce.pb.gov.br\/wp-content\/uploads\/2025\/04\/DSC_7312-1-1024x683.jpg\" alt=\"\" class=\"wp-image-29143\"\/><\/figure>\n<\/figure>\n\n\n\n<p>O presidente do Tribunal de Justi\u00e7a, desembargador Frederico Coutinho, disse que a tem\u00e1tica da primeira inf\u00e2ncia deve merecer a aten\u00e7\u00e3o de todos e toda iniciativa a esse respeito deve ser abra\u00e7ada pelos poderes, institui\u00e7\u00f5es e pela pr\u00f3pria sociedade. \u201cE \u00e9 nesse sentido que estamos prestando o nosso apoio, pois as crian\u00e7as de hoje s\u00e3o os cidad\u00e3os do amanh\u00e3\u201d. Para o desembargador Osvaldo Trigueiro do Vale Filho, presidente do Tribunal Regional Eleitoral \u2013 TRE, a forma\u00e7\u00e3o \u00e9tica que sedimenta o futuro cidad\u00e3o \u00e9 na primeira inf\u00e2ncia. Por isso, \u201cdevemos fomentar o apoio \u00e0s a\u00e7\u00f5es que visam pol\u00edticas p\u00fablicas voltadas \u00e0s crian\u00e7as nessa fase da vida\u201d.<\/p>\n\n\n\n<figure class=\"wp-block-gallery has-nested-images columns-default is-cropped wp-block-gallery-3 is-layout-flex wp-block-gallery-is-layout-flex\">\n<figure class=\"wp-block-image size-large\"><img decoding=\"async\" data-id=\"29147\" src=\"https:\/\/tce.pb.gov.br\/wp-content\/uploads\/2025\/04\/DSC_7497-1024x683.jpg\" alt=\"\" class=\"wp-image-29147\"\/><\/figure>\n\n\n\n<figure class=\"wp-block-image size-large\"><img decoding=\"async\" data-id=\"29146\" src=\"https:\/\/tce.pb.gov.br\/wp-content\/uploads\/2025\/04\/DSC_7381-1024x683.jpg\" alt=\"\" class=\"wp-image-29146\"\/><\/figure>\n<\/figure>\n\n\n\n<p>O presidente da OAB-PB \u2013 Ordem dos Advogados do Brasil, Harrison Targino, parabenizou o TCE por essa articula\u00e7\u00e3o, que demonstrar uma nova realidade do controle externo exercido pelo Tribunal de Contas, buscando orientar e induzir os jurisdicionados na busca de resultados que refletem a boa aplica\u00e7\u00e3o dos recursos p\u00fablicos. J\u00e1 o presidente da C\u00e2mara Municipal de Jo\u00e3o Pessoa, vereador Dinho Dowsley, entende que a participa\u00e7\u00e3o do TCE no apoio t\u00e9cnico a a\u00e7\u00f5es destinadas \u00e0 primeira inf\u00e2ncia desperta a aten\u00e7\u00e3o dos gestores no sentido de promover pol\u00edticas voltadas ao tema. &nbsp;&nbsp;<\/p>\n\n\n\n<figure class=\"wp-block-image aligncenter size-large\"><img decoding=\"async\" src=\"https:\/\/tce.pb.gov.br\/wp-content\/uploads\/2025\/04\/Pacto-44-1024x683.jpg\" alt=\"\" class=\"wp-image-29148\"\/><\/figure>\n\n\n\n<p>A presidente do Tribunal Regional do Trabalho &#8211; TRT-13\u00aa Regi\u00e3o, desembargadora Herminegilda Leite Machado, avaliou que a quest\u00e3o da primeira inf\u00e2ncia se arrasta h\u00e1 muito tempo, e quando uma institui\u00e7\u00e3o abra\u00e7a a causa merece o apoio. Ela falou ainda da desigualdade social, situa\u00e7\u00e3o que induz a muitas inf\u00e2ncias perdidas. Enfatizou a import\u00e2ncia do Pacto, porque possibilitar\u00e1 uma maior visibilidade e ado\u00e7\u00e3o de pol\u00edticas p\u00fablicas, trazendo esperan\u00e7a, projetando um futuro melhor para as crian\u00e7as inseridas nessas condi\u00e7\u00f5es.<\/p>\n\n\n\n<figure class=\"wp-block-gallery has-nested-images columns-default is-cropped wp-block-gallery-4 is-layout-flex wp-block-gallery-is-layout-flex\">\n<figure class=\"wp-block-image size-large\"><img decoding=\"async\" data-id=\"29149\" src=\"https:\/\/tce.pb.gov.br\/wp-content\/uploads\/2025\/04\/Pacto-55-1024x683.jpg\" alt=\"\" class=\"wp-image-29149\"\/><\/figure>\n\n\n\n<figure class=\"wp-block-image size-large\"><img decoding=\"async\" data-id=\"29150\" src=\"https:\/\/tce.pb.gov.br\/wp-content\/uploads\/2025\/04\/Pacto-63-1024x683.jpg\" alt=\"\" class=\"wp-image-29150\"\/><\/figure>\n<\/figure>\n\n\n\n<p>O prefeito de Jo\u00e3o Pessoa, C\u00edcero Lucena, tamb\u00e9m prestigiou o evento e considerou o Pacto uma boa iniciativa, que vai permitir aos prefeitos buscar mais efici\u00eancia na presta\u00e7\u00e3o dos servi\u00e7os \u00e0 Primeira Inf\u00e2ncia. Nabor Wanderley, prefeito de Patos, disse que essa \u00e9 uma causa que merece ser abra\u00e7ada, pois a quest\u00e3o da primeira inf\u00e2ncia precisa ser priorizada pelos munic\u00edpios. Considera o apoio do Tribunal de fundamental import\u00e2ncia, n\u00e3o s\u00f3 nos aspectos t\u00e9cnicos, mas tamb\u00e9m na disponibiliza\u00e7\u00e3o do or\u00e7amento. \u201cO Pacto s\u00f3 refor\u00e7a nossa preocupa\u00e7\u00e3o e temos a convic\u00e7\u00e3o de que podemos avan\u00e7ar com a cria\u00e7\u00e3o de novos programas voltados a fortalecer as pol\u00edticas que j\u00e1 adotamos\u201d, enfatizou ele. <\/p>\n\n\n\n<figure class=\"wp-block-gallery has-nested-images columns-default is-cropped wp-block-gallery-5 is-layout-flex wp-block-gallery-is-layout-flex\">\n<figure class=\"wp-block-image aligncenter size-large\"><img decoding=\"async\" data-id=\"29152\" src=\"https:\/\/tce.pb.gov.br\/wp-content\/uploads\/2025\/04\/Pacto-190-1-1024x683.jpg\" alt=\"\" class=\"wp-image-29152\"\/><\/figure>\n<\/figure>\n\n\n\n<p><strong>Programa\u00e7\u00e3o<\/strong>&nbsp;\u2013 A programa\u00e7\u00e3o seguiu no per\u00edodo da tarde com a apresenta\u00e7\u00e3o de um v\u00eddeo enviado pela Funda\u00e7\u00e3o Mar\u00edlia Cec\u00edlia Souto Vidigal, parceira no programa do Pacto Paraibano pela Primeira Inf\u00e2ncia. Coube ao conselheiro Andr\u00e9 Carlo Torres Pontes fazer a abertura dos trabalhos. Ele \u00e9 o coordenador do Pacto Paraibano pela Primeira Inf\u00e2ncia. Na sequ\u00eancia, o Coordenador do Comit\u00ea Estadual da Primeira Inf\u00e2ncia, Roberto Dutra, desenvolveu o tema \u201cPanorama da Para\u00edba no Contexto da Primeira Inf\u00e2ncia\u201d.<\/p>\n\n\n\n<figure class=\"wp-block-image aligncenter size-large\"><img decoding=\"async\" src=\"https:\/\/tce.pb.gov.br\/wp-content\/uploads\/2025\/04\/Pacto-193-1024x683.jpg\" alt=\"\" class=\"wp-image-29153\"\/><\/figure>\n\n\n\n<p>A palestra seguinte foi proferida pelo conselheiro Edson Ferrari (TCE-GO), que abordou a tem\u00e1tica da \u201cPrimeira Inf\u00e2ncia: uma Janela de Oportunidades\u201d. O painel contou com a participa\u00e7\u00e3o dos debatedores Leo Arno Richter, auditor de Controle Externo do TCE-RS, e a professora Adelaide Alves Dias, que \u00e9 secret\u00e1ria executiva da Rede da Primeira Inf\u00e2ncia e presidente do Comit\u00ea Gestor do F\u00f3rum de Educa\u00e7\u00e3o Infantil da Para\u00edba. Ao final, o Grupo de Auditoria Operacional do TCE-PB fez a apresenta\u00e7\u00e3o da Matriz de Planejamento da Auditoria Operacional na Pol\u00edtica pela Primeira Inf\u00e2ncia. A equipe \u00e9 composta pelos auditores de controle externo Adriana do Rego, Cristiana Fran\u00e7a, George Lisboa, Ivo Cilento e Marcus Felipe da Costa.<\/p>\n\n\n\n<style id=\"bwg-style-0\">    #bwg_container1_0 #bwg_container2_0 .bwg-container-0.bwg-standard-thumbnails {      width: 704px;              justify-content: center;        margin:0 auto !important;              background-color: rgba(255, 255, 255, 0.00);            padding-left: 4px;      padding-top: 4px;      max-width: 100%;            }        #bwg_container1_0 #bwg_container2_0 .bwg-container-0.bwg-standard-thumbnails .bwg-item {    justify-content: flex-end;      max-width: 140px;          }    #bwg_container1_0 #bwg_container2_0 .bwg-container-0.bwg-standard-thumbnails .bwg-item a {       margin-right: 4px;       margin-bottom: 4px;    }    #bwg_container1_0 #bwg_container2_0 .bwg-container-0.bwg-standard-thumbnails .bwg-item0 {      padding: 0px;            background-color:rgba(0,0,0, 0.30);      border: 0px none #CCCCCC;      opacity: 1.00;      border-radius: 0;      box-shadow: ;    }    #bwg_container1_0 #bwg_container2_0 .bwg-container-0.bwg-standard-thumbnails .bwg-item1 img {      max-height: none;      max-width: none;      padding: 0 !important;    }         @media only screen and (min-width: 480px) {\t\t#bwg_container1_0 #bwg_container2_0 .bwg-container-0.bwg-standard-thumbnails .bwg-item1 img {\t\t\t-webkit-transition: all .3s; transition: all .3s;\t\t}\t\t#bwg_container1_0 #bwg_container2_0 .bwg-container-0.bwg-standard-thumbnails .bwg-item1 img:hover {\t\t\t-ms-transform: scale(1.08);\t\t\t-webkit-transform: scale(1.08);\t\t\ttransform: scale(1.08);\t\t}\t\t      }\t    #bwg_container1_0 #bwg_container2_0 .bwg-container-0.bwg-standard-thumbnails .bwg-item1 {      padding-top: 100%;    }        #bwg_container1_0 #bwg_container2_0 .bwg-container-0.bwg-standard-thumbnails .bwg-title2,    #bwg_container1_0 #bwg_container2_0 .bwg-container-0.bwg-standard-thumbnails .bwg-ecommerce2 {      color: #323A45;      font-family: Roboto;      font-size: 16px;      font-weight: bold;      padding: 0px 0px 20px 0px;      text-shadow: ;      max-height: 100%;    }    #bwg_container1_0 #bwg_container2_0 .bwg-container-0.bwg-standard-thumbnails .bwg-thumb-description span {    color: #323A45;    font-family: Ubuntu;    font-size: 12px;    max-height: 100%;    word-wrap: break-word;    }    #bwg_container1_0 #bwg_container2_0 .bwg-container-0.bwg-standard-thumbnails .bwg-play-icon2 {      font-size: 32px;    }    #bwg_container1_0 #bwg_container2_0 .bwg-container-0.bwg-standard-thumbnails .bwg-ecommerce2 {      font-size: 19.2px;      color: #323A45;    }    <\/style>    <div id=\"bwg_container1_0\"         class=\"bwg_container bwg_thumbnail bwg_thumbnails \"         data-right-click-protection=\"0\"         data-bwg=\"0\"         data-scroll=\"0\"         data-gallery-type=\"thumbnails\"         data-gallery-view-type=\"thumbnails\"         data-current-url=\"\/portalprimeirainfancia\/wp-json\/wp\/v2\/posts\/29109\"         data-lightbox-url=\"https:\/\/tce.pb.gov.br\/portalprimeirainfancia\/wp-admin\/admin-ajax.php?action=GalleryBox&#038;current_view=0&#038;gallery_id=18&#038;tag=0&#038;theme_id=1&#038;shortcode_id=36&#038;sort_by=order&#038;order_by=asc&#038;current_url=%2Fportalprimeirainfancia%2Fwp-json%2Fwp%2Fv2%2Fposts%2F29109\"         data-gallery-id=\"18\"         data-popup-width=\"800\"         data-popup-height=\"500\"         data-is-album=\"gallery\"         data-buttons-position=\"bottom\">      <div id=\"bwg_container2_0\">             <div id=\"ajax_loading_0\" class=\"bwg_loading_div_1\">      <div class=\"bwg_loading_div_2\">        <div class=\"bwg_loading_div_3\">          <div id=\"loading_div_0\" class=\"bwg_spider_ajax_loading\">          <\/div>        <\/div>      <\/div>    <\/div>            <form id=\"gal_front_form_0\"              class=\"bwg-hidden\"              method=\"post\"              action=\"#\"              data-current=\"0\"              data-shortcode-id=\"36\"              data-gallery-type=\"thumbnails\"              data-gallery-id=\"18\"              data-tag=\"0\"              data-album-id=\"0\"              data-theme-id=\"1\"              data-ajax-url=\"https:\/\/tce.pb.gov.br\/portalprimeirainfancia\/wp-admin\/admin-ajax.php?action=bwg_frontend_data\">          <div id=\"bwg_container3_0\" class=\"bwg-background bwg-background-0\">                <div data-max-count=\"5\"         data-thumbnail-width=\"140\"         data-bwg=\"0\"         data-gallery-id=\"18\"         data-lightbox-url=\"https:\/\/tce.pb.gov.br\/portalprimeirainfancia\/wp-admin\/admin-ajax.php?action=GalleryBox&amp;current_view=0&amp;gallery_id=18&amp;tag=0&amp;theme_id=1&amp;shortcode_id=36&amp;sort_by=order&amp;order_by=asc&amp;current_url=%2Fportalprimeirainfancia%2Fwp-json%2Fwp%2Fv2%2Fposts%2F29109\"         id=\"bwg_thumbnails_0\"         class=\"bwg-container-0 bwg-thumbnails bwg-standard-thumbnails bwg-container bwg-border-box\">            <div class=\"bwg-item\">        <a class=\"bwg-a  bwg_lightbox\"  data-image-id=\"1430\" href=\"https:\/\/tce.pb.gov.br\/portalprimeirainfancia\/wp-content\/uploads\/photo-gallery\/Lancamento-Pacto-201.jpg?bwg=1745943155\" data-elementor-open-lightbox=\"no\">                <div class=\"bwg-item0 \">          <div class=\"bwg-item1 \">            <div class=\"bwg-item2\">              <img decoding=\"async\" class=\"skip-lazy bwg_standart_thumb_img_0 \"                   data-id=\"1430\"                   data-width=\"802.00\"                   data-height=\"1200.00\"                   data-src=\"https:\/\/tce.pb.gov.br\/portalprimeirainfancia\/wp-content\/uploads\/photo-gallery\/thumb\/Lancamento-Pacto-201.jpg?bwg=1745943155\"                   src=\"https:\/\/tce.pb.gov.br\/portalprimeirainfancia\/wp-content\/uploads\/photo-gallery\/thumb\/Lancamento-Pacto-201.jpg?bwg=1745943155\"                   alt=\"\"                   title=\"\" \/>            <\/div>            <div class=\"\">                                                      <\/div>          <\/div>        <\/div>                        <\/a>              <\/div>            <div class=\"bwg-item\">        <a class=\"bwg-a  bwg_lightbox\"  data-image-id=\"1431\" href=\"https:\/\/tce.pb.gov.br\/portalprimeirainfancia\/wp-content\/uploads\/photo-gallery\/Lancamento-Pacto-203.jpg?bwg=1745943155\" data-elementor-open-lightbox=\"no\">                <div class=\"bwg-item0 \">          <div class=\"bwg-item1 \">            <div class=\"bwg-item2\">              <img decoding=\"async\" class=\"skip-lazy bwg_standart_thumb_img_0 \"                   data-id=\"1431\"                   data-width=\"1200.00\"                   data-height=\"802.00\"                   data-src=\"https:\/\/tce.pb.gov.br\/portalprimeirainfancia\/wp-content\/uploads\/photo-gallery\/thumb\/Lancamento-Pacto-203.jpg?bwg=1745943155\"                   src=\"https:\/\/tce.pb.gov.br\/portalprimeirainfancia\/wp-content\/uploads\/photo-gallery\/thumb\/Lancamento-Pacto-203.jpg?bwg=1745943155\"                   alt=\"\"                   title=\"\" \/>            <\/div>            <div class=\"\">                                                      <\/div>          <\/div>        <\/div>                        <\/a>              <\/div>            <div class=\"bwg-item\">        <a class=\"bwg-a  bwg_lightbox\"  data-image-id=\"1432\" href=\"https:\/\/tce.pb.gov.br\/portalprimeirainfancia\/wp-content\/uploads\/photo-gallery\/Lancamento-Pacto-204.jpg?bwg=1745943155\" data-elementor-open-lightbox=\"no\">                <div class=\"bwg-item0 \">          <div class=\"bwg-item1 \">            <div class=\"bwg-item2\">              <img decoding=\"async\" class=\"skip-lazy bwg_standart_thumb_img_0 \"                   data-id=\"1432\"                   data-width=\"1200.00\"                   data-height=\"802.00\"                   data-src=\"https:\/\/tce.pb.gov.br\/portalprimeirainfancia\/wp-content\/uploads\/photo-gallery\/thumb\/Lancamento-Pacto-204.jpg?bwg=1745943155\"                   src=\"https:\/\/tce.pb.gov.br\/portalprimeirainfancia\/wp-content\/uploads\/photo-gallery\/thumb\/Lancamento-Pacto-204.jpg?bwg=1745943155\"                   alt=\"\"                   title=\"\" \/>            <\/div>            <div class=\"\">                                                      <\/div>          <\/div>        <\/div>                        <\/a>              <\/div>            <div class=\"bwg-item\">        <a class=\"bwg-a  bwg_lightbox\"  data-image-id=\"1433\" href=\"https:\/\/tce.pb.gov.br\/portalprimeirainfancia\/wp-content\/uploads\/photo-gallery\/Lancamento-Pacto-200.jpg?bwg=1745943155\" data-elementor-open-lightbox=\"no\">                <div class=\"bwg-item0 \">          <div class=\"bwg-item1 \">            <div class=\"bwg-item2\">              <img decoding=\"async\" class=\"skip-lazy bwg_standart_thumb_img_0 \"                   data-id=\"1433\"                   data-width=\"1200.00\"                   data-height=\"802.00\"                   data-src=\"https:\/\/tce.pb.gov.br\/portalprimeirainfancia\/wp-content\/uploads\/photo-gallery\/thumb\/Lancamento-Pacto-200.jpg?bwg=1745943155\"                   src=\"https:\/\/tce.pb.gov.br\/portalprimeirainfancia\/wp-content\/uploads\/photo-gallery\/thumb\/Lancamento-Pacto-200.jpg?bwg=1745943155\"                   alt=\"\"                   title=\"\" \/>            <\/div>            <div class=\"\">                                                      <\/div>          <\/div>        <\/div>                        <\/a>              <\/div>            <div class=\"bwg-item\">        <a class=\"bwg-a  bwg_lightbox\"  data-image-id=\"1434\" href=\"https:\/\/tce.pb.gov.br\/portalprimeirainfancia\/wp-content\/uploads\/photo-gallery\/Lancamento-Pacto-202.jpg?bwg=1745943155\" data-elementor-open-lightbox=\"no\">                <div class=\"bwg-item0 \">          <div class=\"bwg-item1 \">            <div class=\"bwg-item2\">              <img decoding=\"async\" class=\"skip-lazy bwg_standart_thumb_img_0 \"                   data-id=\"1434\"                   data-width=\"1200.00\"                   data-height=\"802.00\"                   data-src=\"https:\/\/tce.pb.gov.br\/portalprimeirainfancia\/wp-content\/uploads\/photo-gallery\/thumb\/Lancamento-Pacto-202.jpg?bwg=1745943155\"                   src=\"https:\/\/tce.pb.gov.br\/portalprimeirainfancia\/wp-content\/uploads\/photo-gallery\/thumb\/Lancamento-Pacto-202.jpg?bwg=1745943155\"                   alt=\"\"                   title=\"\" \/>            <\/div>            <div class=\"\">                                                      <\/div>          <\/div>        <\/div>                        <\/a>              <\/div>            <div class=\"bwg-item\">        <a class=\"bwg-a  bwg_lightbox\"  data-image-id=\"1435\" href=\"https:\/\/tce.pb.gov.br\/portalprimeirainfancia\/wp-content\/uploads\/photo-gallery\/Lancamento-Pacto-206.jpg?bwg=1745943155\" data-elementor-open-lightbox=\"no\">                <div class=\"bwg-item0 \">          <div class=\"bwg-item1 \">            <div class=\"bwg-item2\">              <img decoding=\"async\" class=\"skip-lazy bwg_standart_thumb_img_0 \"                   data-id=\"1435\"                   data-width=\"1200.00\"                   data-height=\"802.00\"                   data-src=\"https:\/\/tce.pb.gov.br\/portalprimeirainfancia\/wp-content\/uploads\/photo-gallery\/thumb\/Lancamento-Pacto-206.jpg?bwg=1745943155\"                   src=\"https:\/\/tce.pb.gov.br\/portalprimeirainfancia\/wp-content\/uploads\/photo-gallery\/thumb\/Lancamento-Pacto-206.jpg?bwg=1745943155\"                   alt=\"\"                   title=\"\" \/>            <\/div>            <div class=\"\">                                                      <\/div>          <\/div>        <\/div>                        <\/a>              <\/div>            <div class=\"bwg-item\">        <a class=\"bwg-a  bwg_lightbox\"  data-image-id=\"1436\" href=\"https:\/\/tce.pb.gov.br\/portalprimeirainfancia\/wp-content\/uploads\/photo-gallery\/Lancamento-Pacto-207.jpg?bwg=1745943155\" data-elementor-open-lightbox=\"no\">                <div class=\"bwg-item0 \">          <div class=\"bwg-item1 \">            <div class=\"bwg-item2\">              <img decoding=\"async\" class=\"skip-lazy bwg_standart_thumb_img_0 \"                   data-id=\"1436\"                   data-width=\"1200.00\"                   data-height=\"802.00\"                   data-src=\"https:\/\/tce.pb.gov.br\/portalprimeirainfancia\/wp-content\/uploads\/photo-gallery\/thumb\/Lancamento-Pacto-207.jpg?bwg=1745943155\"                   src=\"https:\/\/tce.pb.gov.br\/portalprimeirainfancia\/wp-content\/uploads\/photo-gallery\/thumb\/Lancamento-Pacto-207.jpg?bwg=1745943155\"                   alt=\"\"                   title=\"\" \/>            <\/div>            <div class=\"\">                                                      <\/div>          <\/div>        <\/div>                        <\/a>              <\/div>            <div class=\"bwg-item\">        <a class=\"bwg-a  bwg_lightbox\"  data-image-id=\"1437\" href=\"https:\/\/tce.pb.gov.br\/portalprimeirainfancia\/wp-content\/uploads\/photo-gallery\/Lancamento-Pacto-209.jpg?bwg=1745943155\" data-elementor-open-lightbox=\"no\">                <div class=\"bwg-item0 \">          <div class=\"bwg-item1 \">            <div class=\"bwg-item2\">              <img decoding=\"async\" class=\"skip-lazy bwg_standart_thumb_img_0 \"                   data-id=\"1437\"                   data-width=\"802.00\"                   data-height=\"1200.00\"                   data-src=\"https:\/\/tce.pb.gov.br\/portalprimeirainfancia\/wp-content\/uploads\/photo-gallery\/thumb\/Lancamento-Pacto-209.jpg?bwg=1745943155\"                   src=\"https:\/\/tce.pb.gov.br\/portalprimeirainfancia\/wp-content\/uploads\/photo-gallery\/thumb\/Lancamento-Pacto-209.jpg?bwg=1745943155\"                   alt=\"\"                   title=\"\" \/>            <\/div>            <div class=\"\">                                                      <\/div>          <\/div>        <\/div>                        <\/a>              <\/div>            <div class=\"bwg-item\">        <a class=\"bwg-a  bwg_lightbox\"  data-image-id=\"1438\" href=\"https:\/\/tce.pb.gov.br\/portalprimeirainfancia\/wp-content\/uploads\/photo-gallery\/Lancamento-Pacto-208.jpg?bwg=1745943155\" data-elementor-open-lightbox=\"no\">                <div class=\"bwg-item0 \">          <div class=\"bwg-item1 \">            <div class=\"bwg-item2\">              <img decoding=\"async\" class=\"skip-lazy bwg_standart_thumb_img_0 \"                   data-id=\"1438\"                   data-width=\"1200.00\"                   data-height=\"802.00\"                   data-src=\"https:\/\/tce.pb.gov.br\/portalprimeirainfancia\/wp-content\/uploads\/photo-gallery\/thumb\/Lancamento-Pacto-208.jpg?bwg=1745943155\"                   src=\"https:\/\/tce.pb.gov.br\/portalprimeirainfancia\/wp-content\/uploads\/photo-gallery\/thumb\/Lancamento-Pacto-208.jpg?bwg=1745943155\"                   alt=\"\"                   title=\"\" \/>            <\/div>            <div class=\"\">                                                      <\/div>          <\/div>        <\/div>                        <\/a>              <\/div>            <div class=\"bwg-item\">        <a class=\"bwg-a  bwg_lightbox\"  data-image-id=\"1439\" href=\"https:\/\/tce.pb.gov.br\/portalprimeirainfancia\/wp-content\/uploads\/photo-gallery\/Lancamento-Pacto-205.jpg?bwg=1745943155\" data-elementor-open-lightbox=\"no\">                <div class=\"bwg-item0 \">          <div class=\"bwg-item1 \">            <div class=\"bwg-item2\">              <img decoding=\"async\" class=\"skip-lazy bwg_standart_thumb_img_0 \"                   data-id=\"1439\"                   data-width=\"1200.00\"                   data-height=\"802.00\"                   data-src=\"https:\/\/tce.pb.gov.br\/portalprimeirainfancia\/wp-content\/uploads\/photo-gallery\/thumb\/Lancamento-Pacto-205.jpg?bwg=1745943155\"                   src=\"https:\/\/tce.pb.gov.br\/portalprimeirainfancia\/wp-content\/uploads\/photo-gallery\/thumb\/Lancamento-Pacto-205.jpg?bwg=1745943155\"                   alt=\"\"                   title=\"\" \/>            <\/div>            <div class=\"\">                                                      <\/div>          <\/div>        <\/div>                        <\/a>              <\/div>            <div class=\"bwg-item\">        <a class=\"bwg-a  bwg_lightbox\"  data-image-id=\"1440\" href=\"https:\/\/tce.pb.gov.br\/portalprimeirainfancia\/wp-content\/uploads\/photo-gallery\/Lancamento-Pacto-210.jpg?bwg=1745943155\" data-elementor-open-lightbox=\"no\">                <div class=\"bwg-item0 \">          <div class=\"bwg-item1 \">            <div class=\"bwg-item2\">              <img decoding=\"async\" class=\"skip-lazy bwg_standart_thumb_img_0 \"                   data-id=\"1440\"                   data-width=\"1200.00\"                   data-height=\"802.00\"                   data-src=\"https:\/\/tce.pb.gov.br\/portalprimeirainfancia\/wp-content\/uploads\/photo-gallery\/thumb\/Lancamento-Pacto-210.jpg?bwg=1745943155\"                   src=\"https:\/\/tce.pb.gov.br\/portalprimeirainfancia\/wp-content\/uploads\/photo-gallery\/thumb\/Lancamento-Pacto-210.jpg?bwg=1745943155\"                   alt=\"\"                   title=\"\" \/>            <\/div>            <div class=\"\">                                                      <\/div>          <\/div>        <\/div>                        <\/a>              <\/div>            <div class=\"bwg-item\">        <a class=\"bwg-a  bwg_lightbox\"  data-image-id=\"1441\" href=\"https:\/\/tce.pb.gov.br\/portalprimeirainfancia\/wp-content\/uploads\/photo-gallery\/Lancamento-Pacto-211.jpg?bwg=1745943155\" data-elementor-open-lightbox=\"no\">                <div class=\"bwg-item0 \">          <div class=\"bwg-item1 \">            <div class=\"bwg-item2\">              <img decoding=\"async\" class=\"skip-lazy bwg_standart_thumb_img_0 \"                   data-id=\"1441\"                   data-width=\"802.00\"                   data-height=\"1200.00\"                   data-src=\"https:\/\/tce.pb.gov.br\/portalprimeirainfancia\/wp-content\/uploads\/photo-gallery\/thumb\/Lancamento-Pacto-211.jpg?bwg=1745943155\"                   src=\"https:\/\/tce.pb.gov.br\/portalprimeirainfancia\/wp-content\/uploads\/photo-gallery\/thumb\/Lancamento-Pacto-211.jpg?bwg=1745943155\"                   alt=\"\"                   title=\"\" \/>            <\/div>            <div class=\"\">                                                      <\/div>          <\/div>        <\/div>                        <\/a>              <\/div>            <div class=\"bwg-item\">        <a class=\"bwg-a  bwg_lightbox\"  data-image-id=\"1442\" href=\"https:\/\/tce.pb.gov.br\/portalprimeirainfancia\/wp-content\/uploads\/photo-gallery\/Lancamento-Pacto-212.jpg?bwg=1745943155\" data-elementor-open-lightbox=\"no\">                <div class=\"bwg-item0 \">          <div class=\"bwg-item1 \">            <div class=\"bwg-item2\">              <img decoding=\"async\" class=\"skip-lazy bwg_standart_thumb_img_0 \"                   data-id=\"1442\"                   data-width=\"1200.00\"                   data-height=\"802.00\"                   data-src=\"https:\/\/tce.pb.gov.br\/portalprimeirainfancia\/wp-content\/uploads\/photo-gallery\/thumb\/Lancamento-Pacto-212.jpg?bwg=1745943155\"                   src=\"https:\/\/tce.pb.gov.br\/portalprimeirainfancia\/wp-content\/uploads\/photo-gallery\/thumb\/Lancamento-Pacto-212.jpg?bwg=1745943155\"                   alt=\"\"                   title=\"\" \/>            <\/div>            <div class=\"\">                                                      <\/div>          <\/div>        <\/div>                        <\/a>              <\/div>            <div class=\"bwg-item\">        <a class=\"bwg-a  bwg_lightbox\"  data-image-id=\"1443\" href=\"https:\/\/tce.pb.gov.br\/portalprimeirainfancia\/wp-content\/uploads\/photo-gallery\/Lancamento-Pacto-213.jpg?bwg=1745943155\" data-elementor-open-lightbox=\"no\">                <div class=\"bwg-item0 \">          <div class=\"bwg-item1 \">            <div class=\"bwg-item2\">              <img decoding=\"async\" class=\"skip-lazy bwg_standart_thumb_img_0 \"                   data-id=\"1443\"                   data-width=\"1200.00\"                   data-height=\"802.00\"                   data-src=\"https:\/\/tce.pb.gov.br\/portalprimeirainfancia\/wp-content\/uploads\/photo-gallery\/thumb\/Lancamento-Pacto-213.jpg?bwg=1745943155\"                   src=\"https:\/\/tce.pb.gov.br\/portalprimeirainfancia\/wp-content\/uploads\/photo-gallery\/thumb\/Lancamento-Pacto-213.jpg?bwg=1745943155\"                   alt=\"\"                   title=\"\" \/>            <\/div>            <div class=\"\">                                                      <\/div>          <\/div>        <\/div>                        <\/a>              <\/div>            <div class=\"bwg-item\">        <a class=\"bwg-a  bwg_lightbox\"  data-image-id=\"1444\" href=\"https:\/\/tce.pb.gov.br\/portalprimeirainfancia\/wp-content\/uploads\/photo-gallery\/Lancamento-Pacto-214.jpg?bwg=1745943155\" data-elementor-open-lightbox=\"no\">                <div class=\"bwg-item0 \">          <div class=\"bwg-item1 \">            <div class=\"bwg-item2\">              <img decoding=\"async\" class=\"skip-lazy bwg_standart_thumb_img_0 \"                   data-id=\"1444\"                   data-width=\"1200.00\"                   data-height=\"802.00\"                   data-src=\"https:\/\/tce.pb.gov.br\/portalprimeirainfancia\/wp-content\/uploads\/photo-gallery\/thumb\/Lancamento-Pacto-214.jpg?bwg=1745943155\"                   src=\"https:\/\/tce.pb.gov.br\/portalprimeirainfancia\/wp-content\/uploads\/photo-gallery\/thumb\/Lancamento-Pacto-214.jpg?bwg=1745943155\"                   alt=\"\"                   title=\"\" \/>            <\/div>            <div class=\"\">                                                      <\/div>          <\/div>        <\/div>                        <\/a>              <\/div>            <div class=\"bwg-item\">        <a class=\"bwg-a  bwg_lightbox\"  data-image-id=\"1445\" href=\"https:\/\/tce.pb.gov.br\/portalprimeirainfancia\/wp-content\/uploads\/photo-gallery\/Lancamento-Pacto-215.jpg?bwg=1745943155\" data-elementor-open-lightbox=\"no\">                <div class=\"bwg-item0 \">          <div class=\"bwg-item1 \">            <div class=\"bwg-item2\">              <img decoding=\"async\" class=\"skip-lazy bwg_standart_thumb_img_0 \"                   data-id=\"1445\"                   data-width=\"1200.00\"                   data-height=\"802.00\"                   data-src=\"https:\/\/tce.pb.gov.br\/portalprimeirainfancia\/wp-content\/uploads\/photo-gallery\/thumb\/Lancamento-Pacto-215.jpg?bwg=1745943155\"                   src=\"https:\/\/tce.pb.gov.br\/portalprimeirainfancia\/wp-content\/uploads\/photo-gallery\/thumb\/Lancamento-Pacto-215.jpg?bwg=1745943155\"                   alt=\"\"                   title=\"\" \/>            <\/div>            <div class=\"\">                                                      <\/div>          <\/div>        <\/div>                        <\/a>              <\/div>            <div class=\"bwg-item\">        <a class=\"bwg-a  bwg_lightbox\"  data-image-id=\"1446\" href=\"https:\/\/tce.pb.gov.br\/portalprimeirainfancia\/wp-content\/uploads\/photo-gallery\/Lancamento-Pacto-216.jpg?bwg=1745943155\" data-elementor-open-lightbox=\"no\">                <div class=\"bwg-item0 \">          <div class=\"bwg-item1 \">            <div class=\"bwg-item2\">              <img decoding=\"async\" class=\"skip-lazy bwg_standart_thumb_img_0 \"                   data-id=\"1446\"                   data-width=\"1200.00\"                   data-height=\"802.00\"                   data-src=\"https:\/\/tce.pb.gov.br\/portalprimeirainfancia\/wp-content\/uploads\/photo-gallery\/thumb\/Lancamento-Pacto-216.jpg?bwg=1745943155\"                   src=\"https:\/\/tce.pb.gov.br\/portalprimeirainfancia\/wp-content\/uploads\/photo-gallery\/thumb\/Lancamento-Pacto-216.jpg?bwg=1745943155\"                   alt=\"\"                   title=\"\" \/>            <\/div>            <div class=\"\">                                                      <\/div>          <\/div>        <\/div>                        <\/a>              <\/div>            <div class=\"bwg-item\">        <a class=\"bwg-a  bwg_lightbox\"  data-image-id=\"1447\" href=\"https:\/\/tce.pb.gov.br\/portalprimeirainfancia\/wp-content\/uploads\/photo-gallery\/Lancamento-Pacto-217.jpg?bwg=1745943155\" data-elementor-open-lightbox=\"no\">                <div class=\"bwg-item0 \">          <div class=\"bwg-item1 \">            <div class=\"bwg-item2\">              <img decoding=\"async\" class=\"skip-lazy bwg_standart_thumb_img_0 \"                   data-id=\"1447\"                   data-width=\"802.00\"                   data-height=\"1200.00\"                   data-src=\"https:\/\/tce.pb.gov.br\/portalprimeirainfancia\/wp-content\/uploads\/photo-gallery\/thumb\/Lancamento-Pacto-217.jpg?bwg=1745943155\"                   src=\"https:\/\/tce.pb.gov.br\/portalprimeirainfancia\/wp-content\/uploads\/photo-gallery\/thumb\/Lancamento-Pacto-217.jpg?bwg=1745943155\"                   alt=\"\"                   title=\"\" \/>            <\/div>            <div class=\"\">                                                      <\/div>          <\/div>        <\/div>                        <\/a>              <\/div>            <div class=\"bwg-item\">        <a class=\"bwg-a  bwg_lightbox\"  data-image-id=\"1448\" href=\"https:\/\/tce.pb.gov.br\/portalprimeirainfancia\/wp-content\/uploads\/photo-gallery\/Lancamento-Pacto-218.jpg?bwg=1745943155\" data-elementor-open-lightbox=\"no\">                <div class=\"bwg-item0 \">          <div class=\"bwg-item1 \">            <div class=\"bwg-item2\">              <img decoding=\"async\" class=\"skip-lazy bwg_standart_thumb_img_0 \"                   data-id=\"1448\"                   data-width=\"1200.00\"                   data-height=\"802.00\"                   data-src=\"https:\/\/tce.pb.gov.br\/portalprimeirainfancia\/wp-content\/uploads\/photo-gallery\/thumb\/Lancamento-Pacto-218.jpg?bwg=1745943155\"                   src=\"https:\/\/tce.pb.gov.br\/portalprimeirainfancia\/wp-content\/uploads\/photo-gallery\/thumb\/Lancamento-Pacto-218.jpg?bwg=1745943155\"                   alt=\"\"                   title=\"\" \/>            <\/div>            <div class=\"\">                                                      <\/div>          <\/div>        <\/div>                        <\/a>              <\/div>            <div class=\"bwg-item\">        <a class=\"bwg-a  bwg_lightbox\"  data-image-id=\"1449\" href=\"https:\/\/tce.pb.gov.br\/portalprimeirainfancia\/wp-content\/uploads\/photo-gallery\/Lancamento-Pacto-219.jpg?bwg=1745943155\" data-elementor-open-lightbox=\"no\">                <div class=\"bwg-item0 \">          <div class=\"bwg-item1 \">            <div class=\"bwg-item2\">              <img decoding=\"async\" class=\"skip-lazy bwg_standart_thumb_img_0 \"                   data-id=\"1449\"                   data-width=\"1200.00\"                   data-height=\"802.00\"                   data-src=\"https:\/\/tce.pb.gov.br\/portalprimeirainfancia\/wp-content\/uploads\/photo-gallery\/thumb\/Lancamento-Pacto-219.jpg?bwg=1745943155\"                   src=\"https:\/\/tce.pb.gov.br\/portalprimeirainfancia\/wp-content\/uploads\/photo-gallery\/thumb\/Lancamento-Pacto-219.jpg?bwg=1745943155\"                   alt=\"\"                   title=\"\" \/>            <\/div>            <div class=\"\">                                                      <\/div>          <\/div>        <\/div>                        <\/a>              <\/div>            <div class=\"bwg-item\">        <a class=\"bwg-a  bwg_lightbox\"  data-image-id=\"1450\" href=\"https:\/\/tce.pb.gov.br\/portalprimeirainfancia\/wp-content\/uploads\/photo-gallery\/Lancamento-Pacto-220.jpg?bwg=1745943155\" data-elementor-open-lightbox=\"no\">                <div class=\"bwg-item0 \">          <div class=\"bwg-item1 \">            <div class=\"bwg-item2\">              <img decoding=\"async\" class=\"skip-lazy bwg_standart_thumb_img_0 \"                   data-id=\"1450\"                   data-width=\"802.00\"                   data-height=\"1200.00\"                   data-src=\"https:\/\/tce.pb.gov.br\/portalprimeirainfancia\/wp-content\/uploads\/photo-gallery\/thumb\/Lancamento-Pacto-220.jpg?bwg=1745943155\"                   src=\"https:\/\/tce.pb.gov.br\/portalprimeirainfancia\/wp-content\/uploads\/photo-gallery\/thumb\/Lancamento-Pacto-220.jpg?bwg=1745943155\"                   alt=\"\"                   title=\"\" \/>            <\/div>            <div class=\"\">                                                      <\/div>          <\/div>        <\/div>                        <\/a>              <\/div>            <div class=\"bwg-item\">        <a class=\"bwg-a  bwg_lightbox\"  data-image-id=\"1451\" href=\"https:\/\/tce.pb.gov.br\/portalprimeirainfancia\/wp-content\/uploads\/photo-gallery\/Lancamento-Pacto-221.jpg?bwg=1745943155\" data-elementor-open-lightbox=\"no\">                <div class=\"bwg-item0 \">          <div class=\"bwg-item1 \">            <div class=\"bwg-item2\">              <img decoding=\"async\" class=\"skip-lazy bwg_standart_thumb_img_0 \"                   data-id=\"1451\"                   data-width=\"1200.00\"                   data-height=\"802.00\"                   data-src=\"https:\/\/tce.pb.gov.br\/portalprimeirainfancia\/wp-content\/uploads\/photo-gallery\/thumb\/Lancamento-Pacto-221.jpg?bwg=1745943155\"                   src=\"https:\/\/tce.pb.gov.br\/portalprimeirainfancia\/wp-content\/uploads\/photo-gallery\/thumb\/Lancamento-Pacto-221.jpg?bwg=1745943155\"                   alt=\"\"                   title=\"\" \/>            <\/div>            <div class=\"\">                                                      <\/div>          <\/div>        <\/div>                        <\/a>              <\/div>            <div class=\"bwg-item\">        <a class=\"bwg-a  bwg_lightbox\"  data-image-id=\"1452\" href=\"https:\/\/tce.pb.gov.br\/portalprimeirainfancia\/wp-content\/uploads\/photo-gallery\/Lancamento-Pacto-222.jpg?bwg=1745943155\" data-elementor-open-lightbox=\"no\">                <div class=\"bwg-item0 \">          <div class=\"bwg-item1 \">            <div class=\"bwg-item2\">              <img decoding=\"async\" class=\"skip-lazy bwg_standart_thumb_img_0 \"                   data-id=\"1452\"                   data-width=\"1200.00\"                   data-height=\"802.00\"                   data-src=\"https:\/\/tce.pb.gov.br\/portalprimeirainfancia\/wp-content\/uploads\/photo-gallery\/thumb\/Lancamento-Pacto-222.jpg?bwg=1745943155\"                   src=\"https:\/\/tce.pb.gov.br\/portalprimeirainfancia\/wp-content\/uploads\/photo-gallery\/thumb\/Lancamento-Pacto-222.jpg?bwg=1745943155\"                   alt=\"\"                   title=\"\" \/>            <\/div>            <div class=\"\">                                                      <\/div>          <\/div>        <\/div>                        <\/a>              <\/div>            <div class=\"bwg-item\">        <a class=\"bwg-a  bwg_lightbox\"  data-image-id=\"1453\" href=\"https:\/\/tce.pb.gov.br\/portalprimeirainfancia\/wp-content\/uploads\/photo-gallery\/Lancamento-Pacto-223.jpg?bwg=1745943155\" data-elementor-open-lightbox=\"no\">                <div class=\"bwg-item0 \">          <div class=\"bwg-item1 \">            <div class=\"bwg-item2\">              <img decoding=\"async\" class=\"skip-lazy bwg_standart_thumb_img_0 \"                   data-id=\"1453\"                   data-width=\"1200.00\"                   data-height=\"802.00\"                   data-src=\"https:\/\/tce.pb.gov.br\/portalprimeirainfancia\/wp-content\/uploads\/photo-gallery\/thumb\/Lancamento-Pacto-223.jpg?bwg=1745943155\"                   src=\"https:\/\/tce.pb.gov.br\/portalprimeirainfancia\/wp-content\/uploads\/photo-gallery\/thumb\/Lancamento-Pacto-223.jpg?bwg=1745943155\"                   alt=\"\"                   title=\"\" \/>            <\/div>            <div class=\"\">                                                      <\/div>          <\/div>        <\/div>                        <\/a>              <\/div>            <div class=\"bwg-item\">        <a class=\"bwg-a  bwg_lightbox\"  data-image-id=\"1454\" href=\"https:\/\/tce.pb.gov.br\/portalprimeirainfancia\/wp-content\/uploads\/photo-gallery\/Lancamento-Pacto-1.jpg?bwg=1745943155\" data-elementor-open-lightbox=\"no\">                <div class=\"bwg-item0 \">          <div class=\"bwg-item1 \">            <div class=\"bwg-item2\">              <img decoding=\"async\" class=\"skip-lazy bwg_standart_thumb_img_0 \"                   data-id=\"1454\"                   data-width=\"1200.00\"                   data-height=\"800.00\"                   data-src=\"https:\/\/tce.pb.gov.br\/portalprimeirainfancia\/wp-content\/uploads\/photo-gallery\/thumb\/Lancamento-Pacto-1.jpg?bwg=1745943155\"                   src=\"https:\/\/tce.pb.gov.br\/portalprimeirainfancia\/wp-content\/uploads\/photo-gallery\/thumb\/Lancamento-Pacto-1.jpg?bwg=1745943155\"                   alt=\"\"                   title=\"\" \/>            <\/div>            <div class=\"\">                                                      <\/div>          <\/div>        <\/div>                        <\/a>              <\/div>            <div class=\"bwg-item\">        <a class=\"bwg-a  bwg_lightbox\"  data-image-id=\"1455\" href=\"https:\/\/tce.pb.gov.br\/portalprimeirainfancia\/wp-content\/uploads\/photo-gallery\/Lancamento-Pacto-2.jpg?bwg=1745943155\" data-elementor-open-lightbox=\"no\">                <div class=\"bwg-item0 \">          <div class=\"bwg-item1 \">            <div class=\"bwg-item2\">              <img decoding=\"async\" class=\"skip-lazy bwg_standart_thumb_img_0 \"                   data-id=\"1455\"                   data-width=\"1200.00\"                   data-height=\"800.00\"                   data-src=\"https:\/\/tce.pb.gov.br\/portalprimeirainfancia\/wp-content\/uploads\/photo-gallery\/thumb\/Lancamento-Pacto-2.jpg?bwg=1745943155\"                   src=\"https:\/\/tce.pb.gov.br\/portalprimeirainfancia\/wp-content\/uploads\/photo-gallery\/thumb\/Lancamento-Pacto-2.jpg?bwg=1745943155\"                   alt=\"\"                   title=\"\" \/>            <\/div>            <div class=\"\">                                                      <\/div>          <\/div>        <\/div>                        <\/a>              <\/div>            <div class=\"bwg-item\">        <a class=\"bwg-a  bwg_lightbox\"  data-image-id=\"1456\" href=\"https:\/\/tce.pb.gov.br\/portalprimeirainfancia\/wp-content\/uploads\/photo-gallery\/Lancamento-Pacto-3.jpg?bwg=1745943155\" data-elementor-open-lightbox=\"no\">                <div class=\"bwg-item0 \">          <div class=\"bwg-item1 \">            <div class=\"bwg-item2\">              <img decoding=\"async\" class=\"skip-lazy bwg_standart_thumb_img_0 \"                   data-id=\"1456\"                   data-width=\"1200.00\"                   data-height=\"800.00\"                   data-src=\"https:\/\/tce.pb.gov.br\/portalprimeirainfancia\/wp-content\/uploads\/photo-gallery\/thumb\/Lancamento-Pacto-3.jpg?bwg=1745943155\"                   src=\"https:\/\/tce.pb.gov.br\/portalprimeirainfancia\/wp-content\/uploads\/photo-gallery\/thumb\/Lancamento-Pacto-3.jpg?bwg=1745943155\"                   alt=\"\"                   title=\"\" \/>            <\/div>            <div class=\"\">                                                      <\/div>          <\/div>        <\/div>                        <\/a>              <\/div>            <div class=\"bwg-item\">        <a class=\"bwg-a  bwg_lightbox\"  data-image-id=\"1457\" href=\"https:\/\/tce.pb.gov.br\/portalprimeirainfancia\/wp-content\/uploads\/photo-gallery\/Lancamento-Pacto-4.jpg?bwg=1745943155\" data-elementor-open-lightbox=\"no\">                <div class=\"bwg-item0 \">          <div class=\"bwg-item1 \">            <div class=\"bwg-item2\">              <img decoding=\"async\" class=\"skip-lazy bwg_standart_thumb_img_0 \"                   data-id=\"1457\"                   data-width=\"1200.00\"                   data-height=\"800.00\"                   data-src=\"https:\/\/tce.pb.gov.br\/portalprimeirainfancia\/wp-content\/uploads\/photo-gallery\/thumb\/Lancamento-Pacto-4.jpg?bwg=1745943155\"                   src=\"https:\/\/tce.pb.gov.br\/portalprimeirainfancia\/wp-content\/uploads\/photo-gallery\/thumb\/Lancamento-Pacto-4.jpg?bwg=1745943155\"                   alt=\"\"                   title=\"\" \/>            <\/div>            <div class=\"\">                                                      <\/div>          <\/div>        <\/div>                        <\/a>              <\/div>            <div class=\"bwg-item\">        <a class=\"bwg-a  bwg_lightbox\"  data-image-id=\"1458\" href=\"https:\/\/tce.pb.gov.br\/portalprimeirainfancia\/wp-content\/uploads\/photo-gallery\/Lancamento-Pacto-5.jpg?bwg=1745943155\" data-elementor-open-lightbox=\"no\">                <div class=\"bwg-item0 \">          <div class=\"bwg-item1 \">            <div class=\"bwg-item2\">              <img decoding=\"async\" class=\"skip-lazy bwg_standart_thumb_img_0 \"                   data-id=\"1458\"                   data-width=\"1200.00\"                   data-height=\"800.00\"                   data-src=\"https:\/\/tce.pb.gov.br\/portalprimeirainfancia\/wp-content\/uploads\/photo-gallery\/thumb\/Lancamento-Pacto-5.jpg?bwg=1745943155\"                   src=\"https:\/\/tce.pb.gov.br\/portalprimeirainfancia\/wp-content\/uploads\/photo-gallery\/thumb\/Lancamento-Pacto-5.jpg?bwg=1745943155\"                   alt=\"\"                   title=\"\" \/>            <\/div>            <div class=\"\">                                                      <\/div>          <\/div>        <\/div>                        <\/a>              <\/div>            <div class=\"bwg-item\">        <a class=\"bwg-a  bwg_lightbox\"  data-image-id=\"1459\" href=\"https:\/\/tce.pb.gov.br\/portalprimeirainfancia\/wp-content\/uploads\/photo-gallery\/Lancamento-Pacto-6.jpg?bwg=1745943155\" data-elementor-open-lightbox=\"no\">                <div class=\"bwg-item0 \">          <div class=\"bwg-item1 \">            <div class=\"bwg-item2\">              <img decoding=\"async\" class=\"skip-lazy bwg_standart_thumb_img_0 \"                   data-id=\"1459\"                   data-width=\"1200.00\"                   data-height=\"800.00\"                   data-src=\"https:\/\/tce.pb.gov.br\/portalprimeirainfancia\/wp-content\/uploads\/photo-gallery\/thumb\/Lancamento-Pacto-6.jpg?bwg=1745943155\"                   src=\"https:\/\/tce.pb.gov.br\/portalprimeirainfancia\/wp-content\/uploads\/photo-gallery\/thumb\/Lancamento-Pacto-6.jpg?bwg=1745943155\"                   alt=\"\"                   title=\"\" \/>            <\/div>            <div class=\"\">                                                      <\/div>          <\/div>        <\/div>                        <\/a>              <\/div>          <\/div>    <style>      \/*pagination styles*\/      #bwg_container1_0 #bwg_container2_0 .tablenav-pages_0 {\t\t\t\ttext-align: center;\t\t\t\tfont-size: 12px;\t\t\t\tfont-family: Ubuntu;\t\t\t\tfont-weight: bold;\t\t\t\tcolor: #666666;\t\t\t\tmargin: 6px 0 4px;\t\t\t\tdisplay: block;      }      @media only screen and (max-width : 320px) {      #bwg_container1_0 #bwg_container2_0 .displaying-num_0 {     \t display: none;      }      }      #bwg_container1_0 #bwg_container2_0 .displaying-num_0 {\t\t\t\tfont-size: 12px;\t\t\t\tfont-family: Ubuntu;\t\t\t\tfont-weight: bold;\t\t\t\tcolor: #666666;\t\t\t\tmargin-right: 10px;\t\t\t\tvertical-align: middle;      }      #bwg_container1_0 #bwg_container2_0 .paging-input_0 {\t\t\t\tfont-size: 12px;\t\t\t\tfont-family: Ubuntu;\t\t\t\tfont-weight: bold;\t\t\t\tcolor: #666666;\t\t\t\tvertical-align: middle;      }      #bwg_container1_0 #bwg_container2_0 .tablenav-pages_0 a.disabled,      #bwg_container1_0 #bwg_container2_0 .tablenav-pages_0 a.disabled:hover,      #bwg_container1_0 #bwg_container2_0 .tablenav-pages_0 a.disabled:focus,\t\t\t#bwg_container1_0 #bwg_container2_0 .tablenav-pages_0 input.bwg_current_page {\t\t\t\tcursor: default;\t\t\t\tcolor: rgba(102, 102, 102, 0.5);      }      #bwg_container1_0 #bwg_container2_0 .tablenav-pages_0 a,      #bwg_container1_0 #bwg_container2_0 .tablenav-pages_0 input.bwg_current_page {\t\t\t\tcursor: pointer;\t\t\t\ttext-align: center;\t\t\t\tfont-size: 12px;\t\t\t\tfont-family: Ubuntu;\t\t\t\tfont-weight: bold;\t\t\t\tcolor: #666666;\t\t\t\ttext-decoration: none;\t\t\t\tpadding: 3px 6px;\t\t\t\tmargin: 0;\t\t\t\tborder-radius: 0;\t\t\t\tborder-style: solid;\t\t\t\tborder-width: 1px;\t\t\t\tborder-color: #E3E3E3;\t\t\t\t\t\t\t\tbackground-color: rgba(255, 255, 255, 1.00);\t\t\t\tbox-shadow: 0;\t\t\t\ttransition: all 0.3s ease 0s;-webkit-transition: all 0.3s ease 0s;      }      <\/style>      <span class=\"bwg_nav_cont_0\">              <div class=\"tablenav-pages_0\">                      <span class=\"pagination-links_0 pagination-links\" data-pages-count=\"8\">              <span class=\"pagination-links_col1\">              <a class=\"bwg-a first-page disabled\" title=\"Go to the first page\" >\u00ab<\/a>              <a class=\"bwg-a prev-page disabled\" title=\"Go to the previous page\" >\u2039<\/a>              <\/span>\t\t\t\t\t\t\t<span class=\"pagination-links_col2\">\t\t\t\t\t\t\t\t\t<input type=\"number\" class=\"bwg_current_page\" name=\"bwg_current_page\" value=\"1\" data-url-info=\"page_number_0\" onkeypress=\"return bwg_change_page_0(event, this)\" min=\"1\" oninput=\"validity.valid||(value='')\" \/>\t\t\t\t\t\t\t\t\t\tof\t\t\t\t\t\t\t\t\t\t<span class=\"total-pages_0\">\t\t\t\t\t\t\t\t\t\t\t8\t\t\t\t\t\t\t\t\t\t<\/span>\t\t\t\t\t\t\t<\/span>              <span class=\"pagination-links_col3\">                <a class=\"bwg-a next-page-0\" title=\"Go to the next page\" href=\"\/portalprimeirainfancia\/wp-json\/wp\/v2\/posts\/29109?page_number_0=2\">\u203a<\/a>                <a class=\"bwg-a last-page-0\" title=\"Go to the last page\" href=\"\/portalprimeirainfancia\/wp-json\/wp\/v2\/posts\/29109?page_number_0=8\">\u00bb<\/a>              <\/span>\t\t\t\t\t\t<\/span>\t\t\t\t\t\t        <\/div>                <input type=\"hidden\" id=\"page_number_0\" name=\"page_number_0\" value=\"1\" \/>      <script type=\"text\/javascript\">        if( jQuery('.bwg_nav_cont_0').length > 1 ) {          jQuery('.bwg_nav_cont_0').first().remove()        }        function spider_page_0(cur, x, y, load_more) {          if (typeof load_more == \"undefined\") {            var load_more = false;          }          if (jQuery(cur).hasClass('disabled')) {            return false;          }          var items_county_0 = 8;          switch (y) {            case 1:              if (x >= items_county_0) {                document.getElementById('page_number_0').value = items_county_0;              }              else {                document.getElementById('page_number_0').value = x + 1;              }              break;            case 2:              document.getElementById('page_number_0').value = items_county_0;              break;            case -1:              if (x == 1) {                document.getElementById('page_number_0').value = 1;              }              else {                document.getElementById('page_number_0').value = x - 1;              }              break;            case -2:              document.getElementById('page_number_0').value = 1;              break;\t\t\t\t\t\tcase 0:              document.getElementById('page_number_0').value = x;              break;            default:              document.getElementById('page_number_0').value = 1;          }          bwg_ajax('gal_front_form_0', '0', 'bwg_thumbnails_0', '0', '', 'gallery', 0, '', '', load_more, '', 1);        }                    jQuery('.first-page disabled').on('click', function () {              spider_page_0(this, 1, -2, 'numeric');              return false;            });            jQuery('.prev-page disabled').on('click', function () {              spider_page_0(this, 1, -1, 'numeric');              return false;            });            jQuery('.next-page-0').on('click', function () {              spider_page_0(this, 1, 1, 'numeric');              return false;            });            jQuery('.last-page-0').on('click', function () {              spider_page_0(this, 1, 2, 'numeric');              return false;            });        \t\t\t\t\/* Change page on input enter. *\/        function bwg_change_page_0( e, that ) {          if (  e.key == 'Enter' ) {            var to_page = parseInt(jQuery(that).val());            var pages_count = jQuery(that).parents(\".pagination-links\").data(\"pages-count\");            var current_url_param = jQuery(that).attr('data-url-info');            if (to_page > pages_count) {              to_page = 1;            }\t \t\t\t\t\t\t\t\t\t\t\t\tspider_page_0(this, to_page, 0, 'numeric');\t\t\t\t\t\t\treturn false;\t\t\t\t\t\t          }          return true;        }        jQuery('.bwg_load_btn_0').on('click', function () {            spider_page_0(this, 1, 1, true);            return false;        });      <\/script>      <\/span>                <\/div>        <\/form>        <style>          #bwg_container1_0 #bwg_container2_0 #spider_popup_overlay_0 {          background-color: #FFFFFF;          opacity: 0.60;          }          <\/style>        <div id=\"bwg_spider_popup_loading_0\" class=\"bwg_spider_popup_loading\"><\/div>        <div id=\"spider_popup_overlay_0\" class=\"spider_popup_overlay\" onclick=\"spider_destroypopup(1000)\"><\/div>        <input type=\"hidden\" id=\"bwg_random_seed_0\" value=\"1760234444\">                <\/div>    <\/div>    <script>      if (document.readyState === 'complete') {        if( typeof bwg_main_ready == 'function' ) {          if ( jQuery(\"#bwg_container1_0\").height() ) {            bwg_main_ready(jQuery(\"#bwg_container1_0\"));          }        }      } else {        document.addEventListener('DOMContentLoaded', function() {          if( typeof bwg_main_ready == 'function' ) {            if ( jQuery(\"#bwg_container1_0\").height() ) {             bwg_main_ready(jQuery(\"#bwg_container1_0\"));            }          }        });      }    <\/script>    \n","protected":false},"excerpt":{"rendered":"<p>As autoridades que estiveram presentes ao Teatro Pedra do Reino, no Centro de Conven\u00e7\u00f5es de Jo\u00e3o Pessoa, nesta segunda-feira (28), [&hellip;]<\/p>\n","protected":false},"author":6,"featured_media":29180,"comment_status":"open","ping_status":"open","sticky":false,"template":"","format":"standard","meta":{"site-sidebar-layout":"default","site-content-layout":"","ast-site-content-layout":"","site-content-style":"default","site-sidebar-style":"default","ast-global-header-display":"","ast-banner-title-visibility":"","ast-main-header-display":"","ast-hfb-above-header-display":"","ast-hfb-below-header-display":"","ast-hfb-mobile-header-display":"","site-post-title":"","ast-breadcrumbs-content":"","ast-featured-img":"","footer-sml-layout":"","theme-transparent-header-meta":"","adv-header-id-meta":"","stick-header-meta":"","header-above-stick-meta":"","header-main-stick-meta":"","header-below-stick-meta":"","astra-migrate-meta-layouts":"default","ast-page-background-enabled":"default","ast-page-background-meta":{"desktop":{"background-color":"var(--ast-global-color-5)","background-image":"","background-repeat":"repeat","background-position":"center center","background-size":"auto","background-attachment":"scroll","background-type":"","background-media":"","overlay-type":"","overlay-color":"","overlay-opacity":"","overlay-gradient":""},"tablet":{"background-color":"","background-image":"","background-repeat":"repeat","background-position":"center center","background-size":"auto","background-attachment":"scroll","background-type":"","background-media":"","overlay-type":"","overlay-color":"","overlay-opacity":"","overlay-gradient":""},"mobile":{"background-color":"","background-image":"","background-repeat":"repeat","background-position":"center center","background-size":"auto","background-attachment":"scroll","background-type":"","background-media":"","overlay-type":"","overlay-color":"","overlay-opacity":"","overlay-gradient":""}},"ast-content-background-meta":{"desktop":{"background-color":"var(--ast-global-color-4)","background-image":"","background-repeat":"repeat","background-position":"center center","background-size":"auto","background-attachment":"scroll","background-type":"","background-media":"","overlay-type":"","overlay-color":"","overlay-opacity":"","overlay-gradient":""},"tablet":{"background-color":"var(--ast-global-color-4)","background-image":"","background-repeat":"repeat","background-position":"center center","background-size":"auto","background-attachment":"scroll","background-type":"","background-media":"","overlay-type":"","overlay-color":"","overlay-opacity":"","overlay-gradient":""},"mobile":{"background-color":"var(--ast-global-color-4)","background-image":"","background-repeat":"repeat","background-position":"center center","background-size":"auto","background-attachment":"scroll","background-type":"","background-media":"","overlay-type":"","overlay-color":"","overlay-opacity":"","overlay-gradient":""}},"_jetpack_memberships_contains_paid_content":false,"footnotes":""},"categories":[24,7],"tags":[],"class_list":["post-29109","post","type-post","status-publish","format-standard","has-post-thumbnail","hentry","category-destaques","category-noticias"],"yoast_head":"<!-- This site is optimized with the Yoast SEO plugin v27.5 - https:\/\/yoast.com\/product\/yoast-seo-wordpress\/ -->\n<title>Assinatura de Pacto pela Primeira Inf\u00e2ncia termina com palestras e autoridades destacam iniciativa do TCE-PB %<\/title>\n<meta name=\"description\" content=\"Assinatura de Pacto pela Primeira Inf\u00e2ncia termina com palestras e autoridades destacam iniciativa do TCE-PB %\" \/>\n<meta name=\"robots\" content=\"index, follow, max-snippet:-1, max-image-preview:large, max-video-preview:-1\" \/>\n<link rel=\"canonical\" href=\"https:\/\/tce.pb.gov.br\/portalprimeirainfancia\/assinatura-de-pacto-pela-primeira-infancia-termina-com-palestras-e-autoridades-destacam-iniciativa-do-tce-pb\/\" \/>\n<meta property=\"og:locale\" content=\"pt_BR\" \/>\n<meta property=\"og:type\" content=\"article\" \/>\n<meta property=\"og:title\" content=\"Assinatura de Pacto pela Primeira Inf\u00e2ncia termina com palestras e autoridades destacam iniciativa do TCE-PB %\" \/>\n<meta property=\"og:description\" content=\"Assinatura de Pacto pela Primeira Inf\u00e2ncia termina com palestras e autoridades destacam iniciativa do TCE-PB %\" \/>\n<meta property=\"og:url\" content=\"https:\/\/tce.pb.gov.br\/portalprimeirainfancia\/assinatura-de-pacto-pela-primeira-infancia-termina-com-palestras-e-autoridades-destacam-iniciativa-do-tce-pb\/\" \/>\n<meta property=\"og:site_name\" content=\"Pacto Paraibano pela Primeira Inf\u00e2ncia\" \/>\n<meta property=\"article:published_time\" content=\"2025-04-29T01:56:35+00:00\" \/>\n<meta property=\"article:modified_time\" content=\"2025-04-29T16:34:27+00:00\" \/>\n<meta property=\"og:image\" content=\"https:\/\/tce.pb.gov.br\/portalprimeirainfancia\/wp-content\/uploads\/2025\/04\/Lancamento-Pacto-110-scaled.jpg\" \/>\n\t<meta property=\"og:image:width\" content=\"2560\" \/>\n\t<meta property=\"og:image:height\" content=\"1707\" \/>\n\t<meta property=\"og:image:type\" content=\"image\/jpeg\" \/>\n<meta name=\"author\" content=\"Rafael Massoni\" \/>\n<meta name=\"twitter:card\" content=\"summary_large_image\" \/>\n<meta name=\"twitter:label1\" content=\"Escrito por\" \/>\n\t<meta name=\"twitter:data1\" content=\"Rafael Massoni\" \/>\n\t<meta name=\"twitter:label2\" content=\"Est. tempo de leitura\" \/>\n\t<meta name=\"twitter:data2\" content=\"8 minutos\" \/>\n<script type=\"application\/ld+json\" class=\"yoast-schema-graph\">{\"@context\":\"https:\\\/\\\/schema.org\",\"@graph\":[{\"@type\":\"NewsArticle\",\"@id\":\"https:\\\/\\\/tce.pb.gov.br\\\/portalprimeirainfancia\\\/assinatura-de-pacto-pela-primeira-infancia-termina-com-palestras-e-autoridades-destacam-iniciativa-do-tce-pb\\\/#article\",\"isPartOf\":{\"@id\":\"https:\\\/\\\/tce.pb.gov.br\\\/portalprimeirainfancia\\\/assinatura-de-pacto-pela-primeira-infancia-termina-com-palestras-e-autoridades-destacam-iniciativa-do-tce-pb\\\/\"},\"author\":{\"name\":\"Rafael Massoni\",\"@id\":\"https:\\\/\\\/tce.pb.gov.br\\\/portalprimeirainfancia\\\/#\\\/schema\\\/person\\\/6a39eea5836dda604de1c5e5b7d62141\"},\"headline\":\"Assinatura de Pacto pela Primeira Inf\u00e2ncia termina com palestras e autoridades destacam iniciativa do TCE-PB\",\"datePublished\":\"2025-04-29T01:56:35+00:00\",\"dateModified\":\"2025-04-29T16:34:27+00:00\",\"mainEntityOfPage\":{\"@id\":\"https:\\\/\\\/tce.pb.gov.br\\\/portalprimeirainfancia\\\/assinatura-de-pacto-pela-primeira-infancia-termina-com-palestras-e-autoridades-destacam-iniciativa-do-tce-pb\\\/\"},\"wordCount\":846,\"commentCount\":0,\"publisher\":{\"@id\":\"https:\\\/\\\/tce.pb.gov.br\\\/portalprimeirainfancia\\\/#organization\"},\"image\":{\"@id\":\"https:\\\/\\\/tce.pb.gov.br\\\/portalprimeirainfancia\\\/assinatura-de-pacto-pela-primeira-infancia-termina-com-palestras-e-autoridades-destacam-iniciativa-do-tce-pb\\\/#primaryimage\"},\"thumbnailUrl\":\"https:\\\/\\\/tce.pb.gov.br\\\/portalprimeirainfancia\\\/wp-content\\\/uploads\\\/2025\\\/04\\\/Lancamento-Pacto-110-scaled.jpg\",\"articleSection\":[\"Destaques\",\"Not\u00edcias\"],\"inLanguage\":\"pt-BR\",\"potentialAction\":[{\"@type\":\"CommentAction\",\"name\":\"Comment\",\"target\":[\"https:\\\/\\\/tce.pb.gov.br\\\/portalprimeirainfancia\\\/assinatura-de-pacto-pela-primeira-infancia-termina-com-palestras-e-autoridades-destacam-iniciativa-do-tce-pb\\\/#respond\"]}]},{\"@type\":\"WebPage\",\"@id\":\"https:\\\/\\\/tce.pb.gov.br\\\/portalprimeirainfancia\\\/assinatura-de-pacto-pela-primeira-infancia-termina-com-palestras-e-autoridades-destacam-iniciativa-do-tce-pb\\\/\",\"url\":\"https:\\\/\\\/tce.pb.gov.br\\\/portalprimeirainfancia\\\/assinatura-de-pacto-pela-primeira-infancia-termina-com-palestras-e-autoridades-destacam-iniciativa-do-tce-pb\\\/\",\"name\":\"Assinatura de Pacto pela Primeira Inf\u00e2ncia termina com palestras e autoridades destacam iniciativa do TCE-PB %\",\"isPartOf\":{\"@id\":\"https:\\\/\\\/tce.pb.gov.br\\\/portalprimeirainfancia\\\/#website\"},\"primaryImageOfPage\":{\"@id\":\"https:\\\/\\\/tce.pb.gov.br\\\/portalprimeirainfancia\\\/assinatura-de-pacto-pela-primeira-infancia-termina-com-palestras-e-autoridades-destacam-iniciativa-do-tce-pb\\\/#primaryimage\"},\"image\":{\"@id\":\"https:\\\/\\\/tce.pb.gov.br\\\/portalprimeirainfancia\\\/assinatura-de-pacto-pela-primeira-infancia-termina-com-palestras-e-autoridades-destacam-iniciativa-do-tce-pb\\\/#primaryimage\"},\"thumbnailUrl\":\"https:\\\/\\\/tce.pb.gov.br\\\/portalprimeirainfancia\\\/wp-content\\\/uploads\\\/2025\\\/04\\\/Lancamento-Pacto-110-scaled.jpg\",\"datePublished\":\"2025-04-29T01:56:35+00:00\",\"dateModified\":\"2025-04-29T16:34:27+00:00\",\"description\":\"Assinatura de Pacto pela Primeira Inf\u00e2ncia termina com palestras e autoridades destacam iniciativa do TCE-PB %\",\"breadcrumb\":{\"@id\":\"https:\\\/\\\/tce.pb.gov.br\\\/portalprimeirainfancia\\\/assinatura-de-pacto-pela-primeira-infancia-termina-com-palestras-e-autoridades-destacam-iniciativa-do-tce-pb\\\/#breadcrumb\"},\"inLanguage\":\"pt-BR\",\"potentialAction\":[{\"@type\":\"ReadAction\",\"target\":[\"https:\\\/\\\/tce.pb.gov.br\\\/portalprimeirainfancia\\\/assinatura-de-pacto-pela-primeira-infancia-termina-com-palestras-e-autoridades-destacam-iniciativa-do-tce-pb\\\/\"]}]},{\"@type\":\"ImageObject\",\"inLanguage\":\"pt-BR\",\"@id\":\"https:\\\/\\\/tce.pb.gov.br\\\/portalprimeirainfancia\\\/assinatura-de-pacto-pela-primeira-infancia-termina-com-palestras-e-autoridades-destacam-iniciativa-do-tce-pb\\\/#primaryimage\",\"url\":\"https:\\\/\\\/tce.pb.gov.br\\\/portalprimeirainfancia\\\/wp-content\\\/uploads\\\/2025\\\/04\\\/Lancamento-Pacto-110-scaled.jpg\",\"contentUrl\":\"https:\\\/\\\/tce.pb.gov.br\\\/portalprimeirainfancia\\\/wp-content\\\/uploads\\\/2025\\\/04\\\/Lancamento-Pacto-110-scaled.jpg\",\"width\":2560,\"height\":1707},{\"@type\":\"BreadcrumbList\",\"@id\":\"https:\\\/\\\/tce.pb.gov.br\\\/portalprimeirainfancia\\\/assinatura-de-pacto-pela-primeira-infancia-termina-com-palestras-e-autoridades-destacam-iniciativa-do-tce-pb\\\/#breadcrumb\",\"itemListElement\":[{\"@type\":\"ListItem\",\"position\":1,\"name\":\"In\u00edcio\",\"item\":\"https:\\\/\\\/tce.pb.gov.br\\\/portalprimeirainfancia\\\/\"},{\"@type\":\"ListItem\",\"position\":2,\"name\":\"Assinatura de Pacto pela Primeira Inf\u00e2ncia termina com palestras e autoridades destacam iniciativa do TCE-PB\"}]},{\"@type\":\"WebSite\",\"@id\":\"https:\\\/\\\/tce.pb.gov.br\\\/portalprimeirainfancia\\\/#website\",\"url\":\"https:\\\/\\\/tce.pb.gov.br\\\/portalprimeirainfancia\\\/\",\"name\":\"Pacto Paraibano pela Primeira Inf\u00e2ncia\",\"description\":\"Portal para divulga\u00e7\u00e3o do Pacto Paraibano pela Primeira Inf\u00e2ncia\",\"publisher\":{\"@id\":\"https:\\\/\\\/tce.pb.gov.br\\\/portalprimeirainfancia\\\/#organization\"},\"potentialAction\":[{\"@type\":\"SearchAction\",\"target\":{\"@type\":\"EntryPoint\",\"urlTemplate\":\"https:\\\/\\\/tce.pb.gov.br\\\/portalprimeirainfancia\\\/?s={search_term_string}\"},\"query-input\":{\"@type\":\"PropertyValueSpecification\",\"valueRequired\":true,\"valueName\":\"search_term_string\"}}],\"inLanguage\":\"pt-BR\"},{\"@type\":\"Organization\",\"@id\":\"https:\\\/\\\/tce.pb.gov.br\\\/portalprimeirainfancia\\\/#organization\",\"name\":\"Pacto Paraibano pela Primeira Inf\u00e2ncia\",\"alternateName\":\"TCE-PB\",\"url\":\"https:\\\/\\\/tce.pb.gov.br\\\/portalprimeirainfancia\\\/\",\"logo\":{\"@type\":\"ImageObject\",\"inLanguage\":\"pt-BR\",\"@id\":\"https:\\\/\\\/tce.pb.gov.br\\\/portalprimeirainfancia\\\/#\\\/schema\\\/logo\\\/image\\\/\",\"url\":\"https:\\\/\\\/tce.pb.gov.br\\\/portalprimeirainfancia\\\/wp-content\\\/uploads\\\/2025\\\/05\\\/Pacto-Whatsapp.png\",\"contentUrl\":\"https:\\\/\\\/tce.pb.gov.br\\\/portalprimeirainfancia\\\/wp-content\\\/uploads\\\/2025\\\/05\\\/Pacto-Whatsapp.png\",\"width\":427,\"height\":427,\"caption\":\"Pacto Paraibano pela Primeira Inf\u00e2ncia\"},\"image\":{\"@id\":\"https:\\\/\\\/tce.pb.gov.br\\\/portalprimeirainfancia\\\/#\\\/schema\\\/logo\\\/image\\\/\"},\"sameAs\":[\"https:\\\/\\\/www.instagram.com\\\/tcepb\\\/\"]},{\"@type\":\"Person\",\"@id\":\"https:\\\/\\\/tce.pb.gov.br\\\/portalprimeirainfancia\\\/#\\\/schema\\\/person\\\/6a39eea5836dda604de1c5e5b7d62141\",\"name\":\"Rafael Massoni\"}]}<\/script>\n<!-- \/ Yoast SEO plugin. -->","yoast_head_json":{"title":"Assinatura de Pacto pela Primeira Inf\u00e2ncia termina com palestras e autoridades destacam iniciativa do TCE-PB %","description":"Assinatura de Pacto pela Primeira Inf\u00e2ncia termina com palestras e autoridades destacam iniciativa do TCE-PB %","robots":{"index":"index","follow":"follow","max-snippet":"max-snippet:-1","max-image-preview":"max-image-preview:large","max-video-preview":"max-video-preview:-1"},"canonical":"https:\/\/tce.pb.gov.br\/portalprimeirainfancia\/assinatura-de-pacto-pela-primeira-infancia-termina-com-palestras-e-autoridades-destacam-iniciativa-do-tce-pb\/","og_locale":"pt_BR","og_type":"article","og_title":"Assinatura de Pacto pela Primeira Inf\u00e2ncia termina com palestras e autoridades destacam iniciativa do TCE-PB %","og_description":"Assinatura de Pacto pela Primeira Inf\u00e2ncia termina com palestras e autoridades destacam iniciativa do TCE-PB %","og_url":"https:\/\/tce.pb.gov.br\/portalprimeirainfancia\/assinatura-de-pacto-pela-primeira-infancia-termina-com-palestras-e-autoridades-destacam-iniciativa-do-tce-pb\/","og_site_name":"Pacto Paraibano pela Primeira Inf\u00e2ncia","article_published_time":"2025-04-29T01:56:35+00:00","article_modified_time":"2025-04-29T16:34:27+00:00","og_image":[{"width":2560,"height":1707,"url":"https:\/\/tce.pb.gov.br\/portalprimeirainfancia\/wp-content\/uploads\/2025\/04\/Lancamento-Pacto-110-scaled.jpg","type":"image\/jpeg"}],"author":"Rafael Massoni","twitter_card":"summary_large_image","twitter_misc":{"Escrito por":"Rafael Massoni","Est. tempo de leitura":"8 minutos"},"schema":{"@context":"https:\/\/schema.org","@graph":[{"@type":"NewsArticle","@id":"https:\/\/tce.pb.gov.br\/portalprimeirainfancia\/assinatura-de-pacto-pela-primeira-infancia-termina-com-palestras-e-autoridades-destacam-iniciativa-do-tce-pb\/#article","isPartOf":{"@id":"https:\/\/tce.pb.gov.br\/portalprimeirainfancia\/assinatura-de-pacto-pela-primeira-infancia-termina-com-palestras-e-autoridades-destacam-iniciativa-do-tce-pb\/"},"author":{"name":"Rafael Massoni","@id":"https:\/\/tce.pb.gov.br\/portalprimeirainfancia\/#\/schema\/person\/6a39eea5836dda604de1c5e5b7d62141"},"headline":"Assinatura de Pacto pela Primeira Inf\u00e2ncia termina com palestras e autoridades destacam iniciativa do TCE-PB","datePublished":"2025-04-29T01:56:35+00:00","dateModified":"2025-04-29T16:34:27+00:00","mainEntityOfPage":{"@id":"https:\/\/tce.pb.gov.br\/portalprimeirainfancia\/assinatura-de-pacto-pela-primeira-infancia-termina-com-palestras-e-autoridades-destacam-iniciativa-do-tce-pb\/"},"wordCount":846,"commentCount":0,"publisher":{"@id":"https:\/\/tce.pb.gov.br\/portalprimeirainfancia\/#organization"},"image":{"@id":"https:\/\/tce.pb.gov.br\/portalprimeirainfancia\/assinatura-de-pacto-pela-primeira-infancia-termina-com-palestras-e-autoridades-destacam-iniciativa-do-tce-pb\/#primaryimage"},"thumbnailUrl":"https:\/\/tce.pb.gov.br\/portalprimeirainfancia\/wp-content\/uploads\/2025\/04\/Lancamento-Pacto-110-scaled.jpg","articleSection":["Destaques","Not\u00edcias"],"inLanguage":"pt-BR","potentialAction":[{"@type":"CommentAction","name":"Comment","target":["https:\/\/tce.pb.gov.br\/portalprimeirainfancia\/assinatura-de-pacto-pela-primeira-infancia-termina-com-palestras-e-autoridades-destacam-iniciativa-do-tce-pb\/#respond"]}]},{"@type":"WebPage","@id":"https:\/\/tce.pb.gov.br\/portalprimeirainfancia\/assinatura-de-pacto-pela-primeira-infancia-termina-com-palestras-e-autoridades-destacam-iniciativa-do-tce-pb\/","url":"https:\/\/tce.pb.gov.br\/portalprimeirainfancia\/assinatura-de-pacto-pela-primeira-infancia-termina-com-palestras-e-autoridades-destacam-iniciativa-do-tce-pb\/","name":"Assinatura de Pacto pela Primeira Inf\u00e2ncia termina com palestras e autoridades destacam iniciativa do TCE-PB %","isPartOf":{"@id":"https:\/\/tce.pb.gov.br\/portalprimeirainfancia\/#website"},"primaryImageOfPage":{"@id":"https:\/\/tce.pb.gov.br\/portalprimeirainfancia\/assinatura-de-pacto-pela-primeira-infancia-termina-com-palestras-e-autoridades-destacam-iniciativa-do-tce-pb\/#primaryimage"},"image":{"@id":"https:\/\/tce.pb.gov.br\/portalprimeirainfancia\/assinatura-de-pacto-pela-primeira-infancia-termina-com-palestras-e-autoridades-destacam-iniciativa-do-tce-pb\/#primaryimage"},"thumbnailUrl":"https:\/\/tce.pb.gov.br\/portalprimeirainfancia\/wp-content\/uploads\/2025\/04\/Lancamento-Pacto-110-scaled.jpg","datePublished":"2025-04-29T01:56:35+00:00","dateModified":"2025-04-29T16:34:27+00:00","description":"Assinatura de Pacto pela Primeira Inf\u00e2ncia termina com palestras e autoridades destacam iniciativa do TCE-PB %","breadcrumb":{"@id":"https:\/\/tce.pb.gov.br\/portalprimeirainfancia\/assinatura-de-pacto-pela-primeira-infancia-termina-com-palestras-e-autoridades-destacam-iniciativa-do-tce-pb\/#breadcrumb"},"inLanguage":"pt-BR","potentialAction":[{"@type":"ReadAction","target":["https:\/\/tce.pb.gov.br\/portalprimeirainfancia\/assinatura-de-pacto-pela-primeira-infancia-termina-com-palestras-e-autoridades-destacam-iniciativa-do-tce-pb\/"]}]},{"@type":"ImageObject","inLanguage":"pt-BR","@id":"https:\/\/tce.pb.gov.br\/portalprimeirainfancia\/assinatura-de-pacto-pela-primeira-infancia-termina-com-palestras-e-autoridades-destacam-iniciativa-do-tce-pb\/#primaryimage","url":"https:\/\/tce.pb.gov.br\/portalprimeirainfancia\/wp-content\/uploads\/2025\/04\/Lancamento-Pacto-110-scaled.jpg","contentUrl":"https:\/\/tce.pb.gov.br\/portalprimeirainfancia\/wp-content\/uploads\/2025\/04\/Lancamento-Pacto-110-scaled.jpg","width":2560,"height":1707},{"@type":"BreadcrumbList","@id":"https:\/\/tce.pb.gov.br\/portalprimeirainfancia\/assinatura-de-pacto-pela-primeira-infancia-termina-com-palestras-e-autoridades-destacam-iniciativa-do-tce-pb\/#breadcrumb","itemListElement":[{"@type":"ListItem","position":1,"name":"In\u00edcio","item":"https:\/\/tce.pb.gov.br\/portalprimeirainfancia\/"},{"@type":"ListItem","position":2,"name":"Assinatura de Pacto pela Primeira Inf\u00e2ncia termina com palestras e autoridades destacam iniciativa do TCE-PB"}]},{"@type":"WebSite","@id":"https:\/\/tce.pb.gov.br\/portalprimeirainfancia\/#website","url":"https:\/\/tce.pb.gov.br\/portalprimeirainfancia\/","name":"Pacto Paraibano pela Primeira Inf\u00e2ncia","description":"Portal para divulga\u00e7\u00e3o do Pacto Paraibano pela Primeira Inf\u00e2ncia","publisher":{"@id":"https:\/\/tce.pb.gov.br\/portalprimeirainfancia\/#organization"},"potentialAction":[{"@type":"SearchAction","target":{"@type":"EntryPoint","urlTemplate":"https:\/\/tce.pb.gov.br\/portalprimeirainfancia\/?s={search_term_string}"},"query-input":{"@type":"PropertyValueSpecification","valueRequired":true,"valueName":"search_term_string"}}],"inLanguage":"pt-BR"},{"@type":"Organization","@id":"https:\/\/tce.pb.gov.br\/portalprimeirainfancia\/#organization","name":"Pacto Paraibano pela Primeira Inf\u00e2ncia","alternateName":"TCE-PB","url":"https:\/\/tce.pb.gov.br\/portalprimeirainfancia\/","logo":{"@type":"ImageObject","inLanguage":"pt-BR","@id":"https:\/\/tce.pb.gov.br\/portalprimeirainfancia\/#\/schema\/logo\/image\/","url":"https:\/\/tce.pb.gov.br\/portalprimeirainfancia\/wp-content\/uploads\/2025\/05\/Pacto-Whatsapp.png","contentUrl":"https:\/\/tce.pb.gov.br\/portalprimeirainfancia\/wp-content\/uploads\/2025\/05\/Pacto-Whatsapp.png","width":427,"height":427,"caption":"Pacto Paraibano pela Primeira Inf\u00e2ncia"},"image":{"@id":"https:\/\/tce.pb.gov.br\/portalprimeirainfancia\/#\/schema\/logo\/image\/"},"sameAs":["https:\/\/www.instagram.com\/tcepb\/"]},{"@type":"Person","@id":"https:\/\/tce.pb.gov.br\/portalprimeirainfancia\/#\/schema\/person\/6a39eea5836dda604de1c5e5b7d62141","name":"Rafael Massoni"}]}},"jetpack_featured_media_url":"https:\/\/tce.pb.gov.br\/portalprimeirainfancia\/wp-content\/uploads\/2025\/04\/Lancamento-Pacto-110-scaled.jpg","jetpack_sharing_enabled":true,"_links":{"self":[{"href":"https:\/\/tce.pb.gov.br\/portalprimeirainfancia\/wp-json\/wp\/v2\/posts\/29109","targetHints":{"allow":["GET"]}}],"collection":[{"href":"https:\/\/tce.pb.gov.br\/portalprimeirainfancia\/wp-json\/wp\/v2\/posts"}],"about":[{"href":"https:\/\/tce.pb.gov.br\/portalprimeirainfancia\/wp-json\/wp\/v2\/types\/post"}],"author":[{"embeddable":true,"href":"https:\/\/tce.pb.gov.br\/portalprimeirainfancia\/wp-json\/wp\/v2\/users\/6"}],"replies":[{"embeddable":true,"href":"https:\/\/tce.pb.gov.br\/portalprimeirainfancia\/wp-json\/wp\/v2\/comments?post=29109"}],"version-history":[{"count":1,"href":"https:\/\/tce.pb.gov.br\/portalprimeirainfancia\/wp-json\/wp\/v2\/posts\/29109\/revisions"}],"predecessor-version":[{"id":29179,"href":"https:\/\/tce.pb.gov.br\/portalprimeirainfancia\/wp-json\/wp\/v2\/posts\/29109\/revisions\/29179"}],"wp:featuredmedia":[{"embeddable":true,"href":"https:\/\/tce.pb.gov.br\/portalprimeirainfancia\/wp-json\/wp\/v2\/media\/29180"}],"wp:attachment":[{"href":"https:\/\/tce.pb.gov.br\/portalprimeirainfancia\/wp-json\/wp\/v2\/media?parent=29109"}],"wp:term":[{"taxonomy":"category","embeddable":true,"href":"https:\/\/tce.pb.gov.br\/portalprimeirainfancia\/wp-json\/wp\/v2\/categories?post=29109"},{"taxonomy":"post_tag","embeddable":true,"href":"https:\/\/tce.pb.gov.br\/portalprimeirainfancia\/wp-json\/wp\/v2\/tags?post=29109"}],"curies":[{"name":"wp","href":"https:\/\/api.w.org\/{rel}","templated":true}]}}