{"id":29037,"date":"2025-04-25T14:26:01","date_gmt":"2025-04-25T17:26:01","guid":{"rendered":"https:\/\/tce.pb.gov.br\/?p=29037"},"modified":"2025-04-29T13:39:37","modified_gmt":"2025-04-29T16:39:37","slug":"tce-pb-vai-contar-com-23-parceiros-para-o-lancamento-do-pacto-pela-primeira-infancia","status":"publish","type":"post","link":"https:\/\/tce.pb.gov.br\/portalprimeirainfancia\/tce-pb-vai-contar-com-23-parceiros-para-o-lancamento-do-pacto-pela-primeira-infancia\/","title":{"rendered":"TCE-PB vai contar com 23 parceiros para o lan\u00e7amento do Pacto pela Primeira Inf\u00e2ncia"},"content":{"rendered":"\n<figure class=\"wp-block-image aligncenter size-large\"><img decoding=\"async\" src=\"https:\/\/tce.pb.gov.br\/wp-content\/uploads\/2025\/04\/TCE-Post-1_Prancheta-1-1-819x1024.png\" alt=\"\" class=\"wp-image-29038\"\/><\/figure>\n\n\n\n<p>O Tribunal de Contas da Para\u00edba vai lan\u00e7ar, na pr\u00f3xima segunda-feira (28), \u00e0s 8 horas, no Teatro Pedra do Reino, o Pacto Paraibano pela Primeira Inf\u00e2ncia. Com a participa\u00e7\u00e3o de 23 parceiros, esta \u00e9 uma iniciativa indutora de pol\u00edticas p\u00fablicas destinadas ao bem-estar f\u00edsico, emocional e educacional de crian\u00e7as de zero a seis anos de idade, fase da vida na qual s\u00e3o estabelecidas suas conex\u00f5es cerebrais.<\/p>\n\n\n\n<p>O Pacto, que tamb\u00e9m trar\u00e1 a Jo\u00e3o Pessoa o ministro do Desenvolvimento e Assist\u00eancia Social Wellington Dias, busca a amplia\u00e7\u00e3o de a\u00e7\u00f5es conjuntas necess\u00e1rias \u00e0 prote\u00e7\u00e3o infantil e a garantia dos direitos da crian\u00e7a. Ser\u00e1 documento com assinaturas de representantes dos Poderes Executivo, Legislativo e Judici\u00e1rio, Minist\u00e9rios P\u00fablico e do Trabalho, Ordem dos Advogados, meios acad\u00eamicos, setores da ind\u00fastria e do com\u00e9rcio e segmentos organizados da sociedade.<\/p>\n\n\n\n<p>S\u00e3o parceiros, ainda, dessa iniciativa a Associa\u00e7\u00e3o de Membros dos Tribunais de Contas do Brasil (Atricon), o Tribunal de Contas da Uni\u00e3o (TCU), o Instituto Rui Barbosa, a C\u00e2mara dos Deputados, o Governo Estadual, a Assembl\u00e9ia Legislativa, o Tribunal de Justi\u00e7a, o Tribunal Regional do Trabalho da 13\u00aa Regi\u00e3o, as Defensorias P\u00fablicas da Uni\u00e3o e do Estado, a Federa\u00e7\u00e3o das Associa\u00e7\u00f5es dos Munic\u00edpios Paraibanos (Famup), a Unicef, o Instituto Federal da Para\u00edba, as Universidades Federal (UFPB), Estadual (UEPB) e de Campina Grande (UFCG), o Sebrae, a Faepa\/Senar, a Federa\u00e7\u00e3o das Ind\u00fastrias da Para\u00edba e a Fecom\u00e9rcio.<\/p>\n\n\n\n<p>Durante o evento, ser\u00e1 apresentado o site da Primeira Inf\u00e2ncia (<a href=\"https:\/\/tce.pb.gov.br\/portalprimeirainfancia\/\">https:\/\/tce.pb.gov.br\/portalprimeirainfancia\/<\/a>), um espa\u00e7o dedicado ao fomento de a\u00e7\u00f5es, \u00e0 divulga\u00e7\u00e3o de boas pr\u00e1ticas e ao acompanhamento de indicadores relacionados \u00e0 situa\u00e7\u00e3o da Primeira Inf\u00e2ncia na Para\u00edba.<\/p>\n\n\n\n<p>O prop\u00f3sito do Pacto pela Primeira Inf\u00e2ncia na Para\u00edba constou do discurso do conselheiro F\u00e1bio Nogueira, quando do momento da sua posse da Presid\u00eancia do TCE, em janeiro passado. Essa preocupa\u00e7\u00e3o ent\u00e3o o levava a anunciar \u201cum olhar especial\u201d em benef\u00edcio do futuro das novas gera\u00e7\u00f5es.<\/p>\n\n\n\n<p><strong>PROGRAMA\u00c7\u00c3O&nbsp;<\/strong>\u2013 O lan\u00e7amento desse Pacto ser\u00e1 feito pelo presidente do TCE-PB, logo depois da abertura do encontro no Teatro Pedra do Reino, ambiente do Centro de Conven\u00e7\u00f5es de Jo\u00e3o Pessoa. A assinatura do documento ocorrer\u00e1 \u00e0s 11h20 e proceder\u00e1 \u00e0 palestra do ministro Wellington Dias sobre \u201cPol\u00edticas P\u00fablicas de Melhorias pela Primeira Inf\u00e2ncia sob a \u00d3tica da Uni\u00e3o\u201d.<\/p>\n\n\n\n<p>Ap\u00f3s intervalo para o almo\u00e7o, os trabalhos prosseguir\u00e3o, \u00e0s 14 horas, com a palestra \u201cPanorama da Para\u00edba no Contexto pela Primeira Inf\u00e2ncia\u201d, a cargo do coordenador do Comit\u00ea Estadual da Primeira Inf\u00e2ncia Roberto Dutra.<\/p>\n\n\n\n<p>O conselheiro Edilberto Pontes, presidente do Instituto Rui Barbosa, falar\u00e1, \u00e0s 14h30, sobre \u201cPrimeira Inf\u00e2ncia: uma Janela de Oportunidades\u201d. \u00c9 tema que ser\u00e1 debatido, em seguida, pelo auditor de controle externo do TCE do Rio Grande do Sul Leo Arno Richter e, ainda, pela secret\u00e1ria executiva da Rede da Primeira Inf\u00e2ncia e, tamb\u00e9m, presidente do Comit\u00ea Gestor do F\u00f3rum de Educa\u00e7\u00e3o Infantil Adelaide Alves Dias.<\/p>\n\n\n\n<p>&nbsp;A apresenta\u00e7\u00e3o, a partir das 15h30, da Matriz de Planejamento da Auditoria Operacional na Pol\u00edtica pela Primeira Inf\u00e2ncia do TCE-PB, ser\u00e1 o \u00faltimo ato do encontro.<\/p>\n\n\n\n<p>Link da Programa\u00e7\u00e3o <a href=\"https:\/\/mail.google.com\/mail\/u\/0\/#inbox?projector=1\">https:\/\/mail.google.com\/mail\/u\/0\/#inbox?projector=1<\/a><\/p>\n\n\n\n<p>Acompanhe o evento pela TV TCE-PB (canal no Yutube) &nbsp;<a href=\"https:\/\/www.youtube.com\/channel\/UCWvNiZAzsk_b5sdIjlYzRHA\">https:\/\/www.youtube.com\/channel\/UCWvNiZAzsk_b5sdIjlYzRHA<\/a><\/p>\n\n\n\n<p><\/p>\n","protected":false},"excerpt":{"rendered":"<p>O Tribunal de Contas da Para\u00edba vai lan\u00e7ar, na pr\u00f3xima segunda-feira (28), \u00e0s 8 horas, no Teatro Pedra do Reino, [&hellip;]<\/p>\n","protected":false},"author":6,"featured_media":29184,"comment_status":"open","ping_status":"open","sticky":false,"template":"","format":"standard","meta":{"site-sidebar-layout":"default","site-content-layout":"","ast-site-content-layout":"","site-content-style":"default","site-sidebar-style":"default","ast-global-header-display":"","ast-banner-title-visibility":"","ast-main-header-display":"","ast-hfb-above-header-display":"","ast-hfb-below-header-display":"","ast-hfb-mobile-header-display":"","site-post-title":"","ast-breadcrumbs-content":"","ast-featured-img":"","footer-sml-layout":"","theme-transparent-header-meta":"","adv-header-id-meta":"","stick-header-meta":"","header-above-stick-meta":"","header-main-stick-meta":"","header-below-stick-meta":"","astra-migrate-meta-layouts":"default","ast-page-background-enabled":"default","ast-page-background-meta":{"desktop":{"background-color":"var(--ast-global-color-5)","background-image":"","background-repeat":"repeat","background-position":"center center","background-size":"auto","background-attachment":"scroll","background-type":"","background-media":"","overlay-type":"","overlay-color":"","overlay-opacity":"","overlay-gradient":""},"tablet":{"background-color":"","background-image":"","background-repeat":"repeat","background-position":"center center","background-size":"auto","background-attachment":"scroll","background-type":"","background-media":"","overlay-type":"","overlay-color":"","overlay-opacity":"","overlay-gradient":""},"mobile":{"background-color":"","background-image":"","background-repeat":"repeat","background-position":"center center","background-size":"auto","background-attachment":"scroll","background-type":"","background-media":"","overlay-type":"","overlay-color":"","overlay-opacity":"","overlay-gradient":""}},"ast-content-background-meta":{"desktop":{"background-color":"var(--ast-global-color-4)","background-image":"","background-repeat":"repeat","background-position":"center center","background-size":"auto","background-attachment":"scroll","background-type":"","background-media":"","overlay-type":"","overlay-color":"","overlay-opacity":"","overlay-gradient":""},"tablet":{"background-color":"var(--ast-global-color-4)","background-image":"","background-repeat":"repeat","background-position":"center center","background-size":"auto","background-attachment":"scroll","background-type":"","background-media":"","overlay-type":"","overlay-color":"","overlay-opacity":"","overlay-gradient":""},"mobile":{"background-color":"var(--ast-global-color-4)","background-image":"","background-repeat":"repeat","background-position":"center center","background-size":"auto","background-attachment":"scroll","background-type":"","background-media":"","overlay-type":"","overlay-color":"","overlay-opacity":"","overlay-gradient":""}},"_jetpack_memberships_contains_paid_content":false,"footnotes":""},"categories":[24,7],"tags":[],"class_list":["post-29037","post","type-post","status-publish","format-standard","has-post-thumbnail","hentry","category-destaques","category-noticias"],"yoast_head":"<!-- This site is optimized with the Yoast SEO plugin v27.5 - https:\/\/yoast.com\/product\/yoast-seo-wordpress\/ -->\n<title>TCE-PB vai contar com 23 parceiros para o lan\u00e7amento do Pacto pela Primeira Inf\u00e2ncia %<\/title>\n<meta name=\"description\" content=\"TCE-PB vai contar com 23 parceiros para o lan\u00e7amento do Pacto pela Primeira Inf\u00e2ncia %\" \/>\n<meta name=\"robots\" content=\"index, follow, max-snippet:-1, max-image-preview:large, max-video-preview:-1\" \/>\n<link rel=\"canonical\" href=\"https:\/\/tce.pb.gov.br\/portalprimeirainfancia\/tce-pb-vai-contar-com-23-parceiros-para-o-lancamento-do-pacto-pela-primeira-infancia\/\" \/>\n<meta property=\"og:locale\" content=\"pt_BR\" \/>\n<meta property=\"og:type\" content=\"article\" \/>\n<meta property=\"og:title\" content=\"TCE-PB vai contar com 23 parceiros para o lan\u00e7amento do Pacto pela Primeira Inf\u00e2ncia %\" \/>\n<meta property=\"og:description\" content=\"TCE-PB vai contar com 23 parceiros para o lan\u00e7amento do Pacto pela Primeira Inf\u00e2ncia %\" \/>\n<meta property=\"og:url\" content=\"https:\/\/tce.pb.gov.br\/portalprimeirainfancia\/tce-pb-vai-contar-com-23-parceiros-para-o-lancamento-do-pacto-pela-primeira-infancia\/\" \/>\n<meta property=\"og:site_name\" content=\"Pacto Paraibano pela Primeira Inf\u00e2ncia\" \/>\n<meta property=\"article:published_time\" content=\"2025-04-25T17:26:01+00:00\" \/>\n<meta property=\"article:modified_time\" content=\"2025-04-29T16:39:37+00:00\" \/>\n<meta property=\"og:image\" content=\"https:\/\/tce.pb.gov.br\/portalprimeirainfancia\/wp-content\/uploads\/2025\/04\/TCE-Post-1_Prancheta-1-1-1.png\" \/>\n\t<meta property=\"og:image:width\" content=\"1077\" \/>\n\t<meta property=\"og:image:height\" content=\"717\" \/>\n\t<meta property=\"og:image:type\" content=\"image\/png\" \/>\n<meta name=\"author\" content=\"Rafael Massoni\" \/>\n<meta name=\"twitter:card\" content=\"summary_large_image\" \/>\n<meta name=\"twitter:label1\" content=\"Escrito por\" \/>\n\t<meta name=\"twitter:data1\" content=\"Rafael Massoni\" \/>\n\t<meta name=\"twitter:label2\" content=\"Est. tempo de leitura\" \/>\n\t<meta name=\"twitter:data2\" content=\"4 minutos\" \/>\n<script type=\"application\/ld+json\" class=\"yoast-schema-graph\">{\"@context\":\"https:\\\/\\\/schema.org\",\"@graph\":[{\"@type\":\"NewsArticle\",\"@id\":\"https:\\\/\\\/tce.pb.gov.br\\\/portalprimeirainfancia\\\/tce-pb-vai-contar-com-23-parceiros-para-o-lancamento-do-pacto-pela-primeira-infancia\\\/#article\",\"isPartOf\":{\"@id\":\"https:\\\/\\\/tce.pb.gov.br\\\/portalprimeirainfancia\\\/tce-pb-vai-contar-com-23-parceiros-para-o-lancamento-do-pacto-pela-primeira-infancia\\\/\"},\"author\":{\"name\":\"Rafael Massoni\",\"@id\":\"https:\\\/\\\/tce.pb.gov.br\\\/portalprimeirainfancia\\\/#\\\/schema\\\/person\\\/6a39eea5836dda604de1c5e5b7d62141\"},\"headline\":\"TCE-PB vai contar com 23 parceiros para o lan\u00e7amento do Pacto pela Primeira Inf\u00e2ncia\",\"datePublished\":\"2025-04-25T17:26:01+00:00\",\"dateModified\":\"2025-04-29T16:39:37+00:00\",\"mainEntityOfPage\":{\"@id\":\"https:\\\/\\\/tce.pb.gov.br\\\/portalprimeirainfancia\\\/tce-pb-vai-contar-com-23-parceiros-para-o-lancamento-do-pacto-pela-primeira-infancia\\\/\"},\"wordCount\":618,\"commentCount\":0,\"publisher\":{\"@id\":\"https:\\\/\\\/tce.pb.gov.br\\\/portalprimeirainfancia\\\/#organization\"},\"image\":{\"@id\":\"https:\\\/\\\/tce.pb.gov.br\\\/portalprimeirainfancia\\\/tce-pb-vai-contar-com-23-parceiros-para-o-lancamento-do-pacto-pela-primeira-infancia\\\/#primaryimage\"},\"thumbnailUrl\":\"https:\\\/\\\/tce.pb.gov.br\\\/portalprimeirainfancia\\\/wp-content\\\/uploads\\\/2025\\\/04\\\/TCE-Post-1_Prancheta-1-1-1.png\",\"articleSection\":[\"Destaques\",\"Not\u00edcias\"],\"inLanguage\":\"pt-BR\",\"potentialAction\":[{\"@type\":\"CommentAction\",\"name\":\"Comment\",\"target\":[\"https:\\\/\\\/tce.pb.gov.br\\\/portalprimeirainfancia\\\/tce-pb-vai-contar-com-23-parceiros-para-o-lancamento-do-pacto-pela-primeira-infancia\\\/#respond\"]}]},{\"@type\":\"WebPage\",\"@id\":\"https:\\\/\\\/tce.pb.gov.br\\\/portalprimeirainfancia\\\/tce-pb-vai-contar-com-23-parceiros-para-o-lancamento-do-pacto-pela-primeira-infancia\\\/\",\"url\":\"https:\\\/\\\/tce.pb.gov.br\\\/portalprimeirainfancia\\\/tce-pb-vai-contar-com-23-parceiros-para-o-lancamento-do-pacto-pela-primeira-infancia\\\/\",\"name\":\"TCE-PB vai contar com 23 parceiros para o lan\u00e7amento do Pacto pela Primeira Inf\u00e2ncia %\",\"isPartOf\":{\"@id\":\"https:\\\/\\\/tce.pb.gov.br\\\/portalprimeirainfancia\\\/#website\"},\"primaryImageOfPage\":{\"@id\":\"https:\\\/\\\/tce.pb.gov.br\\\/portalprimeirainfancia\\\/tce-pb-vai-contar-com-23-parceiros-para-o-lancamento-do-pacto-pela-primeira-infancia\\\/#primaryimage\"},\"image\":{\"@id\":\"https:\\\/\\\/tce.pb.gov.br\\\/portalprimeirainfancia\\\/tce-pb-vai-contar-com-23-parceiros-para-o-lancamento-do-pacto-pela-primeira-infancia\\\/#primaryimage\"},\"thumbnailUrl\":\"https:\\\/\\\/tce.pb.gov.br\\\/portalprimeirainfancia\\\/wp-content\\\/uploads\\\/2025\\\/04\\\/TCE-Post-1_Prancheta-1-1-1.png\",\"datePublished\":\"2025-04-25T17:26:01+00:00\",\"dateModified\":\"2025-04-29T16:39:37+00:00\",\"description\":\"TCE-PB vai contar com 23 parceiros para o lan\u00e7amento do Pacto pela Primeira Inf\u00e2ncia %\",\"breadcrumb\":{\"@id\":\"https:\\\/\\\/tce.pb.gov.br\\\/portalprimeirainfancia\\\/tce-pb-vai-contar-com-23-parceiros-para-o-lancamento-do-pacto-pela-primeira-infancia\\\/#breadcrumb\"},\"inLanguage\":\"pt-BR\",\"potentialAction\":[{\"@type\":\"ReadAction\",\"target\":[\"https:\\\/\\\/tce.pb.gov.br\\\/portalprimeirainfancia\\\/tce-pb-vai-contar-com-23-parceiros-para-o-lancamento-do-pacto-pela-primeira-infancia\\\/\"]}]},{\"@type\":\"ImageObject\",\"inLanguage\":\"pt-BR\",\"@id\":\"https:\\\/\\\/tce.pb.gov.br\\\/portalprimeirainfancia\\\/tce-pb-vai-contar-com-23-parceiros-para-o-lancamento-do-pacto-pela-primeira-infancia\\\/#primaryimage\",\"url\":\"https:\\\/\\\/tce.pb.gov.br\\\/portalprimeirainfancia\\\/wp-content\\\/uploads\\\/2025\\\/04\\\/TCE-Post-1_Prancheta-1-1-1.png\",\"contentUrl\":\"https:\\\/\\\/tce.pb.gov.br\\\/portalprimeirainfancia\\\/wp-content\\\/uploads\\\/2025\\\/04\\\/TCE-Post-1_Prancheta-1-1-1.png\",\"width\":1077,\"height\":717},{\"@type\":\"BreadcrumbList\",\"@id\":\"https:\\\/\\\/tce.pb.gov.br\\\/portalprimeirainfancia\\\/tce-pb-vai-contar-com-23-parceiros-para-o-lancamento-do-pacto-pela-primeira-infancia\\\/#breadcrumb\",\"itemListElement\":[{\"@type\":\"ListItem\",\"position\":1,\"name\":\"In\u00edcio\",\"item\":\"https:\\\/\\\/tce.pb.gov.br\\\/portalprimeirainfancia\\\/\"},{\"@type\":\"ListItem\",\"position\":2,\"name\":\"TCE-PB vai contar com 23 parceiros para o lan\u00e7amento do Pacto pela Primeira Inf\u00e2ncia\"}]},{\"@type\":\"WebSite\",\"@id\":\"https:\\\/\\\/tce.pb.gov.br\\\/portalprimeirainfancia\\\/#website\",\"url\":\"https:\\\/\\\/tce.pb.gov.br\\\/portalprimeirainfancia\\\/\",\"name\":\"Pacto Paraibano pela Primeira Inf\u00e2ncia\",\"description\":\"Portal para divulga\u00e7\u00e3o do Pacto Paraibano pela Primeira Inf\u00e2ncia\",\"publisher\":{\"@id\":\"https:\\\/\\\/tce.pb.gov.br\\\/portalprimeirainfancia\\\/#organization\"},\"potentialAction\":[{\"@type\":\"SearchAction\",\"target\":{\"@type\":\"EntryPoint\",\"urlTemplate\":\"https:\\\/\\\/tce.pb.gov.br\\\/portalprimeirainfancia\\\/?s={search_term_string}\"},\"query-input\":{\"@type\":\"PropertyValueSpecification\",\"valueRequired\":true,\"valueName\":\"search_term_string\"}}],\"inLanguage\":\"pt-BR\"},{\"@type\":\"Organization\",\"@id\":\"https:\\\/\\\/tce.pb.gov.br\\\/portalprimeirainfancia\\\/#organization\",\"name\":\"Pacto Paraibano pela Primeira Inf\u00e2ncia\",\"alternateName\":\"TCE-PB\",\"url\":\"https:\\\/\\\/tce.pb.gov.br\\\/portalprimeirainfancia\\\/\",\"logo\":{\"@type\":\"ImageObject\",\"inLanguage\":\"pt-BR\",\"@id\":\"https:\\\/\\\/tce.pb.gov.br\\\/portalprimeirainfancia\\\/#\\\/schema\\\/logo\\\/image\\\/\",\"url\":\"https:\\\/\\\/tce.pb.gov.br\\\/portalprimeirainfancia\\\/wp-content\\\/uploads\\\/2025\\\/05\\\/Pacto-Whatsapp.png\",\"contentUrl\":\"https:\\\/\\\/tce.pb.gov.br\\\/portalprimeirainfancia\\\/wp-content\\\/uploads\\\/2025\\\/05\\\/Pacto-Whatsapp.png\",\"width\":427,\"height\":427,\"caption\":\"Pacto Paraibano pela Primeira Inf\u00e2ncia\"},\"image\":{\"@id\":\"https:\\\/\\\/tce.pb.gov.br\\\/portalprimeirainfancia\\\/#\\\/schema\\\/logo\\\/image\\\/\"},\"sameAs\":[\"https:\\\/\\\/www.instagram.com\\\/tcepb\\\/\"]},{\"@type\":\"Person\",\"@id\":\"https:\\\/\\\/tce.pb.gov.br\\\/portalprimeirainfancia\\\/#\\\/schema\\\/person\\\/6a39eea5836dda604de1c5e5b7d62141\",\"name\":\"Rafael Massoni\"}]}<\/script>\n<!-- \/ Yoast SEO plugin. -->","yoast_head_json":{"title":"TCE-PB vai contar com 23 parceiros para o lan\u00e7amento do Pacto pela Primeira Inf\u00e2ncia %","description":"TCE-PB vai contar com 23 parceiros para o lan\u00e7amento do Pacto pela Primeira Inf\u00e2ncia %","robots":{"index":"index","follow":"follow","max-snippet":"max-snippet:-1","max-image-preview":"max-image-preview:large","max-video-preview":"max-video-preview:-1"},"canonical":"https:\/\/tce.pb.gov.br\/portalprimeirainfancia\/tce-pb-vai-contar-com-23-parceiros-para-o-lancamento-do-pacto-pela-primeira-infancia\/","og_locale":"pt_BR","og_type":"article","og_title":"TCE-PB vai contar com 23 parceiros para o lan\u00e7amento do Pacto pela Primeira Inf\u00e2ncia %","og_description":"TCE-PB vai contar com 23 parceiros para o lan\u00e7amento do Pacto pela Primeira Inf\u00e2ncia %","og_url":"https:\/\/tce.pb.gov.br\/portalprimeirainfancia\/tce-pb-vai-contar-com-23-parceiros-para-o-lancamento-do-pacto-pela-primeira-infancia\/","og_site_name":"Pacto Paraibano pela Primeira Inf\u00e2ncia","article_published_time":"2025-04-25T17:26:01+00:00","article_modified_time":"2025-04-29T16:39:37+00:00","og_image":[{"width":1077,"height":717,"url":"https:\/\/tce.pb.gov.br\/portalprimeirainfancia\/wp-content\/uploads\/2025\/04\/TCE-Post-1_Prancheta-1-1-1.png","type":"image\/png"}],"author":"Rafael Massoni","twitter_card":"summary_large_image","twitter_misc":{"Escrito por":"Rafael Massoni","Est. tempo de leitura":"4 minutos"},"schema":{"@context":"https:\/\/schema.org","@graph":[{"@type":"NewsArticle","@id":"https:\/\/tce.pb.gov.br\/portalprimeirainfancia\/tce-pb-vai-contar-com-23-parceiros-para-o-lancamento-do-pacto-pela-primeira-infancia\/#article","isPartOf":{"@id":"https:\/\/tce.pb.gov.br\/portalprimeirainfancia\/tce-pb-vai-contar-com-23-parceiros-para-o-lancamento-do-pacto-pela-primeira-infancia\/"},"author":{"name":"Rafael Massoni","@id":"https:\/\/tce.pb.gov.br\/portalprimeirainfancia\/#\/schema\/person\/6a39eea5836dda604de1c5e5b7d62141"},"headline":"TCE-PB vai contar com 23 parceiros para o lan\u00e7amento do Pacto pela Primeira Inf\u00e2ncia","datePublished":"2025-04-25T17:26:01+00:00","dateModified":"2025-04-29T16:39:37+00:00","mainEntityOfPage":{"@id":"https:\/\/tce.pb.gov.br\/portalprimeirainfancia\/tce-pb-vai-contar-com-23-parceiros-para-o-lancamento-do-pacto-pela-primeira-infancia\/"},"wordCount":618,"commentCount":0,"publisher":{"@id":"https:\/\/tce.pb.gov.br\/portalprimeirainfancia\/#organization"},"image":{"@id":"https:\/\/tce.pb.gov.br\/portalprimeirainfancia\/tce-pb-vai-contar-com-23-parceiros-para-o-lancamento-do-pacto-pela-primeira-infancia\/#primaryimage"},"thumbnailUrl":"https:\/\/tce.pb.gov.br\/portalprimeirainfancia\/wp-content\/uploads\/2025\/04\/TCE-Post-1_Prancheta-1-1-1.png","articleSection":["Destaques","Not\u00edcias"],"inLanguage":"pt-BR","potentialAction":[{"@type":"CommentAction","name":"Comment","target":["https:\/\/tce.pb.gov.br\/portalprimeirainfancia\/tce-pb-vai-contar-com-23-parceiros-para-o-lancamento-do-pacto-pela-primeira-infancia\/#respond"]}]},{"@type":"WebPage","@id":"https:\/\/tce.pb.gov.br\/portalprimeirainfancia\/tce-pb-vai-contar-com-23-parceiros-para-o-lancamento-do-pacto-pela-primeira-infancia\/","url":"https:\/\/tce.pb.gov.br\/portalprimeirainfancia\/tce-pb-vai-contar-com-23-parceiros-para-o-lancamento-do-pacto-pela-primeira-infancia\/","name":"TCE-PB vai contar com 23 parceiros para o lan\u00e7amento do Pacto pela Primeira Inf\u00e2ncia %","isPartOf":{"@id":"https:\/\/tce.pb.gov.br\/portalprimeirainfancia\/#website"},"primaryImageOfPage":{"@id":"https:\/\/tce.pb.gov.br\/portalprimeirainfancia\/tce-pb-vai-contar-com-23-parceiros-para-o-lancamento-do-pacto-pela-primeira-infancia\/#primaryimage"},"image":{"@id":"https:\/\/tce.pb.gov.br\/portalprimeirainfancia\/tce-pb-vai-contar-com-23-parceiros-para-o-lancamento-do-pacto-pela-primeira-infancia\/#primaryimage"},"thumbnailUrl":"https:\/\/tce.pb.gov.br\/portalprimeirainfancia\/wp-content\/uploads\/2025\/04\/TCE-Post-1_Prancheta-1-1-1.png","datePublished":"2025-04-25T17:26:01+00:00","dateModified":"2025-04-29T16:39:37+00:00","description":"TCE-PB vai contar com 23 parceiros para o lan\u00e7amento do Pacto pela Primeira Inf\u00e2ncia %","breadcrumb":{"@id":"https:\/\/tce.pb.gov.br\/portalprimeirainfancia\/tce-pb-vai-contar-com-23-parceiros-para-o-lancamento-do-pacto-pela-primeira-infancia\/#breadcrumb"},"inLanguage":"pt-BR","potentialAction":[{"@type":"ReadAction","target":["https:\/\/tce.pb.gov.br\/portalprimeirainfancia\/tce-pb-vai-contar-com-23-parceiros-para-o-lancamento-do-pacto-pela-primeira-infancia\/"]}]},{"@type":"ImageObject","inLanguage":"pt-BR","@id":"https:\/\/tce.pb.gov.br\/portalprimeirainfancia\/tce-pb-vai-contar-com-23-parceiros-para-o-lancamento-do-pacto-pela-primeira-infancia\/#primaryimage","url":"https:\/\/tce.pb.gov.br\/portalprimeirainfancia\/wp-content\/uploads\/2025\/04\/TCE-Post-1_Prancheta-1-1-1.png","contentUrl":"https:\/\/tce.pb.gov.br\/portalprimeirainfancia\/wp-content\/uploads\/2025\/04\/TCE-Post-1_Prancheta-1-1-1.png","width":1077,"height":717},{"@type":"BreadcrumbList","@id":"https:\/\/tce.pb.gov.br\/portalprimeirainfancia\/tce-pb-vai-contar-com-23-parceiros-para-o-lancamento-do-pacto-pela-primeira-infancia\/#breadcrumb","itemListElement":[{"@type":"ListItem","position":1,"name":"In\u00edcio","item":"https:\/\/tce.pb.gov.br\/portalprimeirainfancia\/"},{"@type":"ListItem","position":2,"name":"TCE-PB vai contar com 23 parceiros para o lan\u00e7amento do Pacto pela Primeira Inf\u00e2ncia"}]},{"@type":"WebSite","@id":"https:\/\/tce.pb.gov.br\/portalprimeirainfancia\/#website","url":"https:\/\/tce.pb.gov.br\/portalprimeirainfancia\/","name":"Pacto Paraibano pela Primeira Inf\u00e2ncia","description":"Portal para divulga\u00e7\u00e3o do Pacto Paraibano pela Primeira Inf\u00e2ncia","publisher":{"@id":"https:\/\/tce.pb.gov.br\/portalprimeirainfancia\/#organization"},"potentialAction":[{"@type":"SearchAction","target":{"@type":"EntryPoint","urlTemplate":"https:\/\/tce.pb.gov.br\/portalprimeirainfancia\/?s={search_term_string}"},"query-input":{"@type":"PropertyValueSpecification","valueRequired":true,"valueName":"search_term_string"}}],"inLanguage":"pt-BR"},{"@type":"Organization","@id":"https:\/\/tce.pb.gov.br\/portalprimeirainfancia\/#organization","name":"Pacto Paraibano pela Primeira Inf\u00e2ncia","alternateName":"TCE-PB","url":"https:\/\/tce.pb.gov.br\/portalprimeirainfancia\/","logo":{"@type":"ImageObject","inLanguage":"pt-BR","@id":"https:\/\/tce.pb.gov.br\/portalprimeirainfancia\/#\/schema\/logo\/image\/","url":"https:\/\/tce.pb.gov.br\/portalprimeirainfancia\/wp-content\/uploads\/2025\/05\/Pacto-Whatsapp.png","contentUrl":"https:\/\/tce.pb.gov.br\/portalprimeirainfancia\/wp-content\/uploads\/2025\/05\/Pacto-Whatsapp.png","width":427,"height":427,"caption":"Pacto Paraibano pela Primeira Inf\u00e2ncia"},"image":{"@id":"https:\/\/tce.pb.gov.br\/portalprimeirainfancia\/#\/schema\/logo\/image\/"},"sameAs":["https:\/\/www.instagram.com\/tcepb\/"]},{"@type":"Person","@id":"https:\/\/tce.pb.gov.br\/portalprimeirainfancia\/#\/schema\/person\/6a39eea5836dda604de1c5e5b7d62141","name":"Rafael Massoni"}]}},"jetpack_featured_media_url":"https:\/\/tce.pb.gov.br\/portalprimeirainfancia\/wp-content\/uploads\/2025\/04\/TCE-Post-1_Prancheta-1-1-1.png","jetpack_sharing_enabled":true,"_links":{"self":[{"href":"https:\/\/tce.pb.gov.br\/portalprimeirainfancia\/wp-json\/wp\/v2\/posts\/29037","targetHints":{"allow":["GET"]}}],"collection":[{"href":"https:\/\/tce.pb.gov.br\/portalprimeirainfancia\/wp-json\/wp\/v2\/posts"}],"about":[{"href":"https:\/\/tce.pb.gov.br\/portalprimeirainfancia\/wp-json\/wp\/v2\/types\/post"}],"author":[{"embeddable":true,"href":"https:\/\/tce.pb.gov.br\/portalprimeirainfancia\/wp-json\/wp\/v2\/users\/6"}],"replies":[{"embeddable":true,"href":"https:\/\/tce.pb.gov.br\/portalprimeirainfancia\/wp-json\/wp\/v2\/comments?post=29037"}],"version-history":[{"count":1,"href":"https:\/\/tce.pb.gov.br\/portalprimeirainfancia\/wp-json\/wp\/v2\/posts\/29037\/revisions"}],"predecessor-version":[{"id":29183,"href":"https:\/\/tce.pb.gov.br\/portalprimeirainfancia\/wp-json\/wp\/v2\/posts\/29037\/revisions\/29183"}],"wp:featuredmedia":[{"embeddable":true,"href":"https:\/\/tce.pb.gov.br\/portalprimeirainfancia\/wp-json\/wp\/v2\/media\/29184"}],"wp:attachment":[{"href":"https:\/\/tce.pb.gov.br\/portalprimeirainfancia\/wp-json\/wp\/v2\/media?parent=29037"}],"wp:term":[{"taxonomy":"category","embeddable":true,"href":"https:\/\/tce.pb.gov.br\/portalprimeirainfancia\/wp-json\/wp\/v2\/categories?post=29037"},{"taxonomy":"post_tag","embeddable":true,"href":"https:\/\/tce.pb.gov.br\/portalprimeirainfancia\/wp-json\/wp\/v2\/tags?post=29037"}],"curies":[{"name":"wp","href":"https:\/\/api.w.org\/{rel}","templated":true}]}}