{"id":29004,"date":"2025-04-24T11:05:54","date_gmt":"2025-04-24T14:05:54","guid":{"rendered":"https:\/\/tce.pb.gov.br\/?p=29004"},"modified":"2025-04-29T13:40:40","modified_gmt":"2025-04-29T16:40:40","slug":"serie-primeira-infancia-no-municipio-reforca-a-prioridade-para-criancas-de-0-a-6-anos-2","status":"publish","type":"post","link":"https:\/\/tce.pb.gov.br\/portalprimeirainfancia\/serie-primeira-infancia-no-municipio-reforca-a-prioridade-para-criancas-de-0-a-6-anos-2\/","title":{"rendered":"S\u00e9rie \u201cPrimeira Inf\u00e2ncia no Munic\u00edpio\u201d refor\u00e7a a prioridade para crian\u00e7as de 0 a 6 anos"},"content":{"rendered":"\n<h5 class=\"wp-block-heading\">Cole\u00e7\u00e3o com seis guias pr\u00e1ticos produzidos pela Funda\u00e7\u00e3o Maria Cecilia Souto Vidigal orienta novas gest\u00f5es municipais sobre como planejar e implementar pol\u00edticas p\u00fablicas para as crian\u00e7as pequenas e suas fam\u00edlias<\/h5>\n\n\n\n<p><em>Publicado em 29\/01\/2025 04:52, por Funda\u00e7\u00e3o Maria Cecilia Souto Vidigal<\/em><\/p>\n\n\n\n<p>O in\u00edcio dos mandatos dos novos prefeitos e prefeitas \u00e9 uma grande oportunidade para renovar, em todo o pa\u00eds, o compromisso por melhores pol\u00edticas p\u00fablicas, com efici\u00eancia, qualidade e equidade. Para apoiar as a\u00e7\u00f5es que devem ser planejadas nestes primeiros meses de governo, a Funda\u00e7\u00e3o Maria Cecilia Souto Vidigal lan\u00e7a a s\u00e9rie&nbsp;<strong>Primeira Inf\u00e2ncia no Munic\u00edpio<\/strong>, que orienta os gestores sobre como priorizar as crian\u00e7as pequenas desde j\u00e1 e demonstra como esse investimento tem o potencial de transformar a realidade do pa\u00eds.<\/p>\n\n\n\n<p>A primeira inf\u00e2ncia, que corresponde aos primeiros seis anos de vida, \u00e9 um per\u00edodo de r\u00e1pido desenvolvimento, quando as crian\u00e7as constroem as bases para sua sa\u00fade f\u00edsica, mental e socioemocional. Os munic\u00edpios s\u00e3o essenciais nesse processo, pois \u00e9 por meio deles que as pol\u00edticas p\u00fablicas chegam at\u00e9 as crian\u00e7as e suas fam\u00edlias.<\/p>\n\n\n\n<p>Por isso, \u00e9 fundamental que as a\u00e7\u00f5es para a primeira inf\u00e2ncia estejam contempladas pelos novos governos municipais. O investimento nessa fase \u00e9 um estrat\u00e9gia eficaz para combater as desigualdades pela raiz, oferecendo programas e servi\u00e7os de qualidade que apoiam o desenvolvimento infantil, gerando impactos positivos para toda a sociedade.<\/p>\n\n\n\n<p>A cole\u00e7\u00e3o&nbsp;<strong>Primeira Inf\u00e2ncia no Munic\u00edpio<\/strong>&nbsp;traz seis guias pr\u00e1ticos que ajudam os gestores p\u00fablicos a planejar, implementar e gerenciar a\u00e7\u00f5es voltadas \u00e0 primeira inf\u00e2ncia nas \u00e1reas de pol\u00edticas p\u00fablicas, educa\u00e7\u00e3o infantil, parentalidade, sa\u00fade, antirracismo e seguran\u00e7a p\u00fablica.<\/p>\n\n\n\n<p>Os guias s\u00e3o uma realiza\u00e7\u00e3o da Funda\u00e7\u00e3o Maria Cecilia Souto Vidigal, com parceria t\u00e9cnica de: Associa\u00e7\u00e3o dos Membros dos Tribunais de Contas do Brasil (Atricon), Coaliz\u00e3o Brasileira pelo Fim da Viol\u00eancia, Conselho Nacional de Secretarias municipais de Sa\u00fade (Conasems), Conselho Nacional de Secret\u00e1rios de Sa\u00fade (Conass), Conselho Nacional de Secret\u00e1rios da Educa\u00e7\u00e3o das Capitais (Consec), Colegiado Nacional de Gestores Municipais de Assist\u00eancia Social (Congemas), Rede Nacional Primeira Inf\u00e2ncia (RNPI), Secret\u00e1ria de Estado de Sa\u00fade de Minas Gerais (SESMG), Uni\u00e3o Nacional dos Dirigentes Municipais de Educa\u00e7\u00e3o (Undime) e Fundo Internacional de Emerg\u00eancia das Na\u00e7\u00f5es Unidas para a Inf\u00e2ncia (Unicef).&nbsp;<\/p>\n\n\n\n<p>Acesse aqui os seis volumes do guia e descubra como transformar as pol\u00edticas p\u00fablicas de primeira inf\u00e2ncia:<\/p>\n\n\n\n<figure class=\"wp-block-gallery has-nested-images columns-default is-cropped wp-block-gallery-1 is-layout-flex wp-block-gallery-is-layout-flex\">\n<figure class=\"wp-block-image size-large\"><a href=\"https:\/\/biblioteca.fmcsv.org.br\/biblioteca\/primeira-infancia-no-municipio-educacao-infantil-de-qualidade\/?_gl=1*kg9zic*_gcl_au*MTY3OTU0OTM0NS4xNzQ0MDM0NTI5\"><img decoding=\"async\" data-id=\"29005\" src=\"https:\/\/tce.pb.gov.br\/wp-content\/uploads\/2025\/04\/primeira-infancia-municipio-2025-educacao-infantil-qualidade-1.webp\" alt=\"\" class=\"wp-image-29005\" \/><\/a><\/figure>\n\n\n\n<figure class=\"wp-block-image size-large\"><a href=\"https:\/\/biblioteca.fmcsv.org.br\/biblioteca\/primeira-infancia-no-municipio-parentalidade-e-apoio-as-familias\/?_gl=1*kg9zic*_gcl_au*MTY3OTU0OTM0NS4xNzQ0MDM0NTI5\"><img decoding=\"async\" data-id=\"29007\" src=\"https:\/\/tce.pb.gov.br\/wp-content\/uploads\/2025\/04\/primeira-infancia-municipio-2025-parentalidade-apoio-familias-.webp\" alt=\"\" class=\"wp-image-29007\" \/><\/a><\/figure>\n\n\n\n<figure class=\"wp-block-image size-large\"><a href=\"https:\/\/biblioteca.fmcsv.org.br\/biblioteca\/primeira-infancia-no-municipio-politicas-publicas-institucionalizadas\/?_gl=1*kg9zic*_gcl_au*MTY3OTU0OTM0NS4xNzQ0MDM0NTI5\"><img decoding=\"async\" data-id=\"29006\" src=\"https:\/\/tce.pb.gov.br\/wp-content\/uploads\/2025\/04\/primeira-infancia-municipio-2025-politicas-publicas-institucionalizadas-1.webp\" alt=\"\" class=\"wp-image-29006\" \/><\/a><\/figure>\n\n\n\n<figure class=\"wp-block-image size-large\"><a href=\"https:\/\/biblioteca.fmcsv.org.br\/biblioteca\/primeira-infancia-no-municipio-promocao-do-antirracismo\/?_gl=1*1ig6412*_gcl_au*MTY3OTU0OTM0NS4xNzQ0MDM0NTI5\"><img decoding=\"async\" data-id=\"29009\" src=\"https:\/\/tce.pb.gov.br\/wp-content\/uploads\/2025\/04\/primeira-infancia-municipio-2025-promocao-antirracismo.webp\" alt=\"\" class=\"wp-image-29009\" \/><\/a><\/figure>\n\n\n\n<figure class=\"wp-block-image size-large\"><a href=\"https:\/\/biblioteca.fmcsv.org.br\/biblioteca\/primeira-infancia-no-municipio-saude-desde-a-gestacao\/?_gl=1*1ig6412*_gcl_au*MTY3OTU0OTM0NS4xNzQ0MDM0NTI5\"><img decoding=\"async\" data-id=\"29010\" src=\"https:\/\/tce.pb.gov.br\/wp-content\/uploads\/2025\/04\/primeira-infancia-municipio-2025-saude-desde-gestacao-copiar-1.webp\" alt=\"\" class=\"wp-image-29010\" \/><\/a><\/figure>\n\n\n\n<figure class=\"wp-block-image size-large\"><a href=\"https:\/\/biblioteca.fmcsv.org.br\/biblioteca\/primeira-infancia-no-municipio-seguranca-e-protecao-a-violencia\/?_gl=1*128rkox*_gcl_au*MTY3OTU0OTM0NS4xNzQ0MDM0NTI5\"><img decoding=\"async\" data-id=\"29008\" src=\"https:\/\/tce.pb.gov.br\/wp-content\/uploads\/2025\/04\/primeira-infancia-municipio-2025-seguranca-protecao-copiar.webp\" alt=\"\" class=\"wp-image-29008\" \/><\/a><\/figure>\n<\/figure>\n","protected":false},"excerpt":{"rendered":"<p>Cole\u00e7\u00e3o com seis guias pr\u00e1ticos produzidos pela Funda\u00e7\u00e3o Maria Cecilia Souto Vidigal orienta novas gest\u00f5es municipais sobre como planejar e [&hellip;]<\/p>\n","protected":false},"author":6,"featured_media":2249,"comment_status":"open","ping_status":"open","sticky":false,"template":"","format":"standard","meta":{"site-sidebar-layout":"default","site-content-layout":"","ast-site-content-layout":"","site-content-style":"default","site-sidebar-style":"default","ast-global-header-display":"","ast-banner-title-visibility":"","ast-main-header-display":"","ast-hfb-above-header-display":"","ast-hfb-below-header-display":"","ast-hfb-mobile-header-display":"","site-post-title":"","ast-breadcrumbs-content":"","ast-featured-img":"","footer-sml-layout":"","theme-transparent-header-meta":"","adv-header-id-meta":"","stick-header-meta":"","header-above-stick-meta":"","header-main-stick-meta":"","header-below-stick-meta":"","astra-migrate-meta-layouts":"default","ast-page-background-enabled":"default","ast-page-background-meta":{"desktop":{"background-color":"var(--ast-global-color-5)","background-image":"","background-repeat":"repeat","background-position":"center center","background-size":"auto","background-attachment":"scroll","background-type":"","background-media":"","overlay-type":"","overlay-color":"","overlay-opacity":"","overlay-gradient":""},"tablet":{"background-color":"","background-image":"","background-repeat":"repeat","background-position":"center center","background-size":"auto","background-attachment":"scroll","background-type":"","background-media":"","overlay-type":"","overlay-color":"","overlay-opacity":"","overlay-gradient":""},"mobile":{"background-color":"","background-image":"","background-repeat":"repeat","background-position":"center center","background-size":"auto","background-attachment":"scroll","background-type":"","background-media":"","overlay-type":"","overlay-color":"","overlay-opacity":"","overlay-gradient":""}},"ast-content-background-meta":{"desktop":{"background-color":"var(--ast-global-color-4)","background-image":"","background-repeat":"repeat","background-position":"center center","background-size":"auto","background-attachment":"scroll","background-type":"","background-media":"","overlay-type":"","overlay-color":"","overlay-opacity":"","overlay-gradient":""},"tablet":{"background-color":"var(--ast-global-color-4)","background-image":"","background-repeat":"repeat","background-position":"center center","background-size":"auto","background-attachment":"scroll","background-type":"","background-media":"","overlay-type":"","overlay-color":"","overlay-opacity":"","overlay-gradient":""},"mobile":{"background-color":"var(--ast-global-color-4)","background-image":"","background-repeat":"repeat","background-position":"center center","background-size":"auto","background-attachment":"scroll","background-type":"","background-media":"","overlay-type":"","overlay-color":"","overlay-opacity":"","overlay-gradient":""}},"_jetpack_memberships_contains_paid_content":false,"footnotes":""},"categories":[24,7],"tags":[],"class_list":["post-29004","post","type-post","status-publish","format-standard","has-post-thumbnail","hentry","category-destaques","category-noticias"],"yoast_head":"<!-- This site is optimized with the Yoast SEO plugin v27.5 - https:\/\/yoast.com\/product\/yoast-seo-wordpress\/ -->\n<title>S\u00e9rie \u201cPrimeira Inf\u00e2ncia no Munic\u00edpio\u201d refor\u00e7a a prioridade para crian\u00e7as de 0 a 6 anos %<\/title>\n<meta name=\"description\" content=\"S\u00e9rie \u201cPrimeira Inf\u00e2ncia no Munic\u00edpio\u201d refor\u00e7a a prioridade para crian\u00e7as de 0 a 6 anos %\" \/>\n<meta name=\"robots\" content=\"index, follow, max-snippet:-1, max-image-preview:large, max-video-preview:-1\" \/>\n<link rel=\"canonical\" href=\"https:\/\/tce.pb.gov.br\/portalprimeirainfancia\/serie-primeira-infancia-no-municipio-reforca-a-prioridade-para-criancas-de-0-a-6-anos-2\/\" \/>\n<meta property=\"og:locale\" content=\"pt_BR\" \/>\n<meta property=\"og:type\" content=\"article\" \/>\n<meta property=\"og:title\" content=\"S\u00e9rie \u201cPrimeira Inf\u00e2ncia no Munic\u00edpio\u201d refor\u00e7a a prioridade para crian\u00e7as de 0 a 6 anos %\" \/>\n<meta property=\"og:description\" content=\"S\u00e9rie \u201cPrimeira Inf\u00e2ncia no Munic\u00edpio\u201d refor\u00e7a a prioridade para crian\u00e7as de 0 a 6 anos %\" \/>\n<meta property=\"og:url\" content=\"https:\/\/tce.pb.gov.br\/portalprimeirainfancia\/serie-primeira-infancia-no-municipio-reforca-a-prioridade-para-criancas-de-0-a-6-anos-2\/\" \/>\n<meta property=\"og:site_name\" content=\"Pacto Paraibano pela Primeira Inf\u00e2ncia\" \/>\n<meta property=\"article:published_time\" content=\"2025-04-24T14:05:54+00:00\" \/>\n<meta property=\"article:modified_time\" content=\"2025-04-29T16:40:40+00:00\" \/>\n<meta property=\"og:image\" content=\"https:\/\/tce.pb.gov.br\/portalprimeirainfancia\/wp-content\/uploads\/2025\/04\/Screenshot_20250424_130001_Chrome-scaled.jpg\" \/>\n\t<meta property=\"og:image:width\" content=\"2560\" \/>\n\t<meta property=\"og:image:height\" content=\"1909\" \/>\n\t<meta property=\"og:image:type\" content=\"image\/jpeg\" \/>\n<meta name=\"author\" content=\"Rafael Massoni\" \/>\n<meta name=\"twitter:card\" content=\"summary_large_image\" \/>\n<meta name=\"twitter:label1\" content=\"Escrito por\" \/>\n\t<meta name=\"twitter:data1\" content=\"Rafael Massoni\" \/>\n\t<meta name=\"twitter:label2\" content=\"Est. tempo de leitura\" \/>\n\t<meta name=\"twitter:data2\" content=\"4 minutos\" \/>\n<script type=\"application\/ld+json\" class=\"yoast-schema-graph\">{\"@context\":\"https:\\\/\\\/schema.org\",\"@graph\":[{\"@type\":\"NewsArticle\",\"@id\":\"https:\\\/\\\/tce.pb.gov.br\\\/portalprimeirainfancia\\\/serie-primeira-infancia-no-municipio-reforca-a-prioridade-para-criancas-de-0-a-6-anos-2\\\/#article\",\"isPartOf\":{\"@id\":\"https:\\\/\\\/tce.pb.gov.br\\\/portalprimeirainfancia\\\/serie-primeira-infancia-no-municipio-reforca-a-prioridade-para-criancas-de-0-a-6-anos-2\\\/\"},\"author\":{\"name\":\"Rafael Massoni\",\"@id\":\"https:\\\/\\\/tce.pb.gov.br\\\/portalprimeirainfancia\\\/#\\\/schema\\\/person\\\/6a39eea5836dda604de1c5e5b7d62141\"},\"headline\":\"S\u00e9rie \u201cPrimeira Inf\u00e2ncia no Munic\u00edpio\u201d refor\u00e7a a prioridade para crian\u00e7as de 0 a 6 anos\",\"datePublished\":\"2025-04-24T14:05:54+00:00\",\"dateModified\":\"2025-04-29T16:40:40+00:00\",\"mainEntityOfPage\":{\"@id\":\"https:\\\/\\\/tce.pb.gov.br\\\/portalprimeirainfancia\\\/serie-primeira-infancia-no-municipio-reforca-a-prioridade-para-criancas-de-0-a-6-anos-2\\\/\"},\"wordCount\":465,\"commentCount\":0,\"publisher\":{\"@id\":\"https:\\\/\\\/tce.pb.gov.br\\\/portalprimeirainfancia\\\/#organization\"},\"image\":{\"@id\":\"https:\\\/\\\/tce.pb.gov.br\\\/portalprimeirainfancia\\\/serie-primeira-infancia-no-municipio-reforca-a-prioridade-para-criancas-de-0-a-6-anos-2\\\/#primaryimage\"},\"thumbnailUrl\":\"https:\\\/\\\/tce.pb.gov.br\\\/portalprimeirainfancia\\\/wp-content\\\/uploads\\\/2025\\\/04\\\/Screenshot_20250424_130001_Chrome-scaled.jpg\",\"articleSection\":[\"Destaques\",\"Not\u00edcias\"],\"inLanguage\":\"pt-BR\",\"potentialAction\":[{\"@type\":\"CommentAction\",\"name\":\"Comment\",\"target\":[\"https:\\\/\\\/tce.pb.gov.br\\\/portalprimeirainfancia\\\/serie-primeira-infancia-no-municipio-reforca-a-prioridade-para-criancas-de-0-a-6-anos-2\\\/#respond\"]}]},{\"@type\":\"WebPage\",\"@id\":\"https:\\\/\\\/tce.pb.gov.br\\\/portalprimeirainfancia\\\/serie-primeira-infancia-no-municipio-reforca-a-prioridade-para-criancas-de-0-a-6-anos-2\\\/\",\"url\":\"https:\\\/\\\/tce.pb.gov.br\\\/portalprimeirainfancia\\\/serie-primeira-infancia-no-municipio-reforca-a-prioridade-para-criancas-de-0-a-6-anos-2\\\/\",\"name\":\"S\u00e9rie \u201cPrimeira Inf\u00e2ncia no Munic\u00edpio\u201d refor\u00e7a a prioridade para crian\u00e7as de 0 a 6 anos %\",\"isPartOf\":{\"@id\":\"https:\\\/\\\/tce.pb.gov.br\\\/portalprimeirainfancia\\\/#website\"},\"primaryImageOfPage\":{\"@id\":\"https:\\\/\\\/tce.pb.gov.br\\\/portalprimeirainfancia\\\/serie-primeira-infancia-no-municipio-reforca-a-prioridade-para-criancas-de-0-a-6-anos-2\\\/#primaryimage\"},\"image\":{\"@id\":\"https:\\\/\\\/tce.pb.gov.br\\\/portalprimeirainfancia\\\/serie-primeira-infancia-no-municipio-reforca-a-prioridade-para-criancas-de-0-a-6-anos-2\\\/#primaryimage\"},\"thumbnailUrl\":\"https:\\\/\\\/tce.pb.gov.br\\\/portalprimeirainfancia\\\/wp-content\\\/uploads\\\/2025\\\/04\\\/Screenshot_20250424_130001_Chrome-scaled.jpg\",\"datePublished\":\"2025-04-24T14:05:54+00:00\",\"dateModified\":\"2025-04-29T16:40:40+00:00\",\"description\":\"S\u00e9rie \u201cPrimeira Inf\u00e2ncia no Munic\u00edpio\u201d refor\u00e7a a prioridade para crian\u00e7as de 0 a 6 anos %\",\"breadcrumb\":{\"@id\":\"https:\\\/\\\/tce.pb.gov.br\\\/portalprimeirainfancia\\\/serie-primeira-infancia-no-municipio-reforca-a-prioridade-para-criancas-de-0-a-6-anos-2\\\/#breadcrumb\"},\"inLanguage\":\"pt-BR\",\"potentialAction\":[{\"@type\":\"ReadAction\",\"target\":[\"https:\\\/\\\/tce.pb.gov.br\\\/portalprimeirainfancia\\\/serie-primeira-infancia-no-municipio-reforca-a-prioridade-para-criancas-de-0-a-6-anos-2\\\/\"]}]},{\"@type\":\"ImageObject\",\"inLanguage\":\"pt-BR\",\"@id\":\"https:\\\/\\\/tce.pb.gov.br\\\/portalprimeirainfancia\\\/serie-primeira-infancia-no-municipio-reforca-a-prioridade-para-criancas-de-0-a-6-anos-2\\\/#primaryimage\",\"url\":\"https:\\\/\\\/tce.pb.gov.br\\\/portalprimeirainfancia\\\/wp-content\\\/uploads\\\/2025\\\/04\\\/Screenshot_20250424_130001_Chrome-scaled.jpg\",\"contentUrl\":\"https:\\\/\\\/tce.pb.gov.br\\\/portalprimeirainfancia\\\/wp-content\\\/uploads\\\/2025\\\/04\\\/Screenshot_20250424_130001_Chrome-scaled.jpg\",\"width\":2560,\"height\":1909},{\"@type\":\"BreadcrumbList\",\"@id\":\"https:\\\/\\\/tce.pb.gov.br\\\/portalprimeirainfancia\\\/serie-primeira-infancia-no-municipio-reforca-a-prioridade-para-criancas-de-0-a-6-anos-2\\\/#breadcrumb\",\"itemListElement\":[{\"@type\":\"ListItem\",\"position\":1,\"name\":\"In\u00edcio\",\"item\":\"https:\\\/\\\/tce.pb.gov.br\\\/portalprimeirainfancia\\\/\"},{\"@type\":\"ListItem\",\"position\":2,\"name\":\"S\u00e9rie \u201cPrimeira Inf\u00e2ncia no Munic\u00edpio\u201d refor\u00e7a a prioridade para crian\u00e7as de 0 a 6 anos\"}]},{\"@type\":\"WebSite\",\"@id\":\"https:\\\/\\\/tce.pb.gov.br\\\/portalprimeirainfancia\\\/#website\",\"url\":\"https:\\\/\\\/tce.pb.gov.br\\\/portalprimeirainfancia\\\/\",\"name\":\"Pacto Paraibano pela Primeira Inf\u00e2ncia\",\"description\":\"Portal para divulga\u00e7\u00e3o do Pacto Paraibano pela Primeira Inf\u00e2ncia\",\"publisher\":{\"@id\":\"https:\\\/\\\/tce.pb.gov.br\\\/portalprimeirainfancia\\\/#organization\"},\"potentialAction\":[{\"@type\":\"SearchAction\",\"target\":{\"@type\":\"EntryPoint\",\"urlTemplate\":\"https:\\\/\\\/tce.pb.gov.br\\\/portalprimeirainfancia\\\/?s={search_term_string}\"},\"query-input\":{\"@type\":\"PropertyValueSpecification\",\"valueRequired\":true,\"valueName\":\"search_term_string\"}}],\"inLanguage\":\"pt-BR\"},{\"@type\":\"Organization\",\"@id\":\"https:\\\/\\\/tce.pb.gov.br\\\/portalprimeirainfancia\\\/#organization\",\"name\":\"Pacto Paraibano pela Primeira Inf\u00e2ncia\",\"alternateName\":\"TCE-PB\",\"url\":\"https:\\\/\\\/tce.pb.gov.br\\\/portalprimeirainfancia\\\/\",\"logo\":{\"@type\":\"ImageObject\",\"inLanguage\":\"pt-BR\",\"@id\":\"https:\\\/\\\/tce.pb.gov.br\\\/portalprimeirainfancia\\\/#\\\/schema\\\/logo\\\/image\\\/\",\"url\":\"https:\\\/\\\/tce.pb.gov.br\\\/portalprimeirainfancia\\\/wp-content\\\/uploads\\\/2025\\\/05\\\/Pacto-Whatsapp.png\",\"contentUrl\":\"https:\\\/\\\/tce.pb.gov.br\\\/portalprimeirainfancia\\\/wp-content\\\/uploads\\\/2025\\\/05\\\/Pacto-Whatsapp.png\",\"width\":427,\"height\":427,\"caption\":\"Pacto Paraibano pela Primeira Inf\u00e2ncia\"},\"image\":{\"@id\":\"https:\\\/\\\/tce.pb.gov.br\\\/portalprimeirainfancia\\\/#\\\/schema\\\/logo\\\/image\\\/\"},\"sameAs\":[\"https:\\\/\\\/www.instagram.com\\\/tcepb\\\/\"]},{\"@type\":\"Person\",\"@id\":\"https:\\\/\\\/tce.pb.gov.br\\\/portalprimeirainfancia\\\/#\\\/schema\\\/person\\\/6a39eea5836dda604de1c5e5b7d62141\",\"name\":\"Rafael Massoni\"}]}<\/script>\n<!-- \/ Yoast SEO plugin. -->","yoast_head_json":{"title":"S\u00e9rie \u201cPrimeira Inf\u00e2ncia no Munic\u00edpio\u201d refor\u00e7a a prioridade para crian\u00e7as de 0 a 6 anos %","description":"S\u00e9rie \u201cPrimeira Inf\u00e2ncia no Munic\u00edpio\u201d refor\u00e7a a prioridade para crian\u00e7as de 0 a 6 anos %","robots":{"index":"index","follow":"follow","max-snippet":"max-snippet:-1","max-image-preview":"max-image-preview:large","max-video-preview":"max-video-preview:-1"},"canonical":"https:\/\/tce.pb.gov.br\/portalprimeirainfancia\/serie-primeira-infancia-no-municipio-reforca-a-prioridade-para-criancas-de-0-a-6-anos-2\/","og_locale":"pt_BR","og_type":"article","og_title":"S\u00e9rie \u201cPrimeira Inf\u00e2ncia no Munic\u00edpio\u201d refor\u00e7a a prioridade para crian\u00e7as de 0 a 6 anos %","og_description":"S\u00e9rie \u201cPrimeira Inf\u00e2ncia no Munic\u00edpio\u201d refor\u00e7a a prioridade para crian\u00e7as de 0 a 6 anos %","og_url":"https:\/\/tce.pb.gov.br\/portalprimeirainfancia\/serie-primeira-infancia-no-municipio-reforca-a-prioridade-para-criancas-de-0-a-6-anos-2\/","og_site_name":"Pacto Paraibano pela Primeira Inf\u00e2ncia","article_published_time":"2025-04-24T14:05:54+00:00","article_modified_time":"2025-04-29T16:40:40+00:00","og_image":[{"width":2560,"height":1909,"url":"https:\/\/tce.pb.gov.br\/portalprimeirainfancia\/wp-content\/uploads\/2025\/04\/Screenshot_20250424_130001_Chrome-scaled.jpg","type":"image\/jpeg"}],"author":"Rafael Massoni","twitter_card":"summary_large_image","twitter_misc":{"Escrito por":"Rafael Massoni","Est. tempo de leitura":"4 minutos"},"schema":{"@context":"https:\/\/schema.org","@graph":[{"@type":"NewsArticle","@id":"https:\/\/tce.pb.gov.br\/portalprimeirainfancia\/serie-primeira-infancia-no-municipio-reforca-a-prioridade-para-criancas-de-0-a-6-anos-2\/#article","isPartOf":{"@id":"https:\/\/tce.pb.gov.br\/portalprimeirainfancia\/serie-primeira-infancia-no-municipio-reforca-a-prioridade-para-criancas-de-0-a-6-anos-2\/"},"author":{"name":"Rafael Massoni","@id":"https:\/\/tce.pb.gov.br\/portalprimeirainfancia\/#\/schema\/person\/6a39eea5836dda604de1c5e5b7d62141"},"headline":"S\u00e9rie \u201cPrimeira Inf\u00e2ncia no Munic\u00edpio\u201d refor\u00e7a a prioridade para crian\u00e7as de 0 a 6 anos","datePublished":"2025-04-24T14:05:54+00:00","dateModified":"2025-04-29T16:40:40+00:00","mainEntityOfPage":{"@id":"https:\/\/tce.pb.gov.br\/portalprimeirainfancia\/serie-primeira-infancia-no-municipio-reforca-a-prioridade-para-criancas-de-0-a-6-anos-2\/"},"wordCount":465,"commentCount":0,"publisher":{"@id":"https:\/\/tce.pb.gov.br\/portalprimeirainfancia\/#organization"},"image":{"@id":"https:\/\/tce.pb.gov.br\/portalprimeirainfancia\/serie-primeira-infancia-no-municipio-reforca-a-prioridade-para-criancas-de-0-a-6-anos-2\/#primaryimage"},"thumbnailUrl":"https:\/\/tce.pb.gov.br\/portalprimeirainfancia\/wp-content\/uploads\/2025\/04\/Screenshot_20250424_130001_Chrome-scaled.jpg","articleSection":["Destaques","Not\u00edcias"],"inLanguage":"pt-BR","potentialAction":[{"@type":"CommentAction","name":"Comment","target":["https:\/\/tce.pb.gov.br\/portalprimeirainfancia\/serie-primeira-infancia-no-municipio-reforca-a-prioridade-para-criancas-de-0-a-6-anos-2\/#respond"]}]},{"@type":"WebPage","@id":"https:\/\/tce.pb.gov.br\/portalprimeirainfancia\/serie-primeira-infancia-no-municipio-reforca-a-prioridade-para-criancas-de-0-a-6-anos-2\/","url":"https:\/\/tce.pb.gov.br\/portalprimeirainfancia\/serie-primeira-infancia-no-municipio-reforca-a-prioridade-para-criancas-de-0-a-6-anos-2\/","name":"S\u00e9rie \u201cPrimeira Inf\u00e2ncia no Munic\u00edpio\u201d refor\u00e7a a prioridade para crian\u00e7as de 0 a 6 anos %","isPartOf":{"@id":"https:\/\/tce.pb.gov.br\/portalprimeirainfancia\/#website"},"primaryImageOfPage":{"@id":"https:\/\/tce.pb.gov.br\/portalprimeirainfancia\/serie-primeira-infancia-no-municipio-reforca-a-prioridade-para-criancas-de-0-a-6-anos-2\/#primaryimage"},"image":{"@id":"https:\/\/tce.pb.gov.br\/portalprimeirainfancia\/serie-primeira-infancia-no-municipio-reforca-a-prioridade-para-criancas-de-0-a-6-anos-2\/#primaryimage"},"thumbnailUrl":"https:\/\/tce.pb.gov.br\/portalprimeirainfancia\/wp-content\/uploads\/2025\/04\/Screenshot_20250424_130001_Chrome-scaled.jpg","datePublished":"2025-04-24T14:05:54+00:00","dateModified":"2025-04-29T16:40:40+00:00","description":"S\u00e9rie \u201cPrimeira Inf\u00e2ncia no Munic\u00edpio\u201d refor\u00e7a a prioridade para crian\u00e7as de 0 a 6 anos %","breadcrumb":{"@id":"https:\/\/tce.pb.gov.br\/portalprimeirainfancia\/serie-primeira-infancia-no-municipio-reforca-a-prioridade-para-criancas-de-0-a-6-anos-2\/#breadcrumb"},"inLanguage":"pt-BR","potentialAction":[{"@type":"ReadAction","target":["https:\/\/tce.pb.gov.br\/portalprimeirainfancia\/serie-primeira-infancia-no-municipio-reforca-a-prioridade-para-criancas-de-0-a-6-anos-2\/"]}]},{"@type":"ImageObject","inLanguage":"pt-BR","@id":"https:\/\/tce.pb.gov.br\/portalprimeirainfancia\/serie-primeira-infancia-no-municipio-reforca-a-prioridade-para-criancas-de-0-a-6-anos-2\/#primaryimage","url":"https:\/\/tce.pb.gov.br\/portalprimeirainfancia\/wp-content\/uploads\/2025\/04\/Screenshot_20250424_130001_Chrome-scaled.jpg","contentUrl":"https:\/\/tce.pb.gov.br\/portalprimeirainfancia\/wp-content\/uploads\/2025\/04\/Screenshot_20250424_130001_Chrome-scaled.jpg","width":2560,"height":1909},{"@type":"BreadcrumbList","@id":"https:\/\/tce.pb.gov.br\/portalprimeirainfancia\/serie-primeira-infancia-no-municipio-reforca-a-prioridade-para-criancas-de-0-a-6-anos-2\/#breadcrumb","itemListElement":[{"@type":"ListItem","position":1,"name":"In\u00edcio","item":"https:\/\/tce.pb.gov.br\/portalprimeirainfancia\/"},{"@type":"ListItem","position":2,"name":"S\u00e9rie \u201cPrimeira Inf\u00e2ncia no Munic\u00edpio\u201d refor\u00e7a a prioridade para crian\u00e7as de 0 a 6 anos"}]},{"@type":"WebSite","@id":"https:\/\/tce.pb.gov.br\/portalprimeirainfancia\/#website","url":"https:\/\/tce.pb.gov.br\/portalprimeirainfancia\/","name":"Pacto Paraibano pela Primeira Inf\u00e2ncia","description":"Portal para divulga\u00e7\u00e3o do Pacto Paraibano pela Primeira Inf\u00e2ncia","publisher":{"@id":"https:\/\/tce.pb.gov.br\/portalprimeirainfancia\/#organization"},"potentialAction":[{"@type":"SearchAction","target":{"@type":"EntryPoint","urlTemplate":"https:\/\/tce.pb.gov.br\/portalprimeirainfancia\/?s={search_term_string}"},"query-input":{"@type":"PropertyValueSpecification","valueRequired":true,"valueName":"search_term_string"}}],"inLanguage":"pt-BR"},{"@type":"Organization","@id":"https:\/\/tce.pb.gov.br\/portalprimeirainfancia\/#organization","name":"Pacto Paraibano pela Primeira Inf\u00e2ncia","alternateName":"TCE-PB","url":"https:\/\/tce.pb.gov.br\/portalprimeirainfancia\/","logo":{"@type":"ImageObject","inLanguage":"pt-BR","@id":"https:\/\/tce.pb.gov.br\/portalprimeirainfancia\/#\/schema\/logo\/image\/","url":"https:\/\/tce.pb.gov.br\/portalprimeirainfancia\/wp-content\/uploads\/2025\/05\/Pacto-Whatsapp.png","contentUrl":"https:\/\/tce.pb.gov.br\/portalprimeirainfancia\/wp-content\/uploads\/2025\/05\/Pacto-Whatsapp.png","width":427,"height":427,"caption":"Pacto Paraibano pela Primeira Inf\u00e2ncia"},"image":{"@id":"https:\/\/tce.pb.gov.br\/portalprimeirainfancia\/#\/schema\/logo\/image\/"},"sameAs":["https:\/\/www.instagram.com\/tcepb\/"]},{"@type":"Person","@id":"https:\/\/tce.pb.gov.br\/portalprimeirainfancia\/#\/schema\/person\/6a39eea5836dda604de1c5e5b7d62141","name":"Rafael Massoni"}]}},"jetpack_featured_media_url":"https:\/\/tce.pb.gov.br\/portalprimeirainfancia\/wp-content\/uploads\/2025\/04\/Screenshot_20250424_130001_Chrome-scaled.jpg","jetpack_sharing_enabled":true,"_links":{"self":[{"href":"https:\/\/tce.pb.gov.br\/portalprimeirainfancia\/wp-json\/wp\/v2\/posts\/29004","targetHints":{"allow":["GET"]}}],"collection":[{"href":"https:\/\/tce.pb.gov.br\/portalprimeirainfancia\/wp-json\/wp\/v2\/posts"}],"about":[{"href":"https:\/\/tce.pb.gov.br\/portalprimeirainfancia\/wp-json\/wp\/v2\/types\/post"}],"author":[{"embeddable":true,"href":"https:\/\/tce.pb.gov.br\/portalprimeirainfancia\/wp-json\/wp\/v2\/users\/6"}],"replies":[{"embeddable":true,"href":"https:\/\/tce.pb.gov.br\/portalprimeirainfancia\/wp-json\/wp\/v2\/comments?post=29004"}],"version-history":[{"count":1,"href":"https:\/\/tce.pb.gov.br\/portalprimeirainfancia\/wp-json\/wp\/v2\/posts\/29004\/revisions"}],"predecessor-version":[{"id":29185,"href":"https:\/\/tce.pb.gov.br\/portalprimeirainfancia\/wp-json\/wp\/v2\/posts\/29004\/revisions\/29185"}],"wp:featuredmedia":[{"embeddable":true,"href":"https:\/\/tce.pb.gov.br\/portalprimeirainfancia\/wp-json\/wp\/v2\/media\/2249"}],"wp:attachment":[{"href":"https:\/\/tce.pb.gov.br\/portalprimeirainfancia\/wp-json\/wp\/v2\/media?parent=29004"}],"wp:term":[{"taxonomy":"category","embeddable":true,"href":"https:\/\/tce.pb.gov.br\/portalprimeirainfancia\/wp-json\/wp\/v2\/categories?post=29004"},{"taxonomy":"post_tag","embeddable":true,"href":"https:\/\/tce.pb.gov.br\/portalprimeirainfancia\/wp-json\/wp\/v2\/tags?post=29004"}],"curies":[{"name":"wp","href":"https:\/\/api.w.org\/{rel}","templated":true}]}}