{"id":28804,"date":"2025-04-10T15:37:09","date_gmt":"2025-04-10T18:37:09","guid":{"rendered":"https:\/\/tce.pb.gov.br\/?p=28804"},"modified":"2025-04-10T15:37:09","modified_gmt":"2025-04-10T18:37:09","slug":"presidente-do-tce-reune-secretarios-municipais-e-fala-sobre-importancia-do-pacto-pela-primeira-infancia-2","status":"publish","type":"post","link":"https:\/\/tce.pb.gov.br\/portalprimeirainfancia\/presidente-do-tce-reune-secretarios-municipais-e-fala-sobre-importancia-do-pacto-pela-primeira-infancia-2\/","title":{"rendered":"Presidente do TCE re\u00fane secret\u00e1rios municipais e fala sobre import\u00e2ncia do Pacto pela Primeira Inf\u00e2ncia"},"content":{"rendered":"\n<p>O presidente do Tribunal de Contas do Estado, conselheiro F\u00e1bio Nogueira, reuniu nesta manh\u00e3, quinta-feira (10), secret\u00e1rios de sa\u00fade, da educa\u00e7\u00e3o e da assist\u00eancia social de Campina Grande e de munic\u00edpios da grande Jo\u00e3o Pessoa, para apresentar o \u201cPacto Paraibano pela Primeira Inf\u00e2ncia\u201d, projeto que ser\u00e1 lan\u00e7ado no pr\u00f3ximo dia 28 de abril e que tem como finalidade o incentivo \u00e0s pol\u00edticas p\u00fablicas voltadas ao desenvolvimento f\u00edsico, emocional e educacional de crian\u00e7as de zero a seis anos de idade.<\/p>\n\n\n\n<figure class=\"wp-block-image size-large\"><img fetchpriority=\"high\" decoding=\"async\" width=\"1024\" height=\"683\" src=\"https:\/\/tce.pb.gov.br\/portalprimeirainfancia\/wp-content\/uploads\/2025\/04\/Foto-Pacto-1024x683.jpg\" alt=\"\" class=\"wp-image-28805\" srcset=\"https:\/\/tce.pb.gov.br\/portalprimeirainfancia\/wp-content\/uploads\/2025\/04\/Foto-Pacto-1024x683.jpg 1024w, https:\/\/tce.pb.gov.br\/portalprimeirainfancia\/wp-content\/uploads\/2025\/04\/Foto-Pacto-300x200.jpg 300w, https:\/\/tce.pb.gov.br\/portalprimeirainfancia\/wp-content\/uploads\/2025\/04\/Foto-Pacto-768x512.jpg 768w, https:\/\/tce.pb.gov.br\/portalprimeirainfancia\/wp-content\/uploads\/2025\/04\/Foto-Pacto-1536x1024.jpg 1536w, https:\/\/tce.pb.gov.br\/portalprimeirainfancia\/wp-content\/uploads\/2025\/04\/Foto-Pacto.jpg 2048w\" sizes=\"(max-width: 1024px) 100vw, 1024px\" \/><\/figure>\n\n\n\n<p>O encontro, que ocorreu no Espa\u00e7o Cidadania Digital, no Centro Cultural Ariano Suassuna &#8211; sede do TCE-PB, foi mais uma a\u00e7\u00e3o voltada aos gestores p\u00fablicos, quanto \u00e0 import\u00e2ncia da conectividade dos servi\u00e7os em favor da primeira fase da vida humana, durante a qual se alicer\u00e7am as conex\u00f5es cerebrais necess\u00e1rias ao desenvolvimento intelectual. \u201cO papel do TCE \u00e9 sensibilizar e fazer repercutir as experi\u00eancias positivas que est\u00e3o sendo adotadas nessa \u00e1rea, sem interfer\u00eancia nos projetos e nas iniciativas de cada um\u201d, frisou o conselheiro F\u00e1bio Nogueira.<\/p>\n\n\n\n<p>Entre os secret\u00e1rios presentes \u00e0 reuni\u00e3o t\u00e9cnica destacaram-se as secret\u00e1rias de Educa\u00e7\u00e3o e do Desenvolvimento Social do munic\u00edpio de Jo\u00e3o Pessoa, Maria Am\u00e9rica e Norma Wanderley, respectivamente, o secret\u00e1rio de Educa\u00e7\u00e3o de Campina Grande, Raymundo Asfora Neto e o secret\u00e1rio de Educa\u00e7\u00e3o do munic\u00edpio de Cabedelo, Alexandre C\u00e9sar.<\/p>\n\n\n\n<p>A secretaria de Sa\u00fade de Jo\u00e3o Pessoa esteve representada pelo gerente de Aten\u00e7\u00e3o Especializada, Rochelle Cirne Caramuru e pela t\u00e9cnica de Sa\u00fade da Crian\u00e7a e do Adolescente, Jane Morais Freitas. Pela secretaria de Sa\u00fade de Campina Grande, participaram do encontro a secret\u00e1ria adjunta Karina L\u00edgia de Freitas Sales, e o diretor do APS, Cesar Moureira Gomes. A secret\u00e1ria executiva da Sa\u00fade, Harlane Herculano Marinho representou o munic\u00edpio de Bayeux.<\/p>\n\n\n\n<p>Acompanhado do vice-presidente, Andr\u00e9 Carlo Torres Pontes, que \u00e9 o coordenador do projeto que institui o pacto, F\u00e1bio Nogueira reiterou o compromisso do sistema tribunais de contas do Brasil, com o projeto, por meio de parcerias com v\u00e1rios signat\u00e1rios, o Estado e as prefeituras, busca ampliar as for\u00e7as para melhorar a forma\u00e7\u00e3o cerebral das crian\u00e7as no per\u00edodo da primeira inf\u00e2ncia. \u201c\u00c9 o m\u00ednimo que podemos fazer pelas novas gera\u00e7\u00f5es, unindo os diversos atores, proporcionando melhores resultados e metas a serem atingidas\u201d, disse o presidente.<\/p>\n\n\n\n<p>O conselheiro reiterou a experi\u00eancia do corpo t\u00e9cnico do TCE, que j\u00e1 vem trabalhando em iniciativas que visam contribuir com a forma\u00e7\u00e3o dos seres humanos na primeira inf\u00e2ncia, reflexo da nova realidade do controle externo, mais moderno e contempor\u00e2neo, integrando-se aos meios acad\u00eamicos em parcerias com universidades e demais \u00f3rg\u00e3os de controle, poderes e entidades representativas.<\/p>\n\n\n\n<figure class=\"wp-block-image size-large\"><img decoding=\"async\" width=\"1024\" height=\"641\" src=\"https:\/\/tce.pb.gov.br\/portalprimeirainfancia\/wp-content\/uploads\/2025\/04\/Foto-Pacto1-2-1024x641.jpg\" alt=\"\" class=\"wp-image-28806\" srcset=\"https:\/\/tce.pb.gov.br\/portalprimeirainfancia\/wp-content\/uploads\/2025\/04\/Foto-Pacto1-2-1024x641.jpg 1024w, https:\/\/tce.pb.gov.br\/portalprimeirainfancia\/wp-content\/uploads\/2025\/04\/Foto-Pacto1-2-300x188.jpg 300w, https:\/\/tce.pb.gov.br\/portalprimeirainfancia\/wp-content\/uploads\/2025\/04\/Foto-Pacto1-2-768x481.jpg 768w, https:\/\/tce.pb.gov.br\/portalprimeirainfancia\/wp-content\/uploads\/2025\/04\/Foto-Pacto1-2.jpg 1477w\" sizes=\"(max-width: 1024px) 100vw, 1024px\" \/><\/figure>\n\n\n\n<p>O conselheiro Andr\u00e9 Carlo Torres falou das auditorias coordenadas, e comentou sobre a Auditoria Operacional que est\u00e1 sendo realizada para a primeira inf\u00e2ncia, e que ser\u00e1 a matriz de planejamento para o in\u00edcio das atividades. Ele destacou ainda o question\u00e1rio que foi encaminhado para todos os munic\u00edpios e que serviu de diagn\u00f3stico, visando a ado\u00e7\u00e3o de provid\u00eancias e metas a serem atingidas. Refor\u00e7ou a import\u00e2ncia da ades\u00e3o de todos os atores ao projeto, trazendo suas experi\u00eancias de acordo com as prioridades a serem alcan\u00e7adas. &nbsp;<\/p>\n\n\n\n<p>Andr\u00e9 Carlo lembrou tamb\u00e9m que o TCE iniciou uma s\u00e9rie de atividades pedag\u00f3gicas para orientar os gestores na elabora\u00e7\u00e3o das Leis de Diretrizes Or\u00e7ament\u00e1rias \u2013 LDO, especificamente em rela\u00e7\u00e3o \u00e0s rubricas voltadas \u00e0 primeira inf\u00e2ncia, que podem ser observadas em todas as \u00e1reas governamentais. Encontros regionais j\u00e1 foram realizados nos munic\u00edpios de Patos, Campina Grande e Jo\u00e3o Pessoa, inclusive com a participa\u00e7\u00e3o do presidente do Tribunal, conselheiro F\u00e1bio Nogueira. &nbsp;<\/p>\n\n\n\n<p><\/p>\n\n\n\n<p><\/p>\n","protected":false},"excerpt":{"rendered":"<p>O presidente do Tribunal de Contas do Estado, conselheiro F\u00e1bio Nogueira, reuniu nesta manh\u00e3, quinta-feira (10), secret\u00e1rios de sa\u00fade, da [&hellip;]<\/p>\n","protected":false},"author":6,"featured_media":28805,"comment_status":"open","ping_status":"open","sticky":false,"template":"","format":"standard","meta":{"site-sidebar-layout":"default","site-content-layout":"","ast-site-content-layout":"","site-content-style":"default","site-sidebar-style":"default","ast-global-header-display":"","ast-banner-title-visibility":"","ast-main-header-display":"","ast-hfb-above-header-display":"","ast-hfb-below-header-display":"","ast-hfb-mobile-header-display":"","site-post-title":"","ast-breadcrumbs-content":"","ast-featured-img":"","footer-sml-layout":"","theme-transparent-header-meta":"","adv-header-id-meta":"","stick-header-meta":"","header-above-stick-meta":"","header-main-stick-meta":"","header-below-stick-meta":"","astra-migrate-meta-layouts":"default","ast-page-background-enabled":"default","ast-page-background-meta":{"desktop":{"background-color":"var(--ast-global-color-5)","background-image":"","background-repeat":"repeat","background-position":"center center","background-size":"auto","background-attachment":"scroll","background-type":"","background-media":"","overlay-type":"","overlay-color":"","overlay-opacity":"","overlay-gradient":""},"tablet":{"background-color":"","background-image":"","background-repeat":"repeat","background-position":"center center","background-size":"auto","background-attachment":"scroll","background-type":"","background-media":"","overlay-type":"","overlay-color":"","overlay-opacity":"","overlay-gradient":""},"mobile":{"background-color":"","background-image":"","background-repeat":"repeat","background-position":"center center","background-size":"auto","background-attachment":"scroll","background-type":"","background-media":"","overlay-type":"","overlay-color":"","overlay-opacity":"","overlay-gradient":""}},"ast-content-background-meta":{"desktop":{"background-color":"var(--ast-global-color-4)","background-image":"","background-repeat":"repeat","background-position":"center center","background-size":"auto","background-attachment":"scroll","background-type":"","background-media":"","overlay-type":"","overlay-color":"","overlay-opacity":"","overlay-gradient":""},"tablet":{"background-color":"var(--ast-global-color-4)","background-image":"","background-repeat":"repeat","background-position":"center center","background-size":"auto","background-attachment":"scroll","background-type":"","background-media":"","overlay-type":"","overlay-color":"","overlay-opacity":"","overlay-gradient":""},"mobile":{"background-color":"var(--ast-global-color-4)","background-image":"","background-repeat":"repeat","background-position":"center center","background-size":"auto","background-attachment":"scroll","background-type":"","background-media":"","overlay-type":"","overlay-color":"","overlay-opacity":"","overlay-gradient":""}},"_jetpack_memberships_contains_paid_content":false,"footnotes":""},"categories":[24,7],"tags":[],"class_list":["post-28804","post","type-post","status-publish","format-standard","has-post-thumbnail","hentry","category-destaques","category-noticias"],"yoast_head":"<!-- This site is optimized with the Yoast SEO plugin v27.5 - https:\/\/yoast.com\/product\/yoast-seo-wordpress\/ -->\n<title>Presidente do TCE re\u00fane secret\u00e1rios municipais e fala sobre import\u00e2ncia do Pacto pela Primeira Inf\u00e2ncia %<\/title>\n<meta name=\"description\" content=\"Presidente do TCE re\u00fane secret\u00e1rios municipais e fala sobre import\u00e2ncia do Pacto pela Primeira Inf\u00e2ncia %\" \/>\n<meta name=\"robots\" content=\"index, follow, max-snippet:-1, max-image-preview:large, max-video-preview:-1\" \/>\n<link rel=\"canonical\" href=\"https:\/\/tce.pb.gov.br\/portalprimeirainfancia\/presidente-do-tce-reune-secretarios-municipais-e-fala-sobre-importancia-do-pacto-pela-primeira-infancia-2\/\" \/>\n<meta property=\"og:locale\" content=\"pt_BR\" \/>\n<meta property=\"og:type\" content=\"article\" \/>\n<meta property=\"og:title\" content=\"Presidente do TCE re\u00fane secret\u00e1rios municipais e fala sobre import\u00e2ncia do Pacto pela Primeira Inf\u00e2ncia %\" \/>\n<meta property=\"og:description\" content=\"Presidente do TCE re\u00fane secret\u00e1rios municipais e fala sobre import\u00e2ncia do Pacto pela Primeira Inf\u00e2ncia %\" \/>\n<meta property=\"og:url\" content=\"https:\/\/tce.pb.gov.br\/portalprimeirainfancia\/presidente-do-tce-reune-secretarios-municipais-e-fala-sobre-importancia-do-pacto-pela-primeira-infancia-2\/\" \/>\n<meta property=\"og:site_name\" content=\"Pacto Paraibano pela Primeira Inf\u00e2ncia\" \/>\n<meta property=\"article:published_time\" content=\"2025-04-10T18:37:09+00:00\" \/>\n<meta property=\"og:image\" content=\"https:\/\/tce.pb.gov.br\/portalprimeirainfancia\/wp-content\/uploads\/2025\/04\/Foto-Pacto.jpg\" \/>\n\t<meta property=\"og:image:width\" content=\"2048\" \/>\n\t<meta property=\"og:image:height\" content=\"1365\" \/>\n\t<meta property=\"og:image:type\" content=\"image\/jpeg\" \/>\n<meta name=\"author\" content=\"Rafael Massoni\" \/>\n<meta name=\"twitter:card\" content=\"summary_large_image\" \/>\n<meta name=\"twitter:label1\" content=\"Escrito por\" \/>\n\t<meta name=\"twitter:data1\" content=\"Rafael Massoni\" \/>\n\t<meta name=\"twitter:label2\" content=\"Est. tempo de leitura\" \/>\n\t<meta name=\"twitter:data2\" content=\"3 minutos\" \/>\n<script type=\"application\/ld+json\" class=\"yoast-schema-graph\">{\"@context\":\"https:\\\/\\\/schema.org\",\"@graph\":[{\"@type\":\"NewsArticle\",\"@id\":\"https:\\\/\\\/tce.pb.gov.br\\\/portalprimeirainfancia\\\/presidente-do-tce-reune-secretarios-municipais-e-fala-sobre-importancia-do-pacto-pela-primeira-infancia-2\\\/#article\",\"isPartOf\":{\"@id\":\"https:\\\/\\\/tce.pb.gov.br\\\/portalprimeirainfancia\\\/presidente-do-tce-reune-secretarios-municipais-e-fala-sobre-importancia-do-pacto-pela-primeira-infancia-2\\\/\"},\"author\":{\"name\":\"Rafael Massoni\",\"@id\":\"https:\\\/\\\/tce.pb.gov.br\\\/portalprimeirainfancia\\\/#\\\/schema\\\/person\\\/6a39eea5836dda604de1c5e5b7d62141\"},\"headline\":\"Presidente do TCE re\u00fane secret\u00e1rios municipais e fala sobre import\u00e2ncia do Pacto pela Primeira Inf\u00e2ncia\",\"datePublished\":\"2025-04-10T18:37:09+00:00\",\"mainEntityOfPage\":{\"@id\":\"https:\\\/\\\/tce.pb.gov.br\\\/portalprimeirainfancia\\\/presidente-do-tce-reune-secretarios-municipais-e-fala-sobre-importancia-do-pacto-pela-primeira-infancia-2\\\/\"},\"wordCount\":679,\"commentCount\":0,\"publisher\":{\"@id\":\"https:\\\/\\\/tce.pb.gov.br\\\/portalprimeirainfancia\\\/#organization\"},\"image\":{\"@id\":\"https:\\\/\\\/tce.pb.gov.br\\\/portalprimeirainfancia\\\/presidente-do-tce-reune-secretarios-municipais-e-fala-sobre-importancia-do-pacto-pela-primeira-infancia-2\\\/#primaryimage\"},\"thumbnailUrl\":\"https:\\\/\\\/tce.pb.gov.br\\\/portalprimeirainfancia\\\/wp-content\\\/uploads\\\/2025\\\/04\\\/Foto-Pacto.jpg\",\"articleSection\":[\"Destaques\",\"Not\u00edcias\"],\"inLanguage\":\"pt-BR\",\"potentialAction\":[{\"@type\":\"CommentAction\",\"name\":\"Comment\",\"target\":[\"https:\\\/\\\/tce.pb.gov.br\\\/portalprimeirainfancia\\\/presidente-do-tce-reune-secretarios-municipais-e-fala-sobre-importancia-do-pacto-pela-primeira-infancia-2\\\/#respond\"]}]},{\"@type\":\"WebPage\",\"@id\":\"https:\\\/\\\/tce.pb.gov.br\\\/portalprimeirainfancia\\\/presidente-do-tce-reune-secretarios-municipais-e-fala-sobre-importancia-do-pacto-pela-primeira-infancia-2\\\/\",\"url\":\"https:\\\/\\\/tce.pb.gov.br\\\/portalprimeirainfancia\\\/presidente-do-tce-reune-secretarios-municipais-e-fala-sobre-importancia-do-pacto-pela-primeira-infancia-2\\\/\",\"name\":\"Presidente do TCE re\u00fane secret\u00e1rios municipais e fala sobre import\u00e2ncia do Pacto pela Primeira Inf\u00e2ncia %\",\"isPartOf\":{\"@id\":\"https:\\\/\\\/tce.pb.gov.br\\\/portalprimeirainfancia\\\/#website\"},\"primaryImageOfPage\":{\"@id\":\"https:\\\/\\\/tce.pb.gov.br\\\/portalprimeirainfancia\\\/presidente-do-tce-reune-secretarios-municipais-e-fala-sobre-importancia-do-pacto-pela-primeira-infancia-2\\\/#primaryimage\"},\"image\":{\"@id\":\"https:\\\/\\\/tce.pb.gov.br\\\/portalprimeirainfancia\\\/presidente-do-tce-reune-secretarios-municipais-e-fala-sobre-importancia-do-pacto-pela-primeira-infancia-2\\\/#primaryimage\"},\"thumbnailUrl\":\"https:\\\/\\\/tce.pb.gov.br\\\/portalprimeirainfancia\\\/wp-content\\\/uploads\\\/2025\\\/04\\\/Foto-Pacto.jpg\",\"datePublished\":\"2025-04-10T18:37:09+00:00\",\"description\":\"Presidente do TCE re\u00fane secret\u00e1rios municipais e fala sobre import\u00e2ncia do Pacto pela Primeira Inf\u00e2ncia %\",\"breadcrumb\":{\"@id\":\"https:\\\/\\\/tce.pb.gov.br\\\/portalprimeirainfancia\\\/presidente-do-tce-reune-secretarios-municipais-e-fala-sobre-importancia-do-pacto-pela-primeira-infancia-2\\\/#breadcrumb\"},\"inLanguage\":\"pt-BR\",\"potentialAction\":[{\"@type\":\"ReadAction\",\"target\":[\"https:\\\/\\\/tce.pb.gov.br\\\/portalprimeirainfancia\\\/presidente-do-tce-reune-secretarios-municipais-e-fala-sobre-importancia-do-pacto-pela-primeira-infancia-2\\\/\"]}]},{\"@type\":\"ImageObject\",\"inLanguage\":\"pt-BR\",\"@id\":\"https:\\\/\\\/tce.pb.gov.br\\\/portalprimeirainfancia\\\/presidente-do-tce-reune-secretarios-municipais-e-fala-sobre-importancia-do-pacto-pela-primeira-infancia-2\\\/#primaryimage\",\"url\":\"https:\\\/\\\/tce.pb.gov.br\\\/portalprimeirainfancia\\\/wp-content\\\/uploads\\\/2025\\\/04\\\/Foto-Pacto.jpg\",\"contentUrl\":\"https:\\\/\\\/tce.pb.gov.br\\\/portalprimeirainfancia\\\/wp-content\\\/uploads\\\/2025\\\/04\\\/Foto-Pacto.jpg\",\"width\":2048,\"height\":1365},{\"@type\":\"BreadcrumbList\",\"@id\":\"https:\\\/\\\/tce.pb.gov.br\\\/portalprimeirainfancia\\\/presidente-do-tce-reune-secretarios-municipais-e-fala-sobre-importancia-do-pacto-pela-primeira-infancia-2\\\/#breadcrumb\",\"itemListElement\":[{\"@type\":\"ListItem\",\"position\":1,\"name\":\"In\u00edcio\",\"item\":\"https:\\\/\\\/tce.pb.gov.br\\\/portalprimeirainfancia\\\/\"},{\"@type\":\"ListItem\",\"position\":2,\"name\":\"Presidente do TCE re\u00fane secret\u00e1rios municipais e fala sobre import\u00e2ncia do Pacto pela Primeira Inf\u00e2ncia\"}]},{\"@type\":\"WebSite\",\"@id\":\"https:\\\/\\\/tce.pb.gov.br\\\/portalprimeirainfancia\\\/#website\",\"url\":\"https:\\\/\\\/tce.pb.gov.br\\\/portalprimeirainfancia\\\/\",\"name\":\"Pacto Paraibano pela Primeira Inf\u00e2ncia\",\"description\":\"Portal para divulga\u00e7\u00e3o do Pacto Paraibano pela Primeira Inf\u00e2ncia\",\"publisher\":{\"@id\":\"https:\\\/\\\/tce.pb.gov.br\\\/portalprimeirainfancia\\\/#organization\"},\"potentialAction\":[{\"@type\":\"SearchAction\",\"target\":{\"@type\":\"EntryPoint\",\"urlTemplate\":\"https:\\\/\\\/tce.pb.gov.br\\\/portalprimeirainfancia\\\/?s={search_term_string}\"},\"query-input\":{\"@type\":\"PropertyValueSpecification\",\"valueRequired\":true,\"valueName\":\"search_term_string\"}}],\"inLanguage\":\"pt-BR\"},{\"@type\":\"Organization\",\"@id\":\"https:\\\/\\\/tce.pb.gov.br\\\/portalprimeirainfancia\\\/#organization\",\"name\":\"Pacto Paraibano pela Primeira Inf\u00e2ncia\",\"alternateName\":\"TCE-PB\",\"url\":\"https:\\\/\\\/tce.pb.gov.br\\\/portalprimeirainfancia\\\/\",\"logo\":{\"@type\":\"ImageObject\",\"inLanguage\":\"pt-BR\",\"@id\":\"https:\\\/\\\/tce.pb.gov.br\\\/portalprimeirainfancia\\\/#\\\/schema\\\/logo\\\/image\\\/\",\"url\":\"https:\\\/\\\/tce.pb.gov.br\\\/portalprimeirainfancia\\\/wp-content\\\/uploads\\\/2025\\\/05\\\/Pacto-Whatsapp.png\",\"contentUrl\":\"https:\\\/\\\/tce.pb.gov.br\\\/portalprimeirainfancia\\\/wp-content\\\/uploads\\\/2025\\\/05\\\/Pacto-Whatsapp.png\",\"width\":427,\"height\":427,\"caption\":\"Pacto Paraibano pela Primeira Inf\u00e2ncia\"},\"image\":{\"@id\":\"https:\\\/\\\/tce.pb.gov.br\\\/portalprimeirainfancia\\\/#\\\/schema\\\/logo\\\/image\\\/\"},\"sameAs\":[\"https:\\\/\\\/www.instagram.com\\\/tcepb\\\/\"]},{\"@type\":\"Person\",\"@id\":\"https:\\\/\\\/tce.pb.gov.br\\\/portalprimeirainfancia\\\/#\\\/schema\\\/person\\\/6a39eea5836dda604de1c5e5b7d62141\",\"name\":\"Rafael Massoni\"}]}<\/script>\n<!-- \/ Yoast SEO plugin. -->","yoast_head_json":{"title":"Presidente do TCE re\u00fane secret\u00e1rios municipais e fala sobre import\u00e2ncia do Pacto pela Primeira Inf\u00e2ncia %","description":"Presidente do TCE re\u00fane secret\u00e1rios municipais e fala sobre import\u00e2ncia do Pacto pela Primeira Inf\u00e2ncia %","robots":{"index":"index","follow":"follow","max-snippet":"max-snippet:-1","max-image-preview":"max-image-preview:large","max-video-preview":"max-video-preview:-1"},"canonical":"https:\/\/tce.pb.gov.br\/portalprimeirainfancia\/presidente-do-tce-reune-secretarios-municipais-e-fala-sobre-importancia-do-pacto-pela-primeira-infancia-2\/","og_locale":"pt_BR","og_type":"article","og_title":"Presidente do TCE re\u00fane secret\u00e1rios municipais e fala sobre import\u00e2ncia do Pacto pela Primeira Inf\u00e2ncia %","og_description":"Presidente do TCE re\u00fane secret\u00e1rios municipais e fala sobre import\u00e2ncia do Pacto pela Primeira Inf\u00e2ncia %","og_url":"https:\/\/tce.pb.gov.br\/portalprimeirainfancia\/presidente-do-tce-reune-secretarios-municipais-e-fala-sobre-importancia-do-pacto-pela-primeira-infancia-2\/","og_site_name":"Pacto Paraibano pela Primeira Inf\u00e2ncia","article_published_time":"2025-04-10T18:37:09+00:00","og_image":[{"width":2048,"height":1365,"url":"https:\/\/tce.pb.gov.br\/portalprimeirainfancia\/wp-content\/uploads\/2025\/04\/Foto-Pacto.jpg","type":"image\/jpeg"}],"author":"Rafael Massoni","twitter_card":"summary_large_image","twitter_misc":{"Escrito por":"Rafael Massoni","Est. tempo de leitura":"3 minutos"},"schema":{"@context":"https:\/\/schema.org","@graph":[{"@type":"NewsArticle","@id":"https:\/\/tce.pb.gov.br\/portalprimeirainfancia\/presidente-do-tce-reune-secretarios-municipais-e-fala-sobre-importancia-do-pacto-pela-primeira-infancia-2\/#article","isPartOf":{"@id":"https:\/\/tce.pb.gov.br\/portalprimeirainfancia\/presidente-do-tce-reune-secretarios-municipais-e-fala-sobre-importancia-do-pacto-pela-primeira-infancia-2\/"},"author":{"name":"Rafael Massoni","@id":"https:\/\/tce.pb.gov.br\/portalprimeirainfancia\/#\/schema\/person\/6a39eea5836dda604de1c5e5b7d62141"},"headline":"Presidente do TCE re\u00fane secret\u00e1rios municipais e fala sobre import\u00e2ncia do Pacto pela Primeira Inf\u00e2ncia","datePublished":"2025-04-10T18:37:09+00:00","mainEntityOfPage":{"@id":"https:\/\/tce.pb.gov.br\/portalprimeirainfancia\/presidente-do-tce-reune-secretarios-municipais-e-fala-sobre-importancia-do-pacto-pela-primeira-infancia-2\/"},"wordCount":679,"commentCount":0,"publisher":{"@id":"https:\/\/tce.pb.gov.br\/portalprimeirainfancia\/#organization"},"image":{"@id":"https:\/\/tce.pb.gov.br\/portalprimeirainfancia\/presidente-do-tce-reune-secretarios-municipais-e-fala-sobre-importancia-do-pacto-pela-primeira-infancia-2\/#primaryimage"},"thumbnailUrl":"https:\/\/tce.pb.gov.br\/portalprimeirainfancia\/wp-content\/uploads\/2025\/04\/Foto-Pacto.jpg","articleSection":["Destaques","Not\u00edcias"],"inLanguage":"pt-BR","potentialAction":[{"@type":"CommentAction","name":"Comment","target":["https:\/\/tce.pb.gov.br\/portalprimeirainfancia\/presidente-do-tce-reune-secretarios-municipais-e-fala-sobre-importancia-do-pacto-pela-primeira-infancia-2\/#respond"]}]},{"@type":"WebPage","@id":"https:\/\/tce.pb.gov.br\/portalprimeirainfancia\/presidente-do-tce-reune-secretarios-municipais-e-fala-sobre-importancia-do-pacto-pela-primeira-infancia-2\/","url":"https:\/\/tce.pb.gov.br\/portalprimeirainfancia\/presidente-do-tce-reune-secretarios-municipais-e-fala-sobre-importancia-do-pacto-pela-primeira-infancia-2\/","name":"Presidente do TCE re\u00fane secret\u00e1rios municipais e fala sobre import\u00e2ncia do Pacto pela Primeira Inf\u00e2ncia %","isPartOf":{"@id":"https:\/\/tce.pb.gov.br\/portalprimeirainfancia\/#website"},"primaryImageOfPage":{"@id":"https:\/\/tce.pb.gov.br\/portalprimeirainfancia\/presidente-do-tce-reune-secretarios-municipais-e-fala-sobre-importancia-do-pacto-pela-primeira-infancia-2\/#primaryimage"},"image":{"@id":"https:\/\/tce.pb.gov.br\/portalprimeirainfancia\/presidente-do-tce-reune-secretarios-municipais-e-fala-sobre-importancia-do-pacto-pela-primeira-infancia-2\/#primaryimage"},"thumbnailUrl":"https:\/\/tce.pb.gov.br\/portalprimeirainfancia\/wp-content\/uploads\/2025\/04\/Foto-Pacto.jpg","datePublished":"2025-04-10T18:37:09+00:00","description":"Presidente do TCE re\u00fane secret\u00e1rios municipais e fala sobre import\u00e2ncia do Pacto pela Primeira Inf\u00e2ncia %","breadcrumb":{"@id":"https:\/\/tce.pb.gov.br\/portalprimeirainfancia\/presidente-do-tce-reune-secretarios-municipais-e-fala-sobre-importancia-do-pacto-pela-primeira-infancia-2\/#breadcrumb"},"inLanguage":"pt-BR","potentialAction":[{"@type":"ReadAction","target":["https:\/\/tce.pb.gov.br\/portalprimeirainfancia\/presidente-do-tce-reune-secretarios-municipais-e-fala-sobre-importancia-do-pacto-pela-primeira-infancia-2\/"]}]},{"@type":"ImageObject","inLanguage":"pt-BR","@id":"https:\/\/tce.pb.gov.br\/portalprimeirainfancia\/presidente-do-tce-reune-secretarios-municipais-e-fala-sobre-importancia-do-pacto-pela-primeira-infancia-2\/#primaryimage","url":"https:\/\/tce.pb.gov.br\/portalprimeirainfancia\/wp-content\/uploads\/2025\/04\/Foto-Pacto.jpg","contentUrl":"https:\/\/tce.pb.gov.br\/portalprimeirainfancia\/wp-content\/uploads\/2025\/04\/Foto-Pacto.jpg","width":2048,"height":1365},{"@type":"BreadcrumbList","@id":"https:\/\/tce.pb.gov.br\/portalprimeirainfancia\/presidente-do-tce-reune-secretarios-municipais-e-fala-sobre-importancia-do-pacto-pela-primeira-infancia-2\/#breadcrumb","itemListElement":[{"@type":"ListItem","position":1,"name":"In\u00edcio","item":"https:\/\/tce.pb.gov.br\/portalprimeirainfancia\/"},{"@type":"ListItem","position":2,"name":"Presidente do TCE re\u00fane secret\u00e1rios municipais e fala sobre import\u00e2ncia do Pacto pela Primeira Inf\u00e2ncia"}]},{"@type":"WebSite","@id":"https:\/\/tce.pb.gov.br\/portalprimeirainfancia\/#website","url":"https:\/\/tce.pb.gov.br\/portalprimeirainfancia\/","name":"Pacto Paraibano pela Primeira Inf\u00e2ncia","description":"Portal para divulga\u00e7\u00e3o do Pacto Paraibano pela Primeira Inf\u00e2ncia","publisher":{"@id":"https:\/\/tce.pb.gov.br\/portalprimeirainfancia\/#organization"},"potentialAction":[{"@type":"SearchAction","target":{"@type":"EntryPoint","urlTemplate":"https:\/\/tce.pb.gov.br\/portalprimeirainfancia\/?s={search_term_string}"},"query-input":{"@type":"PropertyValueSpecification","valueRequired":true,"valueName":"search_term_string"}}],"inLanguage":"pt-BR"},{"@type":"Organization","@id":"https:\/\/tce.pb.gov.br\/portalprimeirainfancia\/#organization","name":"Pacto Paraibano pela Primeira Inf\u00e2ncia","alternateName":"TCE-PB","url":"https:\/\/tce.pb.gov.br\/portalprimeirainfancia\/","logo":{"@type":"ImageObject","inLanguage":"pt-BR","@id":"https:\/\/tce.pb.gov.br\/portalprimeirainfancia\/#\/schema\/logo\/image\/","url":"https:\/\/tce.pb.gov.br\/portalprimeirainfancia\/wp-content\/uploads\/2025\/05\/Pacto-Whatsapp.png","contentUrl":"https:\/\/tce.pb.gov.br\/portalprimeirainfancia\/wp-content\/uploads\/2025\/05\/Pacto-Whatsapp.png","width":427,"height":427,"caption":"Pacto Paraibano pela Primeira Inf\u00e2ncia"},"image":{"@id":"https:\/\/tce.pb.gov.br\/portalprimeirainfancia\/#\/schema\/logo\/image\/"},"sameAs":["https:\/\/www.instagram.com\/tcepb\/"]},{"@type":"Person","@id":"https:\/\/tce.pb.gov.br\/portalprimeirainfancia\/#\/schema\/person\/6a39eea5836dda604de1c5e5b7d62141","name":"Rafael Massoni"}]}},"jetpack_featured_media_url":"https:\/\/tce.pb.gov.br\/portalprimeirainfancia\/wp-content\/uploads\/2025\/04\/Foto-Pacto.jpg","jetpack_sharing_enabled":true,"_links":{"self":[{"href":"https:\/\/tce.pb.gov.br\/portalprimeirainfancia\/wp-json\/wp\/v2\/posts\/28804","targetHints":{"allow":["GET"]}}],"collection":[{"href":"https:\/\/tce.pb.gov.br\/portalprimeirainfancia\/wp-json\/wp\/v2\/posts"}],"about":[{"href":"https:\/\/tce.pb.gov.br\/portalprimeirainfancia\/wp-json\/wp\/v2\/types\/post"}],"author":[{"embeddable":true,"href":"https:\/\/tce.pb.gov.br\/portalprimeirainfancia\/wp-json\/wp\/v2\/users\/6"}],"replies":[{"embeddable":true,"href":"https:\/\/tce.pb.gov.br\/portalprimeirainfancia\/wp-json\/wp\/v2\/comments?post=28804"}],"version-history":[{"count":0,"href":"https:\/\/tce.pb.gov.br\/portalprimeirainfancia\/wp-json\/wp\/v2\/posts\/28804\/revisions"}],"wp:featuredmedia":[{"embeddable":true,"href":"https:\/\/tce.pb.gov.br\/portalprimeirainfancia\/wp-json\/wp\/v2\/media\/28805"}],"wp:attachment":[{"href":"https:\/\/tce.pb.gov.br\/portalprimeirainfancia\/wp-json\/wp\/v2\/media?parent=28804"}],"wp:term":[{"taxonomy":"category","embeddable":true,"href":"https:\/\/tce.pb.gov.br\/portalprimeirainfancia\/wp-json\/wp\/v2\/categories?post=28804"},{"taxonomy":"post_tag","embeddable":true,"href":"https:\/\/tce.pb.gov.br\/portalprimeirainfancia\/wp-json\/wp\/v2\/tags?post=28804"}],"curies":[{"name":"wp","href":"https:\/\/api.w.org\/{rel}","templated":true}]}}