{"id":28796,"date":"2025-04-10T14:06:44","date_gmt":"2025-04-10T17:06:44","guid":{"rendered":"https:\/\/tce.pb.gov.br\/?p=28796"},"modified":"2025-04-10T14:06:44","modified_gmt":"2025-04-10T17:06:44","slug":"presidente-do-tce-pb-recebe-visita-de-secretario-de-saude-e-tratam-de-acoes-pela-primeira-infancia-2","status":"publish","type":"post","link":"https:\/\/tce.pb.gov.br\/portalprimeirainfancia\/presidente-do-tce-pb-recebe-visita-de-secretario-de-saude-e-tratam-de-acoes-pela-primeira-infancia-2\/","title":{"rendered":"Presidente do TCE-PB recebe visita de secret\u00e1rio de Sa\u00fade e tratam de a\u00e7\u00f5es pela primeira inf\u00e2ncia"},"content":{"rendered":"\n<figure class=\"wp-block-image size-large\"><img fetchpriority=\"high\" decoding=\"async\" width=\"1024\" height=\"683\" src=\"https:\/\/tce.pb.gov.br\/wp-content\/uploads\/2025\/04\/Reuniao-com-sec.-Saude-1024x683.jpg\" alt=\"\" class=\"wp-image-28797\" srcset=\"https:\/\/tce.pb.gov.br\/portalprimeirainfancia\/wp-content\/uploads\/2025\/04\/Reuniao-com-sec.-Saude-1024x683.jpg 1024w, https:\/\/tce.pb.gov.br\/portalprimeirainfancia\/wp-content\/uploads\/2025\/04\/Reuniao-com-sec.-Saude-300x200.jpg 300w, https:\/\/tce.pb.gov.br\/portalprimeirainfancia\/wp-content\/uploads\/2025\/04\/Reuniao-com-sec.-Saude-768x512.jpg 768w, https:\/\/tce.pb.gov.br\/portalprimeirainfancia\/wp-content\/uploads\/2025\/04\/Reuniao-com-sec.-Saude-1536x1024.jpg 1536w, https:\/\/tce.pb.gov.br\/portalprimeirainfancia\/wp-content\/uploads\/2025\/04\/Reuniao-com-sec.-Saude.jpg 2048w\" sizes=\"(max-width: 1024px) 100vw, 1024px\" \/><\/figure>\n\n\n\n<p>O presidente do Tribunal da Para\u00edba, conselheiro F\u00e1bio Nogueira, recebeu na manh\u00e3 desta quinta&#8211;feira (10), no gabinete da Presid\u00eancia, o secret\u00e1rio de Sa\u00fade do Estado, Arymatheus Reis. O encontro teve como pauta principal a discuss\u00e3o de pol\u00edticas p\u00fablicas voltadas \u00e0 primeira inf\u00e2ncia.<\/p>\n\n\n\n<p>Durante o encontro, F\u00e1bio Nogueira, acompanhado do vice-presidente da Corte, conselheiro Andr\u00e9 Carlo Torres Pontes, formalizou o convite para o lan\u00e7amento do <em>Pacto Paraibano pela Primeira Inf\u00e2ncia<\/em>, que ser\u00e1 realizado no pr\u00f3ximo dia 28 de abril, no Teatro Pedra do Reino, no Centro de Conven\u00e7\u00f5es de Jo\u00e3o Pessoa. A iniciativa do TCE-PB tem como objetivo sensibilizar e mobilizar os \u00f3rg\u00e3os p\u00fablicos estaduais para a promo\u00e7\u00e3o de pol\u00edticas integradas voltadas \u00e0s crian\u00e7as de 0 a 6 anos.<\/p>\n\n\n\n<p>O secret\u00e1rio Arymatheus Reis agradeceu o convite e reafirmou o compromisso da Secretaria de Sa\u00fade com a causa. \u201cEstamos \u00e0 disposi\u00e7\u00e3o e podem contar com o nosso apoio\u201d, declarou. Ele tamb\u00e9m aproveitou a oportunidade para apresentar um panorama dos programas e a\u00e7\u00f5es j\u00e1 desenvolvidos pelo Governo do Estado na \u00e1rea da sa\u00fade voltados ao p\u00fablico infantil.<\/p>\n\n\n\n<p>Participaram ainda da reuni\u00e3o a gerente executiva de Aten\u00e7\u00e3o \u00e0 Sa\u00fade da SES, Izabel Sarmento, o assistente de gabinete Caio C\u00e9sar Gomes e o advogado Leonardo Varandas.<\/p>\n\n\n\n<figure class=\"wp-block-image size-large\"><img decoding=\"async\" width=\"1024\" height=\"683\" src=\"https:\/\/tce.pb.gov.br\/wp-content\/uploads\/2025\/04\/Reuniao-com-sec.-Saude.-3-1024x683.jpg\" alt=\"\" class=\"wp-image-28799\" srcset=\"https:\/\/tce.pb.gov.br\/portalprimeirainfancia\/wp-content\/uploads\/2025\/04\/Reuniao-com-sec.-Saude.-3-1024x683.jpg 1024w, https:\/\/tce.pb.gov.br\/portalprimeirainfancia\/wp-content\/uploads\/2025\/04\/Reuniao-com-sec.-Saude.-3-300x200.jpg 300w, https:\/\/tce.pb.gov.br\/portalprimeirainfancia\/wp-content\/uploads\/2025\/04\/Reuniao-com-sec.-Saude.-3-768x512.jpg 768w, https:\/\/tce.pb.gov.br\/portalprimeirainfancia\/wp-content\/uploads\/2025\/04\/Reuniao-com-sec.-Saude.-3-1536x1024.jpg 1536w, https:\/\/tce.pb.gov.br\/portalprimeirainfancia\/wp-content\/uploads\/2025\/04\/Reuniao-com-sec.-Saude.-3.jpg 2048w\" sizes=\"(max-width: 1024px) 100vw, 1024px\" \/><\/figure>\n\n\n\n<figure class=\"wp-block-gallery has-nested-images columns-default is-cropped wp-block-gallery-1 is-layout-flex wp-block-gallery-is-layout-flex\">\n<figure class=\"wp-block-image size-large\"><img decoding=\"async\" width=\"1024\" height=\"683\" data-id=\"28798\" src=\"https:\/\/tce.pb.gov.br\/wp-content\/uploads\/2025\/04\/Reuniao-com-sec.-Saude.-2-1024x683.jpg\" alt=\"\" class=\"wp-image-28798\" srcset=\"https:\/\/tce.pb.gov.br\/portalprimeirainfancia\/wp-content\/uploads\/2025\/04\/Reuniao-com-sec.-Saude.-2-1024x683.jpg 1024w, https:\/\/tce.pb.gov.br\/portalprimeirainfancia\/wp-content\/uploads\/2025\/04\/Reuniao-com-sec.-Saude.-2-300x200.jpg 300w, https:\/\/tce.pb.gov.br\/portalprimeirainfancia\/wp-content\/uploads\/2025\/04\/Reuniao-com-sec.-Saude.-2-768x512.jpg 768w, https:\/\/tce.pb.gov.br\/portalprimeirainfancia\/wp-content\/uploads\/2025\/04\/Reuniao-com-sec.-Saude.-2-1536x1024.jpg 1536w, https:\/\/tce.pb.gov.br\/portalprimeirainfancia\/wp-content\/uploads\/2025\/04\/Reuniao-com-sec.-Saude.-2.jpg 2048w\" sizes=\"(max-width: 1024px) 100vw, 1024px\" \/><\/figure>\n<\/figure>\n","protected":false},"excerpt":{"rendered":"<p>O presidente do Tribunal da Para\u00edba, conselheiro F\u00e1bio Nogueira, recebeu na manh\u00e3 desta quinta&#8211;feira (10), no gabinete da Presid\u00eancia, o [&hellip;]<\/p>\n","protected":false},"author":6,"featured_media":28797,"comment_status":"open","ping_status":"open","sticky":false,"template":"","format":"standard","meta":{"site-sidebar-layout":"default","site-content-layout":"","ast-site-content-layout":"","site-content-style":"default","site-sidebar-style":"default","ast-global-header-display":"","ast-banner-title-visibility":"","ast-main-header-display":"","ast-hfb-above-header-display":"","ast-hfb-below-header-display":"","ast-hfb-mobile-header-display":"","site-post-title":"","ast-breadcrumbs-content":"","ast-featured-img":"","footer-sml-layout":"","theme-transparent-header-meta":"","adv-header-id-meta":"","stick-header-meta":"","header-above-stick-meta":"","header-main-stick-meta":"","header-below-stick-meta":"","astra-migrate-meta-layouts":"default","ast-page-background-enabled":"default","ast-page-background-meta":{"desktop":{"background-color":"var(--ast-global-color-5)","background-image":"","background-repeat":"repeat","background-position":"center center","background-size":"auto","background-attachment":"scroll","background-type":"","background-media":"","overlay-type":"","overlay-color":"","overlay-opacity":"","overlay-gradient":""},"tablet":{"background-color":"","background-image":"","background-repeat":"repeat","background-position":"center center","background-size":"auto","background-attachment":"scroll","background-type":"","background-media":"","overlay-type":"","overlay-color":"","overlay-opacity":"","overlay-gradient":""},"mobile":{"background-color":"","background-image":"","background-repeat":"repeat","background-position":"center center","background-size":"auto","background-attachment":"scroll","background-type":"","background-media":"","overlay-type":"","overlay-color":"","overlay-opacity":"","overlay-gradient":""}},"ast-content-background-meta":{"desktop":{"background-color":"var(--ast-global-color-4)","background-image":"","background-repeat":"repeat","background-position":"center center","background-size":"auto","background-attachment":"scroll","background-type":"","background-media":"","overlay-type":"","overlay-color":"","overlay-opacity":"","overlay-gradient":""},"tablet":{"background-color":"var(--ast-global-color-4)","background-image":"","background-repeat":"repeat","background-position":"center center","background-size":"auto","background-attachment":"scroll","background-type":"","background-media":"","overlay-type":"","overlay-color":"","overlay-opacity":"","overlay-gradient":""},"mobile":{"background-color":"var(--ast-global-color-4)","background-image":"","background-repeat":"repeat","background-position":"center center","background-size":"auto","background-attachment":"scroll","background-type":"","background-media":"","overlay-type":"","overlay-color":"","overlay-opacity":"","overlay-gradient":""}},"_jetpack_memberships_contains_paid_content":false,"footnotes":""},"categories":[24,7],"tags":[],"class_list":["post-28796","post","type-post","status-publish","format-standard","has-post-thumbnail","hentry","category-destaques","category-noticias"],"yoast_head":"<!-- This site is optimized with the Yoast SEO plugin v27.4 - https:\/\/yoast.com\/product\/yoast-seo-wordpress\/ -->\n<title>Presidente do TCE-PB recebe visita de secret\u00e1rio de Sa\u00fade e tratam de a\u00e7\u00f5es pela primeira inf\u00e2ncia %<\/title>\n<meta name=\"description\" content=\"Presidente do TCE-PB recebe visita de secret\u00e1rio de Sa\u00fade e tratam de a\u00e7\u00f5es pela primeira inf\u00e2ncia %\" \/>\n<meta name=\"robots\" content=\"index, follow, max-snippet:-1, max-image-preview:large, max-video-preview:-1\" \/>\n<link rel=\"canonical\" href=\"https:\/\/tce.pb.gov.br\/portalprimeirainfancia\/presidente-do-tce-pb-recebe-visita-de-secretario-de-saude-e-tratam-de-acoes-pela-primeira-infancia-2\/\" \/>\n<meta property=\"og:locale\" content=\"pt_BR\" \/>\n<meta property=\"og:type\" content=\"article\" \/>\n<meta property=\"og:title\" content=\"Presidente do TCE-PB recebe visita de secret\u00e1rio de Sa\u00fade e tratam de a\u00e7\u00f5es pela primeira inf\u00e2ncia %\" \/>\n<meta property=\"og:description\" content=\"Presidente do TCE-PB recebe visita de secret\u00e1rio de Sa\u00fade e tratam de a\u00e7\u00f5es pela primeira inf\u00e2ncia %\" \/>\n<meta property=\"og:url\" content=\"https:\/\/tce.pb.gov.br\/portalprimeirainfancia\/presidente-do-tce-pb-recebe-visita-de-secretario-de-saude-e-tratam-de-acoes-pela-primeira-infancia-2\/\" \/>\n<meta property=\"og:site_name\" content=\"Pacto Paraibano pela Primeira Inf\u00e2ncia\" \/>\n<meta property=\"article:published_time\" content=\"2025-04-10T17:06:44+00:00\" \/>\n<meta property=\"og:image\" content=\"https:\/\/tce.pb.gov.br\/portalprimeirainfancia\/wp-content\/uploads\/2025\/04\/Reuniao-com-sec.-Saude.jpg\" \/>\n\t<meta property=\"og:image:width\" content=\"2048\" \/>\n\t<meta property=\"og:image:height\" content=\"1365\" \/>\n\t<meta property=\"og:image:type\" content=\"image\/jpeg\" \/>\n<meta name=\"author\" content=\"Rafael Massoni\" \/>\n<meta name=\"twitter:card\" content=\"summary_large_image\" \/>\n<meta name=\"twitter:label1\" content=\"Escrito por\" \/>\n\t<meta name=\"twitter:data1\" content=\"Rafael Massoni\" \/>\n\t<meta name=\"twitter:label2\" content=\"Est. tempo de leitura\" \/>\n\t<meta name=\"twitter:data2\" content=\"1 minuto\" \/>\n<script type=\"application\/ld+json\" class=\"yoast-schema-graph\">{\"@context\":\"https:\\\/\\\/schema.org\",\"@graph\":[{\"@type\":\"NewsArticle\",\"@id\":\"https:\\\/\\\/tce.pb.gov.br\\\/portalprimeirainfancia\\\/presidente-do-tce-pb-recebe-visita-de-secretario-de-saude-e-tratam-de-acoes-pela-primeira-infancia-2\\\/#article\",\"isPartOf\":{\"@id\":\"https:\\\/\\\/tce.pb.gov.br\\\/portalprimeirainfancia\\\/presidente-do-tce-pb-recebe-visita-de-secretario-de-saude-e-tratam-de-acoes-pela-primeira-infancia-2\\\/\"},\"author\":{\"name\":\"Rafael Massoni\",\"@id\":\"https:\\\/\\\/tce.pb.gov.br\\\/portalprimeirainfancia\\\/#\\\/schema\\\/person\\\/6a39eea5836dda604de1c5e5b7d62141\"},\"headline\":\"Presidente do TCE-PB recebe visita de secret\u00e1rio de Sa\u00fade e tratam de a\u00e7\u00f5es pela primeira inf\u00e2ncia\",\"datePublished\":\"2025-04-10T17:06:44+00:00\",\"mainEntityOfPage\":{\"@id\":\"https:\\\/\\\/tce.pb.gov.br\\\/portalprimeirainfancia\\\/presidente-do-tce-pb-recebe-visita-de-secretario-de-saude-e-tratam-de-acoes-pela-primeira-infancia-2\\\/\"},\"wordCount\":245,\"commentCount\":0,\"publisher\":{\"@id\":\"https:\\\/\\\/tce.pb.gov.br\\\/portalprimeirainfancia\\\/#organization\"},\"image\":{\"@id\":\"https:\\\/\\\/tce.pb.gov.br\\\/portalprimeirainfancia\\\/presidente-do-tce-pb-recebe-visita-de-secretario-de-saude-e-tratam-de-acoes-pela-primeira-infancia-2\\\/#primaryimage\"},\"thumbnailUrl\":\"https:\\\/\\\/tce.pb.gov.br\\\/portalprimeirainfancia\\\/wp-content\\\/uploads\\\/2025\\\/04\\\/Reuniao-com-sec.-Saude.jpg\",\"articleSection\":[\"Destaques\",\"Not\u00edcias\"],\"inLanguage\":\"pt-BR\",\"potentialAction\":[{\"@type\":\"CommentAction\",\"name\":\"Comment\",\"target\":[\"https:\\\/\\\/tce.pb.gov.br\\\/portalprimeirainfancia\\\/presidente-do-tce-pb-recebe-visita-de-secretario-de-saude-e-tratam-de-acoes-pela-primeira-infancia-2\\\/#respond\"]}]},{\"@type\":\"WebPage\",\"@id\":\"https:\\\/\\\/tce.pb.gov.br\\\/portalprimeirainfancia\\\/presidente-do-tce-pb-recebe-visita-de-secretario-de-saude-e-tratam-de-acoes-pela-primeira-infancia-2\\\/\",\"url\":\"https:\\\/\\\/tce.pb.gov.br\\\/portalprimeirainfancia\\\/presidente-do-tce-pb-recebe-visita-de-secretario-de-saude-e-tratam-de-acoes-pela-primeira-infancia-2\\\/\",\"name\":\"Presidente do TCE-PB recebe visita de secret\u00e1rio de Sa\u00fade e tratam de a\u00e7\u00f5es pela primeira inf\u00e2ncia %\",\"isPartOf\":{\"@id\":\"https:\\\/\\\/tce.pb.gov.br\\\/portalprimeirainfancia\\\/#website\"},\"primaryImageOfPage\":{\"@id\":\"https:\\\/\\\/tce.pb.gov.br\\\/portalprimeirainfancia\\\/presidente-do-tce-pb-recebe-visita-de-secretario-de-saude-e-tratam-de-acoes-pela-primeira-infancia-2\\\/#primaryimage\"},\"image\":{\"@id\":\"https:\\\/\\\/tce.pb.gov.br\\\/portalprimeirainfancia\\\/presidente-do-tce-pb-recebe-visita-de-secretario-de-saude-e-tratam-de-acoes-pela-primeira-infancia-2\\\/#primaryimage\"},\"thumbnailUrl\":\"https:\\\/\\\/tce.pb.gov.br\\\/portalprimeirainfancia\\\/wp-content\\\/uploads\\\/2025\\\/04\\\/Reuniao-com-sec.-Saude.jpg\",\"datePublished\":\"2025-04-10T17:06:44+00:00\",\"description\":\"Presidente do TCE-PB recebe visita de secret\u00e1rio de Sa\u00fade e tratam de a\u00e7\u00f5es pela primeira inf\u00e2ncia %\",\"breadcrumb\":{\"@id\":\"https:\\\/\\\/tce.pb.gov.br\\\/portalprimeirainfancia\\\/presidente-do-tce-pb-recebe-visita-de-secretario-de-saude-e-tratam-de-acoes-pela-primeira-infancia-2\\\/#breadcrumb\"},\"inLanguage\":\"pt-BR\",\"potentialAction\":[{\"@type\":\"ReadAction\",\"target\":[\"https:\\\/\\\/tce.pb.gov.br\\\/portalprimeirainfancia\\\/presidente-do-tce-pb-recebe-visita-de-secretario-de-saude-e-tratam-de-acoes-pela-primeira-infancia-2\\\/\"]}]},{\"@type\":\"ImageObject\",\"inLanguage\":\"pt-BR\",\"@id\":\"https:\\\/\\\/tce.pb.gov.br\\\/portalprimeirainfancia\\\/presidente-do-tce-pb-recebe-visita-de-secretario-de-saude-e-tratam-de-acoes-pela-primeira-infancia-2\\\/#primaryimage\",\"url\":\"https:\\\/\\\/tce.pb.gov.br\\\/portalprimeirainfancia\\\/wp-content\\\/uploads\\\/2025\\\/04\\\/Reuniao-com-sec.-Saude.jpg\",\"contentUrl\":\"https:\\\/\\\/tce.pb.gov.br\\\/portalprimeirainfancia\\\/wp-content\\\/uploads\\\/2025\\\/04\\\/Reuniao-com-sec.-Saude.jpg\",\"width\":2048,\"height\":1365},{\"@type\":\"BreadcrumbList\",\"@id\":\"https:\\\/\\\/tce.pb.gov.br\\\/portalprimeirainfancia\\\/presidente-do-tce-pb-recebe-visita-de-secretario-de-saude-e-tratam-de-acoes-pela-primeira-infancia-2\\\/#breadcrumb\",\"itemListElement\":[{\"@type\":\"ListItem\",\"position\":1,\"name\":\"In\u00edcio\",\"item\":\"https:\\\/\\\/tce.pb.gov.br\\\/portalprimeirainfancia\\\/\"},{\"@type\":\"ListItem\",\"position\":2,\"name\":\"Presidente do TCE-PB recebe visita de secret\u00e1rio de Sa\u00fade e tratam de a\u00e7\u00f5es pela primeira inf\u00e2ncia\"}]},{\"@type\":\"WebSite\",\"@id\":\"https:\\\/\\\/tce.pb.gov.br\\\/portalprimeirainfancia\\\/#website\",\"url\":\"https:\\\/\\\/tce.pb.gov.br\\\/portalprimeirainfancia\\\/\",\"name\":\"Pacto Paraibano pela Primeira Inf\u00e2ncia\",\"description\":\"Portal para divulga\u00e7\u00e3o do Pacto Paraibano pela Primeira Inf\u00e2ncia\",\"publisher\":{\"@id\":\"https:\\\/\\\/tce.pb.gov.br\\\/portalprimeirainfancia\\\/#organization\"},\"potentialAction\":[{\"@type\":\"SearchAction\",\"target\":{\"@type\":\"EntryPoint\",\"urlTemplate\":\"https:\\\/\\\/tce.pb.gov.br\\\/portalprimeirainfancia\\\/?s={search_term_string}\"},\"query-input\":{\"@type\":\"PropertyValueSpecification\",\"valueRequired\":true,\"valueName\":\"search_term_string\"}}],\"inLanguage\":\"pt-BR\"},{\"@type\":\"Organization\",\"@id\":\"https:\\\/\\\/tce.pb.gov.br\\\/portalprimeirainfancia\\\/#organization\",\"name\":\"Pacto Paraibano pela Primeira Inf\u00e2ncia\",\"alternateName\":\"TCE-PB\",\"url\":\"https:\\\/\\\/tce.pb.gov.br\\\/portalprimeirainfancia\\\/\",\"logo\":{\"@type\":\"ImageObject\",\"inLanguage\":\"pt-BR\",\"@id\":\"https:\\\/\\\/tce.pb.gov.br\\\/portalprimeirainfancia\\\/#\\\/schema\\\/logo\\\/image\\\/\",\"url\":\"https:\\\/\\\/tce.pb.gov.br\\\/portalprimeirainfancia\\\/wp-content\\\/uploads\\\/2025\\\/05\\\/Pacto-Whatsapp.png\",\"contentUrl\":\"https:\\\/\\\/tce.pb.gov.br\\\/portalprimeirainfancia\\\/wp-content\\\/uploads\\\/2025\\\/05\\\/Pacto-Whatsapp.png\",\"width\":427,\"height\":427,\"caption\":\"Pacto Paraibano pela Primeira Inf\u00e2ncia\"},\"image\":{\"@id\":\"https:\\\/\\\/tce.pb.gov.br\\\/portalprimeirainfancia\\\/#\\\/schema\\\/logo\\\/image\\\/\"},\"sameAs\":[\"https:\\\/\\\/www.instagram.com\\\/tcepb\\\/\"]},{\"@type\":\"Person\",\"@id\":\"https:\\\/\\\/tce.pb.gov.br\\\/portalprimeirainfancia\\\/#\\\/schema\\\/person\\\/6a39eea5836dda604de1c5e5b7d62141\",\"name\":\"Rafael Massoni\"}]}<\/script>\n<!-- \/ Yoast SEO plugin. -->","yoast_head_json":{"title":"Presidente do TCE-PB recebe visita de secret\u00e1rio de Sa\u00fade e tratam de a\u00e7\u00f5es pela primeira inf\u00e2ncia %","description":"Presidente do TCE-PB recebe visita de secret\u00e1rio de Sa\u00fade e tratam de a\u00e7\u00f5es pela primeira inf\u00e2ncia %","robots":{"index":"index","follow":"follow","max-snippet":"max-snippet:-1","max-image-preview":"max-image-preview:large","max-video-preview":"max-video-preview:-1"},"canonical":"https:\/\/tce.pb.gov.br\/portalprimeirainfancia\/presidente-do-tce-pb-recebe-visita-de-secretario-de-saude-e-tratam-de-acoes-pela-primeira-infancia-2\/","og_locale":"pt_BR","og_type":"article","og_title":"Presidente do TCE-PB recebe visita de secret\u00e1rio de Sa\u00fade e tratam de a\u00e7\u00f5es pela primeira inf\u00e2ncia %","og_description":"Presidente do TCE-PB recebe visita de secret\u00e1rio de Sa\u00fade e tratam de a\u00e7\u00f5es pela primeira inf\u00e2ncia %","og_url":"https:\/\/tce.pb.gov.br\/portalprimeirainfancia\/presidente-do-tce-pb-recebe-visita-de-secretario-de-saude-e-tratam-de-acoes-pela-primeira-infancia-2\/","og_site_name":"Pacto Paraibano pela Primeira Inf\u00e2ncia","article_published_time":"2025-04-10T17:06:44+00:00","og_image":[{"width":2048,"height":1365,"url":"https:\/\/tce.pb.gov.br\/portalprimeirainfancia\/wp-content\/uploads\/2025\/04\/Reuniao-com-sec.-Saude.jpg","type":"image\/jpeg"}],"author":"Rafael Massoni","twitter_card":"summary_large_image","twitter_misc":{"Escrito por":"Rafael Massoni","Est. tempo de leitura":"1 minuto"},"schema":{"@context":"https:\/\/schema.org","@graph":[{"@type":"NewsArticle","@id":"https:\/\/tce.pb.gov.br\/portalprimeirainfancia\/presidente-do-tce-pb-recebe-visita-de-secretario-de-saude-e-tratam-de-acoes-pela-primeira-infancia-2\/#article","isPartOf":{"@id":"https:\/\/tce.pb.gov.br\/portalprimeirainfancia\/presidente-do-tce-pb-recebe-visita-de-secretario-de-saude-e-tratam-de-acoes-pela-primeira-infancia-2\/"},"author":{"name":"Rafael Massoni","@id":"https:\/\/tce.pb.gov.br\/portalprimeirainfancia\/#\/schema\/person\/6a39eea5836dda604de1c5e5b7d62141"},"headline":"Presidente do TCE-PB recebe visita de secret\u00e1rio de Sa\u00fade e tratam de a\u00e7\u00f5es pela primeira inf\u00e2ncia","datePublished":"2025-04-10T17:06:44+00:00","mainEntityOfPage":{"@id":"https:\/\/tce.pb.gov.br\/portalprimeirainfancia\/presidente-do-tce-pb-recebe-visita-de-secretario-de-saude-e-tratam-de-acoes-pela-primeira-infancia-2\/"},"wordCount":245,"commentCount":0,"publisher":{"@id":"https:\/\/tce.pb.gov.br\/portalprimeirainfancia\/#organization"},"image":{"@id":"https:\/\/tce.pb.gov.br\/portalprimeirainfancia\/presidente-do-tce-pb-recebe-visita-de-secretario-de-saude-e-tratam-de-acoes-pela-primeira-infancia-2\/#primaryimage"},"thumbnailUrl":"https:\/\/tce.pb.gov.br\/portalprimeirainfancia\/wp-content\/uploads\/2025\/04\/Reuniao-com-sec.-Saude.jpg","articleSection":["Destaques","Not\u00edcias"],"inLanguage":"pt-BR","potentialAction":[{"@type":"CommentAction","name":"Comment","target":["https:\/\/tce.pb.gov.br\/portalprimeirainfancia\/presidente-do-tce-pb-recebe-visita-de-secretario-de-saude-e-tratam-de-acoes-pela-primeira-infancia-2\/#respond"]}]},{"@type":"WebPage","@id":"https:\/\/tce.pb.gov.br\/portalprimeirainfancia\/presidente-do-tce-pb-recebe-visita-de-secretario-de-saude-e-tratam-de-acoes-pela-primeira-infancia-2\/","url":"https:\/\/tce.pb.gov.br\/portalprimeirainfancia\/presidente-do-tce-pb-recebe-visita-de-secretario-de-saude-e-tratam-de-acoes-pela-primeira-infancia-2\/","name":"Presidente do TCE-PB recebe visita de secret\u00e1rio de Sa\u00fade e tratam de a\u00e7\u00f5es pela primeira inf\u00e2ncia %","isPartOf":{"@id":"https:\/\/tce.pb.gov.br\/portalprimeirainfancia\/#website"},"primaryImageOfPage":{"@id":"https:\/\/tce.pb.gov.br\/portalprimeirainfancia\/presidente-do-tce-pb-recebe-visita-de-secretario-de-saude-e-tratam-de-acoes-pela-primeira-infancia-2\/#primaryimage"},"image":{"@id":"https:\/\/tce.pb.gov.br\/portalprimeirainfancia\/presidente-do-tce-pb-recebe-visita-de-secretario-de-saude-e-tratam-de-acoes-pela-primeira-infancia-2\/#primaryimage"},"thumbnailUrl":"https:\/\/tce.pb.gov.br\/portalprimeirainfancia\/wp-content\/uploads\/2025\/04\/Reuniao-com-sec.-Saude.jpg","datePublished":"2025-04-10T17:06:44+00:00","description":"Presidente do TCE-PB recebe visita de secret\u00e1rio de Sa\u00fade e tratam de a\u00e7\u00f5es pela primeira inf\u00e2ncia %","breadcrumb":{"@id":"https:\/\/tce.pb.gov.br\/portalprimeirainfancia\/presidente-do-tce-pb-recebe-visita-de-secretario-de-saude-e-tratam-de-acoes-pela-primeira-infancia-2\/#breadcrumb"},"inLanguage":"pt-BR","potentialAction":[{"@type":"ReadAction","target":["https:\/\/tce.pb.gov.br\/portalprimeirainfancia\/presidente-do-tce-pb-recebe-visita-de-secretario-de-saude-e-tratam-de-acoes-pela-primeira-infancia-2\/"]}]},{"@type":"ImageObject","inLanguage":"pt-BR","@id":"https:\/\/tce.pb.gov.br\/portalprimeirainfancia\/presidente-do-tce-pb-recebe-visita-de-secretario-de-saude-e-tratam-de-acoes-pela-primeira-infancia-2\/#primaryimage","url":"https:\/\/tce.pb.gov.br\/portalprimeirainfancia\/wp-content\/uploads\/2025\/04\/Reuniao-com-sec.-Saude.jpg","contentUrl":"https:\/\/tce.pb.gov.br\/portalprimeirainfancia\/wp-content\/uploads\/2025\/04\/Reuniao-com-sec.-Saude.jpg","width":2048,"height":1365},{"@type":"BreadcrumbList","@id":"https:\/\/tce.pb.gov.br\/portalprimeirainfancia\/presidente-do-tce-pb-recebe-visita-de-secretario-de-saude-e-tratam-de-acoes-pela-primeira-infancia-2\/#breadcrumb","itemListElement":[{"@type":"ListItem","position":1,"name":"In\u00edcio","item":"https:\/\/tce.pb.gov.br\/portalprimeirainfancia\/"},{"@type":"ListItem","position":2,"name":"Presidente do TCE-PB recebe visita de secret\u00e1rio de Sa\u00fade e tratam de a\u00e7\u00f5es pela primeira inf\u00e2ncia"}]},{"@type":"WebSite","@id":"https:\/\/tce.pb.gov.br\/portalprimeirainfancia\/#website","url":"https:\/\/tce.pb.gov.br\/portalprimeirainfancia\/","name":"Pacto Paraibano pela Primeira Inf\u00e2ncia","description":"Portal para divulga\u00e7\u00e3o do Pacto Paraibano pela Primeira Inf\u00e2ncia","publisher":{"@id":"https:\/\/tce.pb.gov.br\/portalprimeirainfancia\/#organization"},"potentialAction":[{"@type":"SearchAction","target":{"@type":"EntryPoint","urlTemplate":"https:\/\/tce.pb.gov.br\/portalprimeirainfancia\/?s={search_term_string}"},"query-input":{"@type":"PropertyValueSpecification","valueRequired":true,"valueName":"search_term_string"}}],"inLanguage":"pt-BR"},{"@type":"Organization","@id":"https:\/\/tce.pb.gov.br\/portalprimeirainfancia\/#organization","name":"Pacto Paraibano pela Primeira Inf\u00e2ncia","alternateName":"TCE-PB","url":"https:\/\/tce.pb.gov.br\/portalprimeirainfancia\/","logo":{"@type":"ImageObject","inLanguage":"pt-BR","@id":"https:\/\/tce.pb.gov.br\/portalprimeirainfancia\/#\/schema\/logo\/image\/","url":"https:\/\/tce.pb.gov.br\/portalprimeirainfancia\/wp-content\/uploads\/2025\/05\/Pacto-Whatsapp.png","contentUrl":"https:\/\/tce.pb.gov.br\/portalprimeirainfancia\/wp-content\/uploads\/2025\/05\/Pacto-Whatsapp.png","width":427,"height":427,"caption":"Pacto Paraibano pela Primeira Inf\u00e2ncia"},"image":{"@id":"https:\/\/tce.pb.gov.br\/portalprimeirainfancia\/#\/schema\/logo\/image\/"},"sameAs":["https:\/\/www.instagram.com\/tcepb\/"]},{"@type":"Person","@id":"https:\/\/tce.pb.gov.br\/portalprimeirainfancia\/#\/schema\/person\/6a39eea5836dda604de1c5e5b7d62141","name":"Rafael Massoni"}]}},"jetpack_featured_media_url":"https:\/\/tce.pb.gov.br\/portalprimeirainfancia\/wp-content\/uploads\/2025\/04\/Reuniao-com-sec.-Saude.jpg","jetpack_sharing_enabled":true,"_links":{"self":[{"href":"https:\/\/tce.pb.gov.br\/portalprimeirainfancia\/wp-json\/wp\/v2\/posts\/28796","targetHints":{"allow":["GET"]}}],"collection":[{"href":"https:\/\/tce.pb.gov.br\/portalprimeirainfancia\/wp-json\/wp\/v2\/posts"}],"about":[{"href":"https:\/\/tce.pb.gov.br\/portalprimeirainfancia\/wp-json\/wp\/v2\/types\/post"}],"author":[{"embeddable":true,"href":"https:\/\/tce.pb.gov.br\/portalprimeirainfancia\/wp-json\/wp\/v2\/users\/6"}],"replies":[{"embeddable":true,"href":"https:\/\/tce.pb.gov.br\/portalprimeirainfancia\/wp-json\/wp\/v2\/comments?post=28796"}],"version-history":[{"count":0,"href":"https:\/\/tce.pb.gov.br\/portalprimeirainfancia\/wp-json\/wp\/v2\/posts\/28796\/revisions"}],"wp:featuredmedia":[{"embeddable":true,"href":"https:\/\/tce.pb.gov.br\/portalprimeirainfancia\/wp-json\/wp\/v2\/media\/28797"}],"wp:attachment":[{"href":"https:\/\/tce.pb.gov.br\/portalprimeirainfancia\/wp-json\/wp\/v2\/media?parent=28796"}],"wp:term":[{"taxonomy":"category","embeddable":true,"href":"https:\/\/tce.pb.gov.br\/portalprimeirainfancia\/wp-json\/wp\/v2\/categories?post=28796"},{"taxonomy":"post_tag","embeddable":true,"href":"https:\/\/tce.pb.gov.br\/portalprimeirainfancia\/wp-json\/wp\/v2\/tags?post=28796"}],"curies":[{"name":"wp","href":"https:\/\/api.w.org\/{rel}","templated":true}]}}