{"id":28786,"date":"2025-04-09T07:15:00","date_gmt":"2025-04-09T10:15:00","guid":{"rendered":"https:\/\/tce.pb.gov.br\/?p=28786"},"modified":"2025-04-09T07:15:00","modified_gmt":"2025-04-09T10:15:00","slug":"tce-pb-abre-segundo-lote-de-inscricoes-para-o-lancamento-do-pacto-paraibano-pela-primeira-infancia","status":"publish","type":"post","link":"https:\/\/tce.pb.gov.br\/portalprimeirainfancia\/tce-pb-abre-segundo-lote-de-inscricoes-para-o-lancamento-do-pacto-paraibano-pela-primeira-infancia\/","title":{"rendered":"TCE-PB abre segundo lote de inscri\u00e7\u00f5es para o lan\u00e7amento do Pacto Paraibano pela Primeira Inf\u00e2ncia"},"content":{"rendered":"\n<figure class=\"wp-block-image size-large\"><img fetchpriority=\"high\" decoding=\"async\" width=\"1024\" height=\"683\" src=\"https:\/\/tce.pb.gov.br\/wp-content\/uploads\/2025\/04\/primeira-infancia-MAT-2-1024x683.jpg\" alt=\"\" class=\"wp-image-28787\" srcset=\"https:\/\/tce.pb.gov.br\/portalprimeirainfancia\/wp-content\/uploads\/2025\/04\/primeira-infancia-MAT-2-1024x683.jpg 1024w, https:\/\/tce.pb.gov.br\/portalprimeirainfancia\/wp-content\/uploads\/2025\/04\/primeira-infancia-MAT-2-300x200.jpg 300w, https:\/\/tce.pb.gov.br\/portalprimeirainfancia\/wp-content\/uploads\/2025\/04\/primeira-infancia-MAT-2-768x512.jpg 768w, https:\/\/tce.pb.gov.br\/portalprimeirainfancia\/wp-content\/uploads\/2025\/04\/primeira-infancia-MAT-2-1536x1024.jpg 1536w, https:\/\/tce.pb.gov.br\/portalprimeirainfancia\/wp-content\/uploads\/2025\/04\/primeira-infancia-MAT-2.jpg 1920w\" sizes=\"(max-width: 1024px) 100vw, 1024px\" \/><\/figure>\n\n\n\n<p>Nesta quinta-feira (10), o Tribunal de Contas da Para\u00edba (TCE-PB) deu in\u00edcio ao segundo lote de inscri\u00e7\u00f5es para o lan\u00e7amento do Pacto Paraibano pela Primeira Inf\u00e2ncia. A iniciativa, que ser\u00e1 realizada no dia 28 de abril no Teatro Pedra do Reino, no Centro de Conven\u00e7\u00f5es de Jo\u00e3o Pessoa, visa promover o desenvolvimento integral de crian\u00e7as de 0 a 6 anos no estado.<\/p>\n\n\n\n<p>O evento tem como objetivo fortalecer as pol\u00edticas p\u00fablicas voltadas para o desenvolvimento infantil, reunindo autoridades, especialistas e gestores p\u00fablicos para discutir e implementar a\u00e7\u00f5es para essa faixa et\u00e1ria.<\/p>\n\n\n\n<p class=\"has-text-align-left\">Para garantir sua participa\u00e7\u00e3o no evento, os interessados devem acessar o link de inscri\u00e7\u00e3o <a href=\"https:\/\/doity.com.br\/lancamento-do-pacto-paraibano-pela-primeira-infancia-lote2\">aqui<\/a>, preencher o cadastro e solicitar a inscri\u00e7\u00e3o.<\/p>\n\n\n\n<p><strong>Programa\u00e7\u00e3o do Evento<\/strong><\/p>\n\n\n\n<p>O lan\u00e7amento do Pacto Paraibano pela Primeira Inf\u00e2ncia ocorrer\u00e1 com a abertura do conselheiro F\u00e1bio Nogueira. \u00c0s 10h30, ser\u00e1 realizada a primeira Mesa-Redonda com o tema <em><strong>\u201cPol\u00edticas P\u00fablicas de Melhorias pela Primeira Inf\u00e2ncia sob \u00d3tica da Uni\u00e3o\u201d<\/strong><\/em><strong>,<\/strong> contando com a participa\u00e7\u00e3o do ministro Wellington Dias.<\/p>\n\n\n\n<p>Ap\u00f3s um intervalo para o almo\u00e7o, os trabalhos ser\u00e3o retomados \u00e0s 14h com a palestra <em><strong>\u201cPanorama da Para\u00edba no Contexto pela Primeira Inf\u00e2ncia\u201d<\/strong><\/em>, que ser\u00e1 apresentada pelo coordenador do Comit\u00ea Estadual da Primeira Inf\u00e2ncia, Roberto Dutra.<\/p>\n\n\n\n<p>A segunda Mesa-Redonda do evento, marcada para \u00e0s 14h30, abordar\u00e1 o tema <em><strong>\u201cPrimeira Inf\u00e2ncia: Uma Janela de Oportunidades\u201d<\/strong><\/em><strong>.<\/strong> Participar\u00e3o da mesa o presidente do Instituto Rui Barbosa, conselheiro Edilberto Pontes; o auditor de controle externo do TCE-RS, Leo Arno Richter; e a secret\u00e1ria executiva da Rede de Primeira Inf\u00e2ncia e presidente do Comit\u00ea Gestor do F\u00f3rum de Educa\u00e7\u00e3o Infantil da Para\u00edba, professora Adelaide Alves Dias.<\/p>\n\n\n\n<p>O encerramento do evento ser\u00e1 \u00e0s 15h30, com a apresenta\u00e7\u00e3o da Matriz de Planejamento da Auditoria Operacional na Pol\u00edtica pela Primeira Inf\u00e2ncia do TCE-PB.<\/p>\n\n\n\n<p>Para conferir todos os detalhes da programa\u00e7\u00e3o, <strong>acesse <a href=\"https:\/\/tiny.cc\/Programacao\">aqui<\/a>.<\/strong><\/p>\n\n\n\n<p>N\u00e3o perca a oportunidade de fazer parte desse evento que promete ser um marco na implementa\u00e7\u00e3o de pol\u00edticas p\u00fablicas para o desenvolvimento da primeira inf\u00e2ncia na Para\u00edba!<\/p>\n","protected":false},"excerpt":{"rendered":"<p>Nesta quinta-feira (10), o Tribunal de Contas da Para\u00edba (TCE-PB) deu in\u00edcio ao segundo lote de inscri\u00e7\u00f5es para o lan\u00e7amento [&hellip;]<\/p>\n","protected":false},"author":6,"featured_media":28787,"comment_status":"open","ping_status":"open","sticky":false,"template":"","format":"standard","meta":{"site-sidebar-layout":"default","site-content-layout":"","ast-site-content-layout":"","site-content-style":"default","site-sidebar-style":"default","ast-global-header-display":"","ast-banner-title-visibility":"","ast-main-header-display":"","ast-hfb-above-header-display":"","ast-hfb-below-header-display":"","ast-hfb-mobile-header-display":"","site-post-title":"","ast-breadcrumbs-content":"","ast-featured-img":"","footer-sml-layout":"","theme-transparent-header-meta":"","adv-header-id-meta":"","stick-header-meta":"","header-above-stick-meta":"","header-main-stick-meta":"","header-below-stick-meta":"","astra-migrate-meta-layouts":"default","ast-page-background-enabled":"default","ast-page-background-meta":{"desktop":{"background-color":"var(--ast-global-color-5)","background-image":"","background-repeat":"repeat","background-position":"center center","background-size":"auto","background-attachment":"scroll","background-type":"","background-media":"","overlay-type":"","overlay-color":"","overlay-opacity":"","overlay-gradient":""},"tablet":{"background-color":"","background-image":"","background-repeat":"repeat","background-position":"center center","background-size":"auto","background-attachment":"scroll","background-type":"","background-media":"","overlay-type":"","overlay-color":"","overlay-opacity":"","overlay-gradient":""},"mobile":{"background-color":"","background-image":"","background-repeat":"repeat","background-position":"center center","background-size":"auto","background-attachment":"scroll","background-type":"","background-media":"","overlay-type":"","overlay-color":"","overlay-opacity":"","overlay-gradient":""}},"ast-content-background-meta":{"desktop":{"background-color":"var(--ast-global-color-4)","background-image":"","background-repeat":"repeat","background-position":"center center","background-size":"auto","background-attachment":"scroll","background-type":"","background-media":"","overlay-type":"","overlay-color":"","overlay-opacity":"","overlay-gradient":""},"tablet":{"background-color":"var(--ast-global-color-4)","background-image":"","background-repeat":"repeat","background-position":"center center","background-size":"auto","background-attachment":"scroll","background-type":"","background-media":"","overlay-type":"","overlay-color":"","overlay-opacity":"","overlay-gradient":""},"mobile":{"background-color":"var(--ast-global-color-4)","background-image":"","background-repeat":"repeat","background-position":"center center","background-size":"auto","background-attachment":"scroll","background-type":"","background-media":"","overlay-type":"","overlay-color":"","overlay-opacity":"","overlay-gradient":""}},"_jetpack_memberships_contains_paid_content":false,"footnotes":""},"categories":[24,7],"tags":[],"class_list":["post-28786","post","type-post","status-publish","format-standard","has-post-thumbnail","hentry","category-destaques","category-noticias"],"yoast_head":"<!-- This site is optimized with the Yoast SEO plugin v27.5 - https:\/\/yoast.com\/product\/yoast-seo-wordpress\/ -->\n<title>TCE-PB abre segundo lote de inscri\u00e7\u00f5es para o lan\u00e7amento do Pacto Paraibano pela Primeira Inf\u00e2ncia %<\/title>\n<meta name=\"description\" content=\"TCE-PB abre segundo lote de inscri\u00e7\u00f5es para o lan\u00e7amento do Pacto Paraibano pela Primeira Inf\u00e2ncia %\" \/>\n<meta name=\"robots\" content=\"index, follow, max-snippet:-1, max-image-preview:large, max-video-preview:-1\" \/>\n<link rel=\"canonical\" href=\"https:\/\/tce.pb.gov.br\/portalprimeirainfancia\/tce-pb-abre-segundo-lote-de-inscricoes-para-o-lancamento-do-pacto-paraibano-pela-primeira-infancia\/\" \/>\n<meta property=\"og:locale\" content=\"pt_BR\" \/>\n<meta property=\"og:type\" content=\"article\" \/>\n<meta property=\"og:title\" content=\"TCE-PB abre segundo lote de inscri\u00e7\u00f5es para o lan\u00e7amento do Pacto Paraibano pela Primeira Inf\u00e2ncia %\" \/>\n<meta property=\"og:description\" content=\"TCE-PB abre segundo lote de inscri\u00e7\u00f5es para o lan\u00e7amento do Pacto Paraibano pela Primeira Inf\u00e2ncia %\" \/>\n<meta property=\"og:url\" content=\"https:\/\/tce.pb.gov.br\/portalprimeirainfancia\/tce-pb-abre-segundo-lote-de-inscricoes-para-o-lancamento-do-pacto-paraibano-pela-primeira-infancia\/\" \/>\n<meta property=\"og:site_name\" content=\"Pacto Paraibano pela Primeira Inf\u00e2ncia\" \/>\n<meta property=\"article:published_time\" content=\"2025-04-09T10:15:00+00:00\" \/>\n<meta property=\"og:image\" content=\"https:\/\/tce.pb.gov.br\/portalprimeirainfancia\/wp-content\/uploads\/2025\/04\/primeira-infancia-MAT-2.jpg\" \/>\n\t<meta property=\"og:image:width\" content=\"1920\" \/>\n\t<meta property=\"og:image:height\" content=\"1280\" \/>\n\t<meta property=\"og:image:type\" content=\"image\/jpeg\" \/>\n<meta name=\"author\" content=\"Rafael Massoni\" \/>\n<meta name=\"twitter:card\" content=\"summary_large_image\" \/>\n<meta name=\"twitter:label1\" content=\"Escrito por\" \/>\n\t<meta name=\"twitter:data1\" content=\"Rafael Massoni\" \/>\n\t<meta name=\"twitter:label2\" content=\"Est. tempo de leitura\" \/>\n\t<meta name=\"twitter:data2\" content=\"2 minutos\" \/>\n<script type=\"application\/ld+json\" class=\"yoast-schema-graph\">{\"@context\":\"https:\\\/\\\/schema.org\",\"@graph\":[{\"@type\":\"NewsArticle\",\"@id\":\"https:\\\/\\\/tce.pb.gov.br\\\/portalprimeirainfancia\\\/tce-pb-abre-segundo-lote-de-inscricoes-para-o-lancamento-do-pacto-paraibano-pela-primeira-infancia\\\/#article\",\"isPartOf\":{\"@id\":\"https:\\\/\\\/tce.pb.gov.br\\\/portalprimeirainfancia\\\/tce-pb-abre-segundo-lote-de-inscricoes-para-o-lancamento-do-pacto-paraibano-pela-primeira-infancia\\\/\"},\"author\":{\"name\":\"Rafael Massoni\",\"@id\":\"https:\\\/\\\/tce.pb.gov.br\\\/portalprimeirainfancia\\\/#\\\/schema\\\/person\\\/6a39eea5836dda604de1c5e5b7d62141\"},\"headline\":\"TCE-PB abre segundo lote de inscri\u00e7\u00f5es para o lan\u00e7amento do Pacto Paraibano pela Primeira Inf\u00e2ncia\",\"datePublished\":\"2025-04-09T10:15:00+00:00\",\"mainEntityOfPage\":{\"@id\":\"https:\\\/\\\/tce.pb.gov.br\\\/portalprimeirainfancia\\\/tce-pb-abre-segundo-lote-de-inscricoes-para-o-lancamento-do-pacto-paraibano-pela-primeira-infancia\\\/\"},\"wordCount\":384,\"commentCount\":0,\"publisher\":{\"@id\":\"https:\\\/\\\/tce.pb.gov.br\\\/portalprimeirainfancia\\\/#organization\"},\"image\":{\"@id\":\"https:\\\/\\\/tce.pb.gov.br\\\/portalprimeirainfancia\\\/tce-pb-abre-segundo-lote-de-inscricoes-para-o-lancamento-do-pacto-paraibano-pela-primeira-infancia\\\/#primaryimage\"},\"thumbnailUrl\":\"https:\\\/\\\/tce.pb.gov.br\\\/portalprimeirainfancia\\\/wp-content\\\/uploads\\\/2025\\\/04\\\/primeira-infancia-MAT-2.jpg\",\"articleSection\":[\"Destaques\",\"Not\u00edcias\"],\"inLanguage\":\"pt-BR\",\"potentialAction\":[{\"@type\":\"CommentAction\",\"name\":\"Comment\",\"target\":[\"https:\\\/\\\/tce.pb.gov.br\\\/portalprimeirainfancia\\\/tce-pb-abre-segundo-lote-de-inscricoes-para-o-lancamento-do-pacto-paraibano-pela-primeira-infancia\\\/#respond\"]}]},{\"@type\":\"WebPage\",\"@id\":\"https:\\\/\\\/tce.pb.gov.br\\\/portalprimeirainfancia\\\/tce-pb-abre-segundo-lote-de-inscricoes-para-o-lancamento-do-pacto-paraibano-pela-primeira-infancia\\\/\",\"url\":\"https:\\\/\\\/tce.pb.gov.br\\\/portalprimeirainfancia\\\/tce-pb-abre-segundo-lote-de-inscricoes-para-o-lancamento-do-pacto-paraibano-pela-primeira-infancia\\\/\",\"name\":\"TCE-PB abre segundo lote de inscri\u00e7\u00f5es para o lan\u00e7amento do Pacto Paraibano pela Primeira Inf\u00e2ncia %\",\"isPartOf\":{\"@id\":\"https:\\\/\\\/tce.pb.gov.br\\\/portalprimeirainfancia\\\/#website\"},\"primaryImageOfPage\":{\"@id\":\"https:\\\/\\\/tce.pb.gov.br\\\/portalprimeirainfancia\\\/tce-pb-abre-segundo-lote-de-inscricoes-para-o-lancamento-do-pacto-paraibano-pela-primeira-infancia\\\/#primaryimage\"},\"image\":{\"@id\":\"https:\\\/\\\/tce.pb.gov.br\\\/portalprimeirainfancia\\\/tce-pb-abre-segundo-lote-de-inscricoes-para-o-lancamento-do-pacto-paraibano-pela-primeira-infancia\\\/#primaryimage\"},\"thumbnailUrl\":\"https:\\\/\\\/tce.pb.gov.br\\\/portalprimeirainfancia\\\/wp-content\\\/uploads\\\/2025\\\/04\\\/primeira-infancia-MAT-2.jpg\",\"datePublished\":\"2025-04-09T10:15:00+00:00\",\"description\":\"TCE-PB abre segundo lote de inscri\u00e7\u00f5es para o lan\u00e7amento do Pacto Paraibano pela Primeira Inf\u00e2ncia %\",\"breadcrumb\":{\"@id\":\"https:\\\/\\\/tce.pb.gov.br\\\/portalprimeirainfancia\\\/tce-pb-abre-segundo-lote-de-inscricoes-para-o-lancamento-do-pacto-paraibano-pela-primeira-infancia\\\/#breadcrumb\"},\"inLanguage\":\"pt-BR\",\"potentialAction\":[{\"@type\":\"ReadAction\",\"target\":[\"https:\\\/\\\/tce.pb.gov.br\\\/portalprimeirainfancia\\\/tce-pb-abre-segundo-lote-de-inscricoes-para-o-lancamento-do-pacto-paraibano-pela-primeira-infancia\\\/\"]}]},{\"@type\":\"ImageObject\",\"inLanguage\":\"pt-BR\",\"@id\":\"https:\\\/\\\/tce.pb.gov.br\\\/portalprimeirainfancia\\\/tce-pb-abre-segundo-lote-de-inscricoes-para-o-lancamento-do-pacto-paraibano-pela-primeira-infancia\\\/#primaryimage\",\"url\":\"https:\\\/\\\/tce.pb.gov.br\\\/portalprimeirainfancia\\\/wp-content\\\/uploads\\\/2025\\\/04\\\/primeira-infancia-MAT-2.jpg\",\"contentUrl\":\"https:\\\/\\\/tce.pb.gov.br\\\/portalprimeirainfancia\\\/wp-content\\\/uploads\\\/2025\\\/04\\\/primeira-infancia-MAT-2.jpg\",\"width\":1920,\"height\":1280},{\"@type\":\"BreadcrumbList\",\"@id\":\"https:\\\/\\\/tce.pb.gov.br\\\/portalprimeirainfancia\\\/tce-pb-abre-segundo-lote-de-inscricoes-para-o-lancamento-do-pacto-paraibano-pela-primeira-infancia\\\/#breadcrumb\",\"itemListElement\":[{\"@type\":\"ListItem\",\"position\":1,\"name\":\"In\u00edcio\",\"item\":\"https:\\\/\\\/tce.pb.gov.br\\\/portalprimeirainfancia\\\/\"},{\"@type\":\"ListItem\",\"position\":2,\"name\":\"TCE-PB abre segundo lote de inscri\u00e7\u00f5es para o lan\u00e7amento do Pacto Paraibano pela Primeira Inf\u00e2ncia\"}]},{\"@type\":\"WebSite\",\"@id\":\"https:\\\/\\\/tce.pb.gov.br\\\/portalprimeirainfancia\\\/#website\",\"url\":\"https:\\\/\\\/tce.pb.gov.br\\\/portalprimeirainfancia\\\/\",\"name\":\"Pacto Paraibano pela Primeira Inf\u00e2ncia\",\"description\":\"Portal para divulga\u00e7\u00e3o do Pacto Paraibano pela Primeira Inf\u00e2ncia\",\"publisher\":{\"@id\":\"https:\\\/\\\/tce.pb.gov.br\\\/portalprimeirainfancia\\\/#organization\"},\"potentialAction\":[{\"@type\":\"SearchAction\",\"target\":{\"@type\":\"EntryPoint\",\"urlTemplate\":\"https:\\\/\\\/tce.pb.gov.br\\\/portalprimeirainfancia\\\/?s={search_term_string}\"},\"query-input\":{\"@type\":\"PropertyValueSpecification\",\"valueRequired\":true,\"valueName\":\"search_term_string\"}}],\"inLanguage\":\"pt-BR\"},{\"@type\":\"Organization\",\"@id\":\"https:\\\/\\\/tce.pb.gov.br\\\/portalprimeirainfancia\\\/#organization\",\"name\":\"Pacto Paraibano pela Primeira Inf\u00e2ncia\",\"alternateName\":\"TCE-PB\",\"url\":\"https:\\\/\\\/tce.pb.gov.br\\\/portalprimeirainfancia\\\/\",\"logo\":{\"@type\":\"ImageObject\",\"inLanguage\":\"pt-BR\",\"@id\":\"https:\\\/\\\/tce.pb.gov.br\\\/portalprimeirainfancia\\\/#\\\/schema\\\/logo\\\/image\\\/\",\"url\":\"https:\\\/\\\/tce.pb.gov.br\\\/portalprimeirainfancia\\\/wp-content\\\/uploads\\\/2025\\\/05\\\/Pacto-Whatsapp.png\",\"contentUrl\":\"https:\\\/\\\/tce.pb.gov.br\\\/portalprimeirainfancia\\\/wp-content\\\/uploads\\\/2025\\\/05\\\/Pacto-Whatsapp.png\",\"width\":427,\"height\":427,\"caption\":\"Pacto Paraibano pela Primeira Inf\u00e2ncia\"},\"image\":{\"@id\":\"https:\\\/\\\/tce.pb.gov.br\\\/portalprimeirainfancia\\\/#\\\/schema\\\/logo\\\/image\\\/\"},\"sameAs\":[\"https:\\\/\\\/www.instagram.com\\\/tcepb\\\/\"]},{\"@type\":\"Person\",\"@id\":\"https:\\\/\\\/tce.pb.gov.br\\\/portalprimeirainfancia\\\/#\\\/schema\\\/person\\\/6a39eea5836dda604de1c5e5b7d62141\",\"name\":\"Rafael Massoni\"}]}<\/script>\n<!-- \/ Yoast SEO plugin. -->","yoast_head_json":{"title":"TCE-PB abre segundo lote de inscri\u00e7\u00f5es para o lan\u00e7amento do Pacto Paraibano pela Primeira Inf\u00e2ncia %","description":"TCE-PB abre segundo lote de inscri\u00e7\u00f5es para o lan\u00e7amento do Pacto Paraibano pela Primeira Inf\u00e2ncia %","robots":{"index":"index","follow":"follow","max-snippet":"max-snippet:-1","max-image-preview":"max-image-preview:large","max-video-preview":"max-video-preview:-1"},"canonical":"https:\/\/tce.pb.gov.br\/portalprimeirainfancia\/tce-pb-abre-segundo-lote-de-inscricoes-para-o-lancamento-do-pacto-paraibano-pela-primeira-infancia\/","og_locale":"pt_BR","og_type":"article","og_title":"TCE-PB abre segundo lote de inscri\u00e7\u00f5es para o lan\u00e7amento do Pacto Paraibano pela Primeira Inf\u00e2ncia %","og_description":"TCE-PB abre segundo lote de inscri\u00e7\u00f5es para o lan\u00e7amento do Pacto Paraibano pela Primeira Inf\u00e2ncia %","og_url":"https:\/\/tce.pb.gov.br\/portalprimeirainfancia\/tce-pb-abre-segundo-lote-de-inscricoes-para-o-lancamento-do-pacto-paraibano-pela-primeira-infancia\/","og_site_name":"Pacto Paraibano pela Primeira Inf\u00e2ncia","article_published_time":"2025-04-09T10:15:00+00:00","og_image":[{"width":1920,"height":1280,"url":"https:\/\/tce.pb.gov.br\/portalprimeirainfancia\/wp-content\/uploads\/2025\/04\/primeira-infancia-MAT-2.jpg","type":"image\/jpeg"}],"author":"Rafael Massoni","twitter_card":"summary_large_image","twitter_misc":{"Escrito por":"Rafael Massoni","Est. tempo de leitura":"2 minutos"},"schema":{"@context":"https:\/\/schema.org","@graph":[{"@type":"NewsArticle","@id":"https:\/\/tce.pb.gov.br\/portalprimeirainfancia\/tce-pb-abre-segundo-lote-de-inscricoes-para-o-lancamento-do-pacto-paraibano-pela-primeira-infancia\/#article","isPartOf":{"@id":"https:\/\/tce.pb.gov.br\/portalprimeirainfancia\/tce-pb-abre-segundo-lote-de-inscricoes-para-o-lancamento-do-pacto-paraibano-pela-primeira-infancia\/"},"author":{"name":"Rafael Massoni","@id":"https:\/\/tce.pb.gov.br\/portalprimeirainfancia\/#\/schema\/person\/6a39eea5836dda604de1c5e5b7d62141"},"headline":"TCE-PB abre segundo lote de inscri\u00e7\u00f5es para o lan\u00e7amento do Pacto Paraibano pela Primeira Inf\u00e2ncia","datePublished":"2025-04-09T10:15:00+00:00","mainEntityOfPage":{"@id":"https:\/\/tce.pb.gov.br\/portalprimeirainfancia\/tce-pb-abre-segundo-lote-de-inscricoes-para-o-lancamento-do-pacto-paraibano-pela-primeira-infancia\/"},"wordCount":384,"commentCount":0,"publisher":{"@id":"https:\/\/tce.pb.gov.br\/portalprimeirainfancia\/#organization"},"image":{"@id":"https:\/\/tce.pb.gov.br\/portalprimeirainfancia\/tce-pb-abre-segundo-lote-de-inscricoes-para-o-lancamento-do-pacto-paraibano-pela-primeira-infancia\/#primaryimage"},"thumbnailUrl":"https:\/\/tce.pb.gov.br\/portalprimeirainfancia\/wp-content\/uploads\/2025\/04\/primeira-infancia-MAT-2.jpg","articleSection":["Destaques","Not\u00edcias"],"inLanguage":"pt-BR","potentialAction":[{"@type":"CommentAction","name":"Comment","target":["https:\/\/tce.pb.gov.br\/portalprimeirainfancia\/tce-pb-abre-segundo-lote-de-inscricoes-para-o-lancamento-do-pacto-paraibano-pela-primeira-infancia\/#respond"]}]},{"@type":"WebPage","@id":"https:\/\/tce.pb.gov.br\/portalprimeirainfancia\/tce-pb-abre-segundo-lote-de-inscricoes-para-o-lancamento-do-pacto-paraibano-pela-primeira-infancia\/","url":"https:\/\/tce.pb.gov.br\/portalprimeirainfancia\/tce-pb-abre-segundo-lote-de-inscricoes-para-o-lancamento-do-pacto-paraibano-pela-primeira-infancia\/","name":"TCE-PB abre segundo lote de inscri\u00e7\u00f5es para o lan\u00e7amento do Pacto Paraibano pela Primeira Inf\u00e2ncia %","isPartOf":{"@id":"https:\/\/tce.pb.gov.br\/portalprimeirainfancia\/#website"},"primaryImageOfPage":{"@id":"https:\/\/tce.pb.gov.br\/portalprimeirainfancia\/tce-pb-abre-segundo-lote-de-inscricoes-para-o-lancamento-do-pacto-paraibano-pela-primeira-infancia\/#primaryimage"},"image":{"@id":"https:\/\/tce.pb.gov.br\/portalprimeirainfancia\/tce-pb-abre-segundo-lote-de-inscricoes-para-o-lancamento-do-pacto-paraibano-pela-primeira-infancia\/#primaryimage"},"thumbnailUrl":"https:\/\/tce.pb.gov.br\/portalprimeirainfancia\/wp-content\/uploads\/2025\/04\/primeira-infancia-MAT-2.jpg","datePublished":"2025-04-09T10:15:00+00:00","description":"TCE-PB abre segundo lote de inscri\u00e7\u00f5es para o lan\u00e7amento do Pacto Paraibano pela Primeira Inf\u00e2ncia %","breadcrumb":{"@id":"https:\/\/tce.pb.gov.br\/portalprimeirainfancia\/tce-pb-abre-segundo-lote-de-inscricoes-para-o-lancamento-do-pacto-paraibano-pela-primeira-infancia\/#breadcrumb"},"inLanguage":"pt-BR","potentialAction":[{"@type":"ReadAction","target":["https:\/\/tce.pb.gov.br\/portalprimeirainfancia\/tce-pb-abre-segundo-lote-de-inscricoes-para-o-lancamento-do-pacto-paraibano-pela-primeira-infancia\/"]}]},{"@type":"ImageObject","inLanguage":"pt-BR","@id":"https:\/\/tce.pb.gov.br\/portalprimeirainfancia\/tce-pb-abre-segundo-lote-de-inscricoes-para-o-lancamento-do-pacto-paraibano-pela-primeira-infancia\/#primaryimage","url":"https:\/\/tce.pb.gov.br\/portalprimeirainfancia\/wp-content\/uploads\/2025\/04\/primeira-infancia-MAT-2.jpg","contentUrl":"https:\/\/tce.pb.gov.br\/portalprimeirainfancia\/wp-content\/uploads\/2025\/04\/primeira-infancia-MAT-2.jpg","width":1920,"height":1280},{"@type":"BreadcrumbList","@id":"https:\/\/tce.pb.gov.br\/portalprimeirainfancia\/tce-pb-abre-segundo-lote-de-inscricoes-para-o-lancamento-do-pacto-paraibano-pela-primeira-infancia\/#breadcrumb","itemListElement":[{"@type":"ListItem","position":1,"name":"In\u00edcio","item":"https:\/\/tce.pb.gov.br\/portalprimeirainfancia\/"},{"@type":"ListItem","position":2,"name":"TCE-PB abre segundo lote de inscri\u00e7\u00f5es para o lan\u00e7amento do Pacto Paraibano pela Primeira Inf\u00e2ncia"}]},{"@type":"WebSite","@id":"https:\/\/tce.pb.gov.br\/portalprimeirainfancia\/#website","url":"https:\/\/tce.pb.gov.br\/portalprimeirainfancia\/","name":"Pacto Paraibano pela Primeira Inf\u00e2ncia","description":"Portal para divulga\u00e7\u00e3o do Pacto Paraibano pela Primeira Inf\u00e2ncia","publisher":{"@id":"https:\/\/tce.pb.gov.br\/portalprimeirainfancia\/#organization"},"potentialAction":[{"@type":"SearchAction","target":{"@type":"EntryPoint","urlTemplate":"https:\/\/tce.pb.gov.br\/portalprimeirainfancia\/?s={search_term_string}"},"query-input":{"@type":"PropertyValueSpecification","valueRequired":true,"valueName":"search_term_string"}}],"inLanguage":"pt-BR"},{"@type":"Organization","@id":"https:\/\/tce.pb.gov.br\/portalprimeirainfancia\/#organization","name":"Pacto Paraibano pela Primeira Inf\u00e2ncia","alternateName":"TCE-PB","url":"https:\/\/tce.pb.gov.br\/portalprimeirainfancia\/","logo":{"@type":"ImageObject","inLanguage":"pt-BR","@id":"https:\/\/tce.pb.gov.br\/portalprimeirainfancia\/#\/schema\/logo\/image\/","url":"https:\/\/tce.pb.gov.br\/portalprimeirainfancia\/wp-content\/uploads\/2025\/05\/Pacto-Whatsapp.png","contentUrl":"https:\/\/tce.pb.gov.br\/portalprimeirainfancia\/wp-content\/uploads\/2025\/05\/Pacto-Whatsapp.png","width":427,"height":427,"caption":"Pacto Paraibano pela Primeira Inf\u00e2ncia"},"image":{"@id":"https:\/\/tce.pb.gov.br\/portalprimeirainfancia\/#\/schema\/logo\/image\/"},"sameAs":["https:\/\/www.instagram.com\/tcepb\/"]},{"@type":"Person","@id":"https:\/\/tce.pb.gov.br\/portalprimeirainfancia\/#\/schema\/person\/6a39eea5836dda604de1c5e5b7d62141","name":"Rafael Massoni"}]}},"jetpack_featured_media_url":"https:\/\/tce.pb.gov.br\/portalprimeirainfancia\/wp-content\/uploads\/2025\/04\/primeira-infancia-MAT-2.jpg","jetpack_sharing_enabled":true,"_links":{"self":[{"href":"https:\/\/tce.pb.gov.br\/portalprimeirainfancia\/wp-json\/wp\/v2\/posts\/28786","targetHints":{"allow":["GET"]}}],"collection":[{"href":"https:\/\/tce.pb.gov.br\/portalprimeirainfancia\/wp-json\/wp\/v2\/posts"}],"about":[{"href":"https:\/\/tce.pb.gov.br\/portalprimeirainfancia\/wp-json\/wp\/v2\/types\/post"}],"author":[{"embeddable":true,"href":"https:\/\/tce.pb.gov.br\/portalprimeirainfancia\/wp-json\/wp\/v2\/users\/6"}],"replies":[{"embeddable":true,"href":"https:\/\/tce.pb.gov.br\/portalprimeirainfancia\/wp-json\/wp\/v2\/comments?post=28786"}],"version-history":[{"count":0,"href":"https:\/\/tce.pb.gov.br\/portalprimeirainfancia\/wp-json\/wp\/v2\/posts\/28786\/revisions"}],"wp:featuredmedia":[{"embeddable":true,"href":"https:\/\/tce.pb.gov.br\/portalprimeirainfancia\/wp-json\/wp\/v2\/media\/28787"}],"wp:attachment":[{"href":"https:\/\/tce.pb.gov.br\/portalprimeirainfancia\/wp-json\/wp\/v2\/media?parent=28786"}],"wp:term":[{"taxonomy":"category","embeddable":true,"href":"https:\/\/tce.pb.gov.br\/portalprimeirainfancia\/wp-json\/wp\/v2\/categories?post=28786"},{"taxonomy":"post_tag","embeddable":true,"href":"https:\/\/tce.pb.gov.br\/portalprimeirainfancia\/wp-json\/wp\/v2\/tags?post=28786"}],"curies":[{"name":"wp","href":"https:\/\/api.w.org\/{rel}","templated":true}]}}