{"id":28763,"date":"2025-04-09T14:07:56","date_gmt":"2025-04-09T17:07:56","guid":{"rendered":"https:\/\/tce.pb.gov.br\/?p=28763"},"modified":"2025-04-09T14:07:56","modified_gmt":"2025-04-09T17:07:56","slug":"pacto-pela-primeira-infancia-tera-representacoes-dos-tres-poderes-federacoes-e-universidades-2","status":"publish","type":"post","link":"https:\/\/tce.pb.gov.br\/portalprimeirainfancia\/pacto-pela-primeira-infancia-tera-representacoes-dos-tres-poderes-federacoes-e-universidades-2\/","title":{"rendered":"Pacto pela Primeira Inf\u00e2ncia ter\u00e1 representa\u00e7\u00f5es dos\u00a0 Tr\u00eas Poderes,\u00a0 Federa\u00e7\u00f5es e\u00a0 Universidades"},"content":{"rendered":"\n<figure class=\"wp-block-image size-large\"><img fetchpriority=\"high\" decoding=\"async\" width=\"1024\" height=\"683\" src=\"https:\/\/tce.pb.gov.br\/wp-content\/uploads\/2025\/04\/primeira-infancia-MAT-1-1024x683.jpg\" alt=\"\" class=\"wp-image-28656\" srcset=\"https:\/\/tce.pb.gov.br\/portalprimeirainfancia\/wp-content\/uploads\/2025\/04\/primeira-infancia-MAT-1-1024x683.jpg 1024w, https:\/\/tce.pb.gov.br\/portalprimeirainfancia\/wp-content\/uploads\/2025\/04\/primeira-infancia-MAT-1-300x200.jpg 300w, https:\/\/tce.pb.gov.br\/portalprimeirainfancia\/wp-content\/uploads\/2025\/04\/primeira-infancia-MAT-1-768x512.jpg 768w, https:\/\/tce.pb.gov.br\/portalprimeirainfancia\/wp-content\/uploads\/2025\/04\/primeira-infancia-MAT-1-1536x1024.jpg 1536w, https:\/\/tce.pb.gov.br\/portalprimeirainfancia\/wp-content\/uploads\/2025\/04\/primeira-infancia-MAT-1.jpg 1920w\" sizes=\"(max-width: 1024px) 100vw, 1024px\" \/><\/figure>\n\n\n\n<p>Gestores estaduais e municipais, representa\u00e7\u00f5es do Governo Federal, entre as quais o ministro do Desenvolvimento e Assist\u00eancia Social Wellington Dias, segmentos organizados da sociedade e o p\u00fablico em geral participar\u00e3o, no dia 28 de abril, no Teatro Pedra do Reino, ambiente do Centro de Conven\u00e7\u00f5es de Jo\u00e3o Pessoa, do lan\u00e7amento do Pacto Paraibano pela Primeira Inf\u00e2ncia.<\/p>\n\n\n\n<p>Trata-se de iniciativa do Tribunal de Contas da Para\u00edba em favor de pol\u00edticas p\u00fablicas necess\u00e1rias ao amparo e ao desenvolvimento f\u00edsico, emocional e educacional de crian\u00e7as de zero a seis anos de idade, fase da vida durante a qual se alicer\u00e7am as conex\u00f5es cerebrais dos seres humanos.<\/p>\n\n\n\n<p>Prop\u00f3sito anunciado pelo presidente do TCE, conselheiro F\u00e1bio Nogueira, j\u00e1 no seu discurso de posse, o Pacto Paraibano pela Primeira Inf\u00e2ncia ter\u00e1 sua assinatura, \u00e0s 11h20, por emiss\u00e1rios dos tr\u00eas Poderes, Centros Acad\u00eamicos e Federa\u00e7\u00f5es das Associa\u00e7\u00f5es dos Munic\u00edpios, do Com\u00e9rcio, da Ind\u00fastria e da Agricultura.<\/p>\n\n\n\n<p>\u00c9 lista que tamb\u00e9m inclui o Governo Estadual, o Tribunal de Contas da Uni\u00e3o, o Tribunal de Justi\u00e7a do Estado, a Assembleia Legislativa, a C\u00e2mara dos Deputados, o Minist\u00e9rio P\u00fablico Comum e o do Trabalho, as Defensorias P\u00fablicas da Para\u00edba e da Uni\u00e3o, a Ordem dos Advogados do Brasil, as Universidades Federais da Para\u00edba e de Campina Grande, o Instituto Federal de Educa\u00e7\u00e3o da Para\u00edba, o Fundo das Na\u00e7\u00f5es Unidas para a Inf\u00e2ncia (Unicef) e o Servi\u00e7o Brasileiro de Apoio \u00e0s Micro e Pequenas Empresas (Sebrae).<\/p>\n\n\n\n<p><strong>PROGRAMA\u00c7\u00c3O <\/strong>&#8211; O lan\u00e7amento desse Pacto ser\u00e1 feito \u00e0s 10 horas, pelo conselheiro F\u00e1bio Nogueira. \u00c0s 10h30, ocorrer\u00e1 a Mesa-Redonda \u201cPol\u00edticas P\u00fablicas de Melhorias pela Primeira Inf\u00e2ncia sob \u00d3tica da Uni\u00e3o\u201d com a participa\u00e7\u00e3o do ministro Wellington Dias.<\/p>\n\n\n\n<p>Ap\u00f3s intervalo para o almo\u00e7o, os trabalhos prosseguir\u00e3o, \u00e0s 14 horas, com a palestra \u201cPanorama da Para\u00edba no Contexto pela Primeira Inf\u00e2ncia\u201d, a cargo do coordenador do Comit\u00ea Estadual da Primeira Inf\u00e2ncia Roberto Dutra.<\/p>\n\n\n\n<p>A segunda Mesa-Redonda, subordinada ao tema \u201cPrimeira Inf\u00e2ncia: Uma Janela de Oportunidades\u201d, programada para as 14h30, ter\u00e1 as participa\u00e7\u00f5es do presidente do Instituto Rui Barbosa (conselheiro Edilberto Pontes), do auditor de controle externo do TCE-RS (Leo Arno Richter) da secret\u00e1ria executiva da Rede de Primeira Inf\u00e2ncia e presidente, ainda, do Comit\u00ea Gestor do F\u00f3rum de Educa\u00e7\u00e3o Infantil da Para\u00edba (professora Adelaide Alves Dias).<\/p>\n\n\n\n<p>A apresenta\u00e7\u00e3o, a partir das 15h30, da Matriz de Planejamento da Auditoria Operacional na Pol\u00edtica pela Primeira Inf\u00e2ncia do TCE-PB, ser\u00e1 o \u00faltimo ato do encontro.<\/p>\n\n\n\n<p><strong>Inscri\u00e7\u00f5es para participar do evento&nbsp;<\/strong><\/p>\n\n\n\n<p><strong>Link:<\/strong>&nbsp;&nbsp;<a href=\"https:\/\/doity.com.br\/lancamento-do-pacto-paraibano-pela-primeira-infancia-lote1\"><code>https:\/\/doity.com.br\/lancamento-do-pacto-paraibano-pela-primeira-infancia-lote1<\/code><\/a><\/p>\n\n\n\n<p><strong>Confira a programa\u00e7\u00e3o do evento de lan\u00e7amento.<\/strong> <a href=\"https:\/\/tiny.cc\/Programacao\">https:\/\/tiny.cc\/Programacao<\/a><\/p>\n\n\n\n<p><\/p>\n","protected":false},"excerpt":{"rendered":"<p>Gestores estaduais e municipais, representa\u00e7\u00f5es do Governo Federal, entre as quais o ministro do Desenvolvimento e Assist\u00eancia Social Wellington Dias, [&hellip;]<\/p>\n","protected":false},"author":6,"featured_media":28656,"comment_status":"open","ping_status":"open","sticky":false,"template":"","format":"standard","meta":{"site-sidebar-layout":"default","site-content-layout":"","ast-site-content-layout":"","site-content-style":"default","site-sidebar-style":"default","ast-global-header-display":"","ast-banner-title-visibility":"","ast-main-header-display":"","ast-hfb-above-header-display":"","ast-hfb-below-header-display":"","ast-hfb-mobile-header-display":"","site-post-title":"","ast-breadcrumbs-content":"","ast-featured-img":"","footer-sml-layout":"","theme-transparent-header-meta":"","adv-header-id-meta":"","stick-header-meta":"","header-above-stick-meta":"","header-main-stick-meta":"","header-below-stick-meta":"","astra-migrate-meta-layouts":"default","ast-page-background-enabled":"default","ast-page-background-meta":{"desktop":{"background-color":"var(--ast-global-color-5)","background-image":"","background-repeat":"repeat","background-position":"center center","background-size":"auto","background-attachment":"scroll","background-type":"","background-media":"","overlay-type":"","overlay-color":"","overlay-opacity":"","overlay-gradient":""},"tablet":{"background-color":"","background-image":"","background-repeat":"repeat","background-position":"center center","background-size":"auto","background-attachment":"scroll","background-type":"","background-media":"","overlay-type":"","overlay-color":"","overlay-opacity":"","overlay-gradient":""},"mobile":{"background-color":"","background-image":"","background-repeat":"repeat","background-position":"center center","background-size":"auto","background-attachment":"scroll","background-type":"","background-media":"","overlay-type":"","overlay-color":"","overlay-opacity":"","overlay-gradient":""}},"ast-content-background-meta":{"desktop":{"background-color":"var(--ast-global-color-4)","background-image":"","background-repeat":"repeat","background-position":"center center","background-size":"auto","background-attachment":"scroll","background-type":"","background-media":"","overlay-type":"","overlay-color":"","overlay-opacity":"","overlay-gradient":""},"tablet":{"background-color":"var(--ast-global-color-4)","background-image":"","background-repeat":"repeat","background-position":"center center","background-size":"auto","background-attachment":"scroll","background-type":"","background-media":"","overlay-type":"","overlay-color":"","overlay-opacity":"","overlay-gradient":""},"mobile":{"background-color":"var(--ast-global-color-4)","background-image":"","background-repeat":"repeat","background-position":"center center","background-size":"auto","background-attachment":"scroll","background-type":"","background-media":"","overlay-type":"","overlay-color":"","overlay-opacity":"","overlay-gradient":""}},"_jetpack_memberships_contains_paid_content":false,"footnotes":""},"categories":[24,7],"tags":[],"class_list":["post-28763","post","type-post","status-publish","format-standard","has-post-thumbnail","hentry","category-destaques","category-noticias"],"yoast_head":"<!-- This site is optimized with the Yoast SEO plugin v27.5 - https:\/\/yoast.com\/product\/yoast-seo-wordpress\/ -->\n<title>Pacto pela Primeira Inf\u00e2ncia ter\u00e1 representa\u00e7\u00f5es dos\u00a0 Tr\u00eas Poderes,\u00a0 Federa\u00e7\u00f5es e\u00a0 Universidades %<\/title>\n<meta name=\"description\" content=\"Pacto pela Primeira Inf\u00e2ncia ter\u00e1 representa\u00e7\u00f5es dos\u00a0 Tr\u00eas Poderes,\u00a0 Federa\u00e7\u00f5es e\u00a0 Universidades %\" \/>\n<meta name=\"robots\" content=\"index, follow, max-snippet:-1, max-image-preview:large, max-video-preview:-1\" \/>\n<link rel=\"canonical\" href=\"https:\/\/tce.pb.gov.br\/portalprimeirainfancia\/pacto-pela-primeira-infancia-tera-representacoes-dos-tres-poderes-federacoes-e-universidades-2\/\" \/>\n<meta property=\"og:locale\" content=\"pt_BR\" \/>\n<meta property=\"og:type\" content=\"article\" \/>\n<meta property=\"og:title\" content=\"Pacto pela Primeira Inf\u00e2ncia ter\u00e1 representa\u00e7\u00f5es dos\u00a0 Tr\u00eas Poderes,\u00a0 Federa\u00e7\u00f5es e\u00a0 Universidades %\" \/>\n<meta property=\"og:description\" content=\"Pacto pela Primeira Inf\u00e2ncia ter\u00e1 representa\u00e7\u00f5es dos\u00a0 Tr\u00eas Poderes,\u00a0 Federa\u00e7\u00f5es e\u00a0 Universidades %\" \/>\n<meta property=\"og:url\" content=\"https:\/\/tce.pb.gov.br\/portalprimeirainfancia\/pacto-pela-primeira-infancia-tera-representacoes-dos-tres-poderes-federacoes-e-universidades-2\/\" \/>\n<meta property=\"og:site_name\" content=\"Pacto Paraibano pela Primeira Inf\u00e2ncia\" \/>\n<meta property=\"article:published_time\" content=\"2025-04-09T17:07:56+00:00\" \/>\n<meta property=\"og:image\" content=\"https:\/\/tce.pb.gov.br\/portalprimeirainfancia\/wp-content\/uploads\/2025\/04\/primeira-infancia-MAT-1.jpg\" \/>\n\t<meta property=\"og:image:width\" content=\"1920\" \/>\n\t<meta property=\"og:image:height\" content=\"1280\" \/>\n\t<meta property=\"og:image:type\" content=\"image\/jpeg\" \/>\n<meta name=\"author\" content=\"Rafael Massoni\" \/>\n<meta name=\"twitter:card\" content=\"summary_large_image\" \/>\n<meta name=\"twitter:label1\" content=\"Escrito por\" \/>\n\t<meta name=\"twitter:data1\" content=\"Rafael Massoni\" \/>\n\t<meta name=\"twitter:label2\" content=\"Est. tempo de leitura\" \/>\n\t<meta name=\"twitter:data2\" content=\"2 minutos\" \/>\n<script type=\"application\/ld+json\" class=\"yoast-schema-graph\">{\"@context\":\"https:\\\/\\\/schema.org\",\"@graph\":[{\"@type\":\"NewsArticle\",\"@id\":\"https:\\\/\\\/tce.pb.gov.br\\\/portalprimeirainfancia\\\/pacto-pela-primeira-infancia-tera-representacoes-dos-tres-poderes-federacoes-e-universidades-2\\\/#article\",\"isPartOf\":{\"@id\":\"https:\\\/\\\/tce.pb.gov.br\\\/portalprimeirainfancia\\\/pacto-pela-primeira-infancia-tera-representacoes-dos-tres-poderes-federacoes-e-universidades-2\\\/\"},\"author\":{\"name\":\"Rafael Massoni\",\"@id\":\"https:\\\/\\\/tce.pb.gov.br\\\/portalprimeirainfancia\\\/#\\\/schema\\\/person\\\/6a39eea5836dda604de1c5e5b7d62141\"},\"headline\":\"Pacto pela Primeira Inf\u00e2ncia ter\u00e1 representa\u00e7\u00f5es dos\u00a0 Tr\u00eas Poderes,\u00a0 Federa\u00e7\u00f5es e\u00a0 Universidades\",\"datePublished\":\"2025-04-09T17:07:56+00:00\",\"mainEntityOfPage\":{\"@id\":\"https:\\\/\\\/tce.pb.gov.br\\\/portalprimeirainfancia\\\/pacto-pela-primeira-infancia-tera-representacoes-dos-tres-poderes-federacoes-e-universidades-2\\\/\"},\"wordCount\":497,\"commentCount\":0,\"publisher\":{\"@id\":\"https:\\\/\\\/tce.pb.gov.br\\\/portalprimeirainfancia\\\/#organization\"},\"image\":{\"@id\":\"https:\\\/\\\/tce.pb.gov.br\\\/portalprimeirainfancia\\\/pacto-pela-primeira-infancia-tera-representacoes-dos-tres-poderes-federacoes-e-universidades-2\\\/#primaryimage\"},\"thumbnailUrl\":\"https:\\\/\\\/tce.pb.gov.br\\\/portalprimeirainfancia\\\/wp-content\\\/uploads\\\/2025\\\/04\\\/primeira-infancia-MAT-1.jpg\",\"articleSection\":[\"Destaques\",\"Not\u00edcias\"],\"inLanguage\":\"pt-BR\",\"potentialAction\":[{\"@type\":\"CommentAction\",\"name\":\"Comment\",\"target\":[\"https:\\\/\\\/tce.pb.gov.br\\\/portalprimeirainfancia\\\/pacto-pela-primeira-infancia-tera-representacoes-dos-tres-poderes-federacoes-e-universidades-2\\\/#respond\"]}]},{\"@type\":\"WebPage\",\"@id\":\"https:\\\/\\\/tce.pb.gov.br\\\/portalprimeirainfancia\\\/pacto-pela-primeira-infancia-tera-representacoes-dos-tres-poderes-federacoes-e-universidades-2\\\/\",\"url\":\"https:\\\/\\\/tce.pb.gov.br\\\/portalprimeirainfancia\\\/pacto-pela-primeira-infancia-tera-representacoes-dos-tres-poderes-federacoes-e-universidades-2\\\/\",\"name\":\"Pacto pela Primeira Inf\u00e2ncia ter\u00e1 representa\u00e7\u00f5es dos\u00a0 Tr\u00eas Poderes,\u00a0 Federa\u00e7\u00f5es e\u00a0 Universidades %\",\"isPartOf\":{\"@id\":\"https:\\\/\\\/tce.pb.gov.br\\\/portalprimeirainfancia\\\/#website\"},\"primaryImageOfPage\":{\"@id\":\"https:\\\/\\\/tce.pb.gov.br\\\/portalprimeirainfancia\\\/pacto-pela-primeira-infancia-tera-representacoes-dos-tres-poderes-federacoes-e-universidades-2\\\/#primaryimage\"},\"image\":{\"@id\":\"https:\\\/\\\/tce.pb.gov.br\\\/portalprimeirainfancia\\\/pacto-pela-primeira-infancia-tera-representacoes-dos-tres-poderes-federacoes-e-universidades-2\\\/#primaryimage\"},\"thumbnailUrl\":\"https:\\\/\\\/tce.pb.gov.br\\\/portalprimeirainfancia\\\/wp-content\\\/uploads\\\/2025\\\/04\\\/primeira-infancia-MAT-1.jpg\",\"datePublished\":\"2025-04-09T17:07:56+00:00\",\"description\":\"Pacto pela Primeira Inf\u00e2ncia ter\u00e1 representa\u00e7\u00f5es dos\u00a0 Tr\u00eas Poderes,\u00a0 Federa\u00e7\u00f5es e\u00a0 Universidades %\",\"breadcrumb\":{\"@id\":\"https:\\\/\\\/tce.pb.gov.br\\\/portalprimeirainfancia\\\/pacto-pela-primeira-infancia-tera-representacoes-dos-tres-poderes-federacoes-e-universidades-2\\\/#breadcrumb\"},\"inLanguage\":\"pt-BR\",\"potentialAction\":[{\"@type\":\"ReadAction\",\"target\":[\"https:\\\/\\\/tce.pb.gov.br\\\/portalprimeirainfancia\\\/pacto-pela-primeira-infancia-tera-representacoes-dos-tres-poderes-federacoes-e-universidades-2\\\/\"]}]},{\"@type\":\"ImageObject\",\"inLanguage\":\"pt-BR\",\"@id\":\"https:\\\/\\\/tce.pb.gov.br\\\/portalprimeirainfancia\\\/pacto-pela-primeira-infancia-tera-representacoes-dos-tres-poderes-federacoes-e-universidades-2\\\/#primaryimage\",\"url\":\"https:\\\/\\\/tce.pb.gov.br\\\/portalprimeirainfancia\\\/wp-content\\\/uploads\\\/2025\\\/04\\\/primeira-infancia-MAT-1.jpg\",\"contentUrl\":\"https:\\\/\\\/tce.pb.gov.br\\\/portalprimeirainfancia\\\/wp-content\\\/uploads\\\/2025\\\/04\\\/primeira-infancia-MAT-1.jpg\",\"width\":1920,\"height\":1280},{\"@type\":\"BreadcrumbList\",\"@id\":\"https:\\\/\\\/tce.pb.gov.br\\\/portalprimeirainfancia\\\/pacto-pela-primeira-infancia-tera-representacoes-dos-tres-poderes-federacoes-e-universidades-2\\\/#breadcrumb\",\"itemListElement\":[{\"@type\":\"ListItem\",\"position\":1,\"name\":\"In\u00edcio\",\"item\":\"https:\\\/\\\/tce.pb.gov.br\\\/portalprimeirainfancia\\\/\"},{\"@type\":\"ListItem\",\"position\":2,\"name\":\"Pacto pela Primeira Inf\u00e2ncia ter\u00e1 representa\u00e7\u00f5es dos\u00a0 Tr\u00eas Poderes,\u00a0 Federa\u00e7\u00f5es e\u00a0 Universidades\"}]},{\"@type\":\"WebSite\",\"@id\":\"https:\\\/\\\/tce.pb.gov.br\\\/portalprimeirainfancia\\\/#website\",\"url\":\"https:\\\/\\\/tce.pb.gov.br\\\/portalprimeirainfancia\\\/\",\"name\":\"Pacto Paraibano pela Primeira Inf\u00e2ncia\",\"description\":\"Portal para divulga\u00e7\u00e3o do Pacto Paraibano pela Primeira Inf\u00e2ncia\",\"publisher\":{\"@id\":\"https:\\\/\\\/tce.pb.gov.br\\\/portalprimeirainfancia\\\/#organization\"},\"potentialAction\":[{\"@type\":\"SearchAction\",\"target\":{\"@type\":\"EntryPoint\",\"urlTemplate\":\"https:\\\/\\\/tce.pb.gov.br\\\/portalprimeirainfancia\\\/?s={search_term_string}\"},\"query-input\":{\"@type\":\"PropertyValueSpecification\",\"valueRequired\":true,\"valueName\":\"search_term_string\"}}],\"inLanguage\":\"pt-BR\"},{\"@type\":\"Organization\",\"@id\":\"https:\\\/\\\/tce.pb.gov.br\\\/portalprimeirainfancia\\\/#organization\",\"name\":\"Pacto Paraibano pela Primeira Inf\u00e2ncia\",\"alternateName\":\"TCE-PB\",\"url\":\"https:\\\/\\\/tce.pb.gov.br\\\/portalprimeirainfancia\\\/\",\"logo\":{\"@type\":\"ImageObject\",\"inLanguage\":\"pt-BR\",\"@id\":\"https:\\\/\\\/tce.pb.gov.br\\\/portalprimeirainfancia\\\/#\\\/schema\\\/logo\\\/image\\\/\",\"url\":\"https:\\\/\\\/tce.pb.gov.br\\\/portalprimeirainfancia\\\/wp-content\\\/uploads\\\/2025\\\/05\\\/Pacto-Whatsapp.png\",\"contentUrl\":\"https:\\\/\\\/tce.pb.gov.br\\\/portalprimeirainfancia\\\/wp-content\\\/uploads\\\/2025\\\/05\\\/Pacto-Whatsapp.png\",\"width\":427,\"height\":427,\"caption\":\"Pacto Paraibano pela Primeira Inf\u00e2ncia\"},\"image\":{\"@id\":\"https:\\\/\\\/tce.pb.gov.br\\\/portalprimeirainfancia\\\/#\\\/schema\\\/logo\\\/image\\\/\"},\"sameAs\":[\"https:\\\/\\\/www.instagram.com\\\/tcepb\\\/\"]},{\"@type\":\"Person\",\"@id\":\"https:\\\/\\\/tce.pb.gov.br\\\/portalprimeirainfancia\\\/#\\\/schema\\\/person\\\/6a39eea5836dda604de1c5e5b7d62141\",\"name\":\"Rafael Massoni\"}]}<\/script>\n<!-- \/ Yoast SEO plugin. -->","yoast_head_json":{"title":"Pacto pela Primeira Inf\u00e2ncia ter\u00e1 representa\u00e7\u00f5es dos\u00a0 Tr\u00eas Poderes,\u00a0 Federa\u00e7\u00f5es e\u00a0 Universidades %","description":"Pacto pela Primeira Inf\u00e2ncia ter\u00e1 representa\u00e7\u00f5es dos\u00a0 Tr\u00eas Poderes,\u00a0 Federa\u00e7\u00f5es e\u00a0 Universidades %","robots":{"index":"index","follow":"follow","max-snippet":"max-snippet:-1","max-image-preview":"max-image-preview:large","max-video-preview":"max-video-preview:-1"},"canonical":"https:\/\/tce.pb.gov.br\/portalprimeirainfancia\/pacto-pela-primeira-infancia-tera-representacoes-dos-tres-poderes-federacoes-e-universidades-2\/","og_locale":"pt_BR","og_type":"article","og_title":"Pacto pela Primeira Inf\u00e2ncia ter\u00e1 representa\u00e7\u00f5es dos\u00a0 Tr\u00eas Poderes,\u00a0 Federa\u00e7\u00f5es e\u00a0 Universidades %","og_description":"Pacto pela Primeira Inf\u00e2ncia ter\u00e1 representa\u00e7\u00f5es dos\u00a0 Tr\u00eas Poderes,\u00a0 Federa\u00e7\u00f5es e\u00a0 Universidades %","og_url":"https:\/\/tce.pb.gov.br\/portalprimeirainfancia\/pacto-pela-primeira-infancia-tera-representacoes-dos-tres-poderes-federacoes-e-universidades-2\/","og_site_name":"Pacto Paraibano pela Primeira Inf\u00e2ncia","article_published_time":"2025-04-09T17:07:56+00:00","og_image":[{"width":1920,"height":1280,"url":"https:\/\/tce.pb.gov.br\/portalprimeirainfancia\/wp-content\/uploads\/2025\/04\/primeira-infancia-MAT-1.jpg","type":"image\/jpeg"}],"author":"Rafael Massoni","twitter_card":"summary_large_image","twitter_misc":{"Escrito por":"Rafael Massoni","Est. tempo de leitura":"2 minutos"},"schema":{"@context":"https:\/\/schema.org","@graph":[{"@type":"NewsArticle","@id":"https:\/\/tce.pb.gov.br\/portalprimeirainfancia\/pacto-pela-primeira-infancia-tera-representacoes-dos-tres-poderes-federacoes-e-universidades-2\/#article","isPartOf":{"@id":"https:\/\/tce.pb.gov.br\/portalprimeirainfancia\/pacto-pela-primeira-infancia-tera-representacoes-dos-tres-poderes-federacoes-e-universidades-2\/"},"author":{"name":"Rafael Massoni","@id":"https:\/\/tce.pb.gov.br\/portalprimeirainfancia\/#\/schema\/person\/6a39eea5836dda604de1c5e5b7d62141"},"headline":"Pacto pela Primeira Inf\u00e2ncia ter\u00e1 representa\u00e7\u00f5es dos\u00a0 Tr\u00eas Poderes,\u00a0 Federa\u00e7\u00f5es e\u00a0 Universidades","datePublished":"2025-04-09T17:07:56+00:00","mainEntityOfPage":{"@id":"https:\/\/tce.pb.gov.br\/portalprimeirainfancia\/pacto-pela-primeira-infancia-tera-representacoes-dos-tres-poderes-federacoes-e-universidades-2\/"},"wordCount":497,"commentCount":0,"publisher":{"@id":"https:\/\/tce.pb.gov.br\/portalprimeirainfancia\/#organization"},"image":{"@id":"https:\/\/tce.pb.gov.br\/portalprimeirainfancia\/pacto-pela-primeira-infancia-tera-representacoes-dos-tres-poderes-federacoes-e-universidades-2\/#primaryimage"},"thumbnailUrl":"https:\/\/tce.pb.gov.br\/portalprimeirainfancia\/wp-content\/uploads\/2025\/04\/primeira-infancia-MAT-1.jpg","articleSection":["Destaques","Not\u00edcias"],"inLanguage":"pt-BR","potentialAction":[{"@type":"CommentAction","name":"Comment","target":["https:\/\/tce.pb.gov.br\/portalprimeirainfancia\/pacto-pela-primeira-infancia-tera-representacoes-dos-tres-poderes-federacoes-e-universidades-2\/#respond"]}]},{"@type":"WebPage","@id":"https:\/\/tce.pb.gov.br\/portalprimeirainfancia\/pacto-pela-primeira-infancia-tera-representacoes-dos-tres-poderes-federacoes-e-universidades-2\/","url":"https:\/\/tce.pb.gov.br\/portalprimeirainfancia\/pacto-pela-primeira-infancia-tera-representacoes-dos-tres-poderes-federacoes-e-universidades-2\/","name":"Pacto pela Primeira Inf\u00e2ncia ter\u00e1 representa\u00e7\u00f5es dos\u00a0 Tr\u00eas Poderes,\u00a0 Federa\u00e7\u00f5es e\u00a0 Universidades %","isPartOf":{"@id":"https:\/\/tce.pb.gov.br\/portalprimeirainfancia\/#website"},"primaryImageOfPage":{"@id":"https:\/\/tce.pb.gov.br\/portalprimeirainfancia\/pacto-pela-primeira-infancia-tera-representacoes-dos-tres-poderes-federacoes-e-universidades-2\/#primaryimage"},"image":{"@id":"https:\/\/tce.pb.gov.br\/portalprimeirainfancia\/pacto-pela-primeira-infancia-tera-representacoes-dos-tres-poderes-federacoes-e-universidades-2\/#primaryimage"},"thumbnailUrl":"https:\/\/tce.pb.gov.br\/portalprimeirainfancia\/wp-content\/uploads\/2025\/04\/primeira-infancia-MAT-1.jpg","datePublished":"2025-04-09T17:07:56+00:00","description":"Pacto pela Primeira Inf\u00e2ncia ter\u00e1 representa\u00e7\u00f5es dos\u00a0 Tr\u00eas Poderes,\u00a0 Federa\u00e7\u00f5es e\u00a0 Universidades %","breadcrumb":{"@id":"https:\/\/tce.pb.gov.br\/portalprimeirainfancia\/pacto-pela-primeira-infancia-tera-representacoes-dos-tres-poderes-federacoes-e-universidades-2\/#breadcrumb"},"inLanguage":"pt-BR","potentialAction":[{"@type":"ReadAction","target":["https:\/\/tce.pb.gov.br\/portalprimeirainfancia\/pacto-pela-primeira-infancia-tera-representacoes-dos-tres-poderes-federacoes-e-universidades-2\/"]}]},{"@type":"ImageObject","inLanguage":"pt-BR","@id":"https:\/\/tce.pb.gov.br\/portalprimeirainfancia\/pacto-pela-primeira-infancia-tera-representacoes-dos-tres-poderes-federacoes-e-universidades-2\/#primaryimage","url":"https:\/\/tce.pb.gov.br\/portalprimeirainfancia\/wp-content\/uploads\/2025\/04\/primeira-infancia-MAT-1.jpg","contentUrl":"https:\/\/tce.pb.gov.br\/portalprimeirainfancia\/wp-content\/uploads\/2025\/04\/primeira-infancia-MAT-1.jpg","width":1920,"height":1280},{"@type":"BreadcrumbList","@id":"https:\/\/tce.pb.gov.br\/portalprimeirainfancia\/pacto-pela-primeira-infancia-tera-representacoes-dos-tres-poderes-federacoes-e-universidades-2\/#breadcrumb","itemListElement":[{"@type":"ListItem","position":1,"name":"In\u00edcio","item":"https:\/\/tce.pb.gov.br\/portalprimeirainfancia\/"},{"@type":"ListItem","position":2,"name":"Pacto pela Primeira Inf\u00e2ncia ter\u00e1 representa\u00e7\u00f5es dos\u00a0 Tr\u00eas Poderes,\u00a0 Federa\u00e7\u00f5es e\u00a0 Universidades"}]},{"@type":"WebSite","@id":"https:\/\/tce.pb.gov.br\/portalprimeirainfancia\/#website","url":"https:\/\/tce.pb.gov.br\/portalprimeirainfancia\/","name":"Pacto Paraibano pela Primeira Inf\u00e2ncia","description":"Portal para divulga\u00e7\u00e3o do Pacto Paraibano pela Primeira Inf\u00e2ncia","publisher":{"@id":"https:\/\/tce.pb.gov.br\/portalprimeirainfancia\/#organization"},"potentialAction":[{"@type":"SearchAction","target":{"@type":"EntryPoint","urlTemplate":"https:\/\/tce.pb.gov.br\/portalprimeirainfancia\/?s={search_term_string}"},"query-input":{"@type":"PropertyValueSpecification","valueRequired":true,"valueName":"search_term_string"}}],"inLanguage":"pt-BR"},{"@type":"Organization","@id":"https:\/\/tce.pb.gov.br\/portalprimeirainfancia\/#organization","name":"Pacto Paraibano pela Primeira Inf\u00e2ncia","alternateName":"TCE-PB","url":"https:\/\/tce.pb.gov.br\/portalprimeirainfancia\/","logo":{"@type":"ImageObject","inLanguage":"pt-BR","@id":"https:\/\/tce.pb.gov.br\/portalprimeirainfancia\/#\/schema\/logo\/image\/","url":"https:\/\/tce.pb.gov.br\/portalprimeirainfancia\/wp-content\/uploads\/2025\/05\/Pacto-Whatsapp.png","contentUrl":"https:\/\/tce.pb.gov.br\/portalprimeirainfancia\/wp-content\/uploads\/2025\/05\/Pacto-Whatsapp.png","width":427,"height":427,"caption":"Pacto Paraibano pela Primeira Inf\u00e2ncia"},"image":{"@id":"https:\/\/tce.pb.gov.br\/portalprimeirainfancia\/#\/schema\/logo\/image\/"},"sameAs":["https:\/\/www.instagram.com\/tcepb\/"]},{"@type":"Person","@id":"https:\/\/tce.pb.gov.br\/portalprimeirainfancia\/#\/schema\/person\/6a39eea5836dda604de1c5e5b7d62141","name":"Rafael Massoni"}]}},"jetpack_featured_media_url":"https:\/\/tce.pb.gov.br\/portalprimeirainfancia\/wp-content\/uploads\/2025\/04\/primeira-infancia-MAT-1.jpg","jetpack_sharing_enabled":true,"_links":{"self":[{"href":"https:\/\/tce.pb.gov.br\/portalprimeirainfancia\/wp-json\/wp\/v2\/posts\/28763","targetHints":{"allow":["GET"]}}],"collection":[{"href":"https:\/\/tce.pb.gov.br\/portalprimeirainfancia\/wp-json\/wp\/v2\/posts"}],"about":[{"href":"https:\/\/tce.pb.gov.br\/portalprimeirainfancia\/wp-json\/wp\/v2\/types\/post"}],"author":[{"embeddable":true,"href":"https:\/\/tce.pb.gov.br\/portalprimeirainfancia\/wp-json\/wp\/v2\/users\/6"}],"replies":[{"embeddable":true,"href":"https:\/\/tce.pb.gov.br\/portalprimeirainfancia\/wp-json\/wp\/v2\/comments?post=28763"}],"version-history":[{"count":0,"href":"https:\/\/tce.pb.gov.br\/portalprimeirainfancia\/wp-json\/wp\/v2\/posts\/28763\/revisions"}],"wp:featuredmedia":[{"embeddable":true,"href":"https:\/\/tce.pb.gov.br\/portalprimeirainfancia\/wp-json\/wp\/v2\/media\/28656"}],"wp:attachment":[{"href":"https:\/\/tce.pb.gov.br\/portalprimeirainfancia\/wp-json\/wp\/v2\/media?parent=28763"}],"wp:term":[{"taxonomy":"category","embeddable":true,"href":"https:\/\/tce.pb.gov.br\/portalprimeirainfancia\/wp-json\/wp\/v2\/categories?post=28763"},{"taxonomy":"post_tag","embeddable":true,"href":"https:\/\/tce.pb.gov.br\/portalprimeirainfancia\/wp-json\/wp\/v2\/tags?post=28763"}],"curies":[{"name":"wp","href":"https:\/\/api.w.org\/{rel}","templated":true}]}}