{"id":28654,"date":"2025-04-04T14:39:34","date_gmt":"2025-04-04T17:39:34","guid":{"rendered":"https:\/\/tce.pb.gov.br\/?p=28654"},"modified":"2025-04-04T14:39:34","modified_gmt":"2025-04-04T17:39:34","slug":"tribunal-de-contas-da-paraiba-lanca-pacto-paraibano-pela-primeira-infancia-dia-28-de-abril","status":"publish","type":"post","link":"https:\/\/tce.pb.gov.br\/portalprimeirainfancia\/tribunal-de-contas-da-paraiba-lanca-pacto-paraibano-pela-primeira-infancia-dia-28-de-abril\/","title":{"rendered":"Tribunal de Contas da Para\u00edba lan\u00e7a Pacto Paraibano pela Primeira Inf\u00e2ncia no dia 28 de abril"},"content":{"rendered":"\n<p>O Tribunal de Contas da Para\u00edba (TCE-PB), com o objetivo de fortalecer as pol\u00edticas p\u00fablicas voltadas ao desenvolvimento infantil, lan\u00e7ar\u00e1 no dia 28 de abril, o <strong>Pacto Paraibano pela Primeira Inf\u00e2ncia<\/strong>, uma iniciativa que visa promover o desenvolvimento integral de crian\u00e7as de 0 a 6 anos no estado. O evento acontecer\u00e1 no Teatro Pedra do Reino, no Centro de Conven\u00e7\u00f5es, em Jo\u00e3o Pessoa.<\/p>\n\n\n\n<figure class=\"wp-block-image size-large\"><img fetchpriority=\"high\" decoding=\"async\" width=\"1024\" height=\"683\" src=\"https:\/\/tce.pb.gov.br\/wp-content\/uploads\/2025\/04\/primeira-infancia-MAT-1-1024x683.jpg\" alt=\"\" class=\"wp-image-28656\" srcset=\"https:\/\/tce.pb.gov.br\/portalprimeirainfancia\/wp-content\/uploads\/2025\/04\/primeira-infancia-MAT-1-1024x683.jpg 1024w, https:\/\/tce.pb.gov.br\/portalprimeirainfancia\/wp-content\/uploads\/2025\/04\/primeira-infancia-MAT-1-300x200.jpg 300w, https:\/\/tce.pb.gov.br\/portalprimeirainfancia\/wp-content\/uploads\/2025\/04\/primeira-infancia-MAT-1-768x512.jpg 768w, https:\/\/tce.pb.gov.br\/portalprimeirainfancia\/wp-content\/uploads\/2025\/04\/primeira-infancia-MAT-1-1536x1024.jpg 1536w, https:\/\/tce.pb.gov.br\/portalprimeirainfancia\/wp-content\/uploads\/2025\/04\/primeira-infancia-MAT-1.jpg 1920w\" sizes=\"(max-width: 1024px) 100vw, 1024px\" \/><\/figure>\n\n\n\n<p><br>O presidente do TCE-PB, conselheiro F\u00e1bio Nogueira, disse que o <strong>Pacto Paraibano pela Primeira Inf\u00e2ncia <\/strong>\u00e9 um compromisso entre diversas institui\u00e7\u00f5es, com o objetivo de fortalecer a governan\u00e7a, aprimorar a gest\u00e3o de recursos e ampliar e qualificar os servi\u00e7os das pol\u00edticas p\u00fablicas voltadas para a primeira inf\u00e2ncia.<\/p>\n\n\n\n<p>Al\u00e9m do Tribunal de Contas da Para\u00edba, o Pacto vai contar com a ades\u00e3o do Governo do Estado, das Prefeituras paraibanos, Tribunal de Justi\u00e7a, Minist\u00e9rio P\u00fablico, Defensoria P\u00fablica e Assembleia Legislativa, TCU, Universidades, OAB-PB, , UNICEF, Institui\u00e7\u00f5es federais e privadas tamb\u00e9m est\u00e3o sendo convidadas a participar e apoiar a iniciativa.<br><br>O evento de lan\u00e7amento oficial do Pacto contar\u00e1 com palestras sobre pol\u00edticas p\u00fablicas de melhorias pela primeira inf\u00e2ncia e apresenta\u00e7\u00e3o da Matriz de Planejamento da Auditoria Operacional na Pol\u00edtica pela Primeira Inf\u00e2ncia realizada pelo TCE-PB.<\/p>\n\n\n\n<p>Para esse momento, est\u00e3o sendo convocadas as 223 Prefeituras Municipais. A ideia \u00e9 mobilizar os atores envolvidos, priorizar a gest\u00e3o eficiente dos recursos destinados a essas pol\u00edticas e disseminar boas pr\u00e1ticas e conhecimentos sobre essa fase da vida.<\/p>\n\n\n\n<p>&nbsp;De acordo com o presidente F\u00e1bio Nogueira, \u201ca uni\u00e3o de esfor\u00e7os entre os diversos atores sociais \u00e9 essencial para a efetiva\u00e7\u00e3o dos direitos da primeira inf\u00e2ncia e para o seu desenvolvimento integral, garantindo que cada crian\u00e7a paraibana tenha a oportunidade de alcan\u00e7ar seu pleno potencial\u201d, destacou.<br><br><strong>Assinatura do Pacto <\/strong>&#8211; O documento estabelece diretrizes e a\u00e7\u00f5es priorit\u00e1rias para fortalecer pol\u00edticas p\u00fablicas voltadas \u00e0 primeira inf\u00e2ncia em todo o estado. Entre os principais compromissos assumidos, destacam-se: o cumprimento da Pol\u00edtica Nacional Integrada de Primeira Inf\u00e2ncia e a destina\u00e7\u00e3o de recursos espec\u00edficos nos or\u00e7amentos p\u00fablicos; o combate \u00e0 fome infantil e fortalecimento da alimenta\u00e7\u00e3o escolar na Educa\u00e7\u00e3o Infantil; a cria\u00e7\u00e3o de pol\u00edticas intersetoriais envolvendo educa\u00e7\u00e3o, sa\u00fade e assist\u00eancia social para garantir o desenvolvimento pleno das crian\u00e7as; o direito ao brincar, com a requalifica\u00e7\u00e3o de espa\u00e7os p\u00fablicos para atividades infantis; aten\u00e7\u00e3o \u00e0 sa\u00fade materna e infantil, assegurando atendimento de qualidade no pr\u00e9-natal, parto e puerp\u00e9rio; a Prote\u00e7\u00e3o contra viol\u00eancia e abuso infantil, com a amplia\u00e7\u00e3o de canais de den\u00fancia e programas de acolhimento; e a garantia do registro civil de nascimento e incentivo \u00e0 paternidade respons\u00e1vel.<br><br>Com esse pacto, a Para\u00edba reafirma seu compromisso com a promo\u00e7\u00e3o de pol\u00edticas p\u00fablicas eficazes para a primeira inf\u00e2ncia, assegurando direitos fundamentais e criando condi\u00e7\u00f5es para o pleno desenvolvimento das novas gera\u00e7\u00f5es.<\/p>\n\n\n\n<p>As inscri\u00e7\u00f5es para participar do evento j\u00e1 est\u00e3o abertas. &nbsp;&nbsp;<\/p>\n\n\n\n<p><strong>Link:<\/strong> &nbsp;<a href=\"https:\/\/doity.com.br\/lancamento-do-pacto-paraibano-pela-primeira-infancia-lote1\" target=\"_blank\" rel=\"noreferrer noopener\">https:\/\/doity.com.br\/lancamento-do-pacto-paraibano-pela-primeira-infancia-lote1<\/a><\/p>\n\n\n\n<p><strong>Confira a programa\u00e7\u00e3o do evento de lan\u00e7amento.<\/strong> <a href=\"https:\/\/images2.imgbox.com\/1c\/9d\/se8UR9Uc_o.jpg\">https:\/\/images2.imgbox.com\/1c\/9d\/se8UR9Uc_o.jpg<\/a><\/p>\n\n\n\n<p><\/p>\n","protected":false},"excerpt":{"rendered":"<p>O Tribunal de Contas da Para\u00edba (TCE-PB), com o objetivo de fortalecer as pol\u00edticas p\u00fablicas voltadas ao desenvolvimento infantil, lan\u00e7ar\u00e1 [&hellip;]<\/p>\n","protected":false},"author":6,"featured_media":28656,"comment_status":"open","ping_status":"open","sticky":false,"template":"","format":"standard","meta":{"site-sidebar-layout":"default","site-content-layout":"","ast-site-content-layout":"","site-content-style":"default","site-sidebar-style":"default","ast-global-header-display":"","ast-banner-title-visibility":"","ast-main-header-display":"","ast-hfb-above-header-display":"","ast-hfb-below-header-display":"","ast-hfb-mobile-header-display":"","site-post-title":"","ast-breadcrumbs-content":"","ast-featured-img":"","footer-sml-layout":"","theme-transparent-header-meta":"","adv-header-id-meta":"","stick-header-meta":"","header-above-stick-meta":"","header-main-stick-meta":"","header-below-stick-meta":"","astra-migrate-meta-layouts":"default","ast-page-background-enabled":"default","ast-page-background-meta":{"desktop":{"background-color":"var(--ast-global-color-5)","background-image":"","background-repeat":"repeat","background-position":"center center","background-size":"auto","background-attachment":"scroll","background-type":"","background-media":"","overlay-type":"","overlay-color":"","overlay-opacity":"","overlay-gradient":""},"tablet":{"background-color":"","background-image":"","background-repeat":"repeat","background-position":"center center","background-size":"auto","background-attachment":"scroll","background-type":"","background-media":"","overlay-type":"","overlay-color":"","overlay-opacity":"","overlay-gradient":""},"mobile":{"background-color":"","background-image":"","background-repeat":"repeat","background-position":"center center","background-size":"auto","background-attachment":"scroll","background-type":"","background-media":"","overlay-type":"","overlay-color":"","overlay-opacity":"","overlay-gradient":""}},"ast-content-background-meta":{"desktop":{"background-color":"var(--ast-global-color-4)","background-image":"","background-repeat":"repeat","background-position":"center center","background-size":"auto","background-attachment":"scroll","background-type":"","background-media":"","overlay-type":"","overlay-color":"","overlay-opacity":"","overlay-gradient":""},"tablet":{"background-color":"var(--ast-global-color-4)","background-image":"","background-repeat":"repeat","background-position":"center center","background-size":"auto","background-attachment":"scroll","background-type":"","background-media":"","overlay-type":"","overlay-color":"","overlay-opacity":"","overlay-gradient":""},"mobile":{"background-color":"var(--ast-global-color-4)","background-image":"","background-repeat":"repeat","background-position":"center center","background-size":"auto","background-attachment":"scroll","background-type":"","background-media":"","overlay-type":"","overlay-color":"","overlay-opacity":"","overlay-gradient":""}},"_jetpack_memberships_contains_paid_content":false,"footnotes":""},"categories":[24,7],"tags":[],"class_list":["post-28654","post","type-post","status-publish","format-standard","has-post-thumbnail","hentry","category-destaques","category-noticias"],"yoast_head":"<!-- This site is optimized with the Yoast SEO plugin v27.5 - https:\/\/yoast.com\/product\/yoast-seo-wordpress\/ -->\n<title>Tribunal de Contas da Para\u00edba lan\u00e7a Pacto Paraibano pela Primeira Inf\u00e2ncia no dia 28 de abril %<\/title>\n<meta name=\"description\" content=\"Tribunal de Contas da Para\u00edba lan\u00e7a Pacto Paraibano pela Primeira Inf\u00e2ncia no dia 28 de abril %\" \/>\n<meta name=\"robots\" content=\"index, follow, max-snippet:-1, max-image-preview:large, max-video-preview:-1\" \/>\n<link rel=\"canonical\" href=\"https:\/\/tce.pb.gov.br\/portalprimeirainfancia\/tribunal-de-contas-da-paraiba-lanca-pacto-paraibano-pela-primeira-infancia-dia-28-de-abril\/\" \/>\n<meta property=\"og:locale\" content=\"pt_BR\" \/>\n<meta property=\"og:type\" content=\"article\" \/>\n<meta property=\"og:title\" content=\"Tribunal de Contas da Para\u00edba lan\u00e7a Pacto Paraibano pela Primeira Inf\u00e2ncia no dia 28 de abril %\" \/>\n<meta property=\"og:description\" content=\"Tribunal de Contas da Para\u00edba lan\u00e7a Pacto Paraibano pela Primeira Inf\u00e2ncia no dia 28 de abril %\" \/>\n<meta property=\"og:url\" content=\"https:\/\/tce.pb.gov.br\/portalprimeirainfancia\/tribunal-de-contas-da-paraiba-lanca-pacto-paraibano-pela-primeira-infancia-dia-28-de-abril\/\" \/>\n<meta property=\"og:site_name\" content=\"Pacto Paraibano pela Primeira Inf\u00e2ncia\" \/>\n<meta property=\"article:published_time\" content=\"2025-04-04T17:39:34+00:00\" \/>\n<meta property=\"og:image\" content=\"https:\/\/tce.pb.gov.br\/portalprimeirainfancia\/wp-content\/uploads\/2025\/04\/primeira-infancia-MAT-1.jpg\" \/>\n\t<meta property=\"og:image:width\" content=\"1920\" \/>\n\t<meta property=\"og:image:height\" content=\"1280\" \/>\n\t<meta property=\"og:image:type\" content=\"image\/jpeg\" \/>\n<meta name=\"author\" content=\"Rafael Massoni\" \/>\n<meta name=\"twitter:card\" content=\"summary_large_image\" \/>\n<meta name=\"twitter:label1\" content=\"Escrito por\" \/>\n\t<meta name=\"twitter:data1\" content=\"Rafael Massoni\" \/>\n\t<meta name=\"twitter:label2\" content=\"Est. tempo de leitura\" \/>\n\t<meta name=\"twitter:data2\" content=\"3 minutos\" \/>\n<script type=\"application\/ld+json\" class=\"yoast-schema-graph\">{\"@context\":\"https:\\\/\\\/schema.org\",\"@graph\":[{\"@type\":\"NewsArticle\",\"@id\":\"https:\\\/\\\/tce.pb.gov.br\\\/portalprimeirainfancia\\\/tribunal-de-contas-da-paraiba-lanca-pacto-paraibano-pela-primeira-infancia-dia-28-de-abril\\\/#article\",\"isPartOf\":{\"@id\":\"https:\\\/\\\/tce.pb.gov.br\\\/portalprimeirainfancia\\\/tribunal-de-contas-da-paraiba-lanca-pacto-paraibano-pela-primeira-infancia-dia-28-de-abril\\\/\"},\"author\":{\"name\":\"Rafael Massoni\",\"@id\":\"https:\\\/\\\/tce.pb.gov.br\\\/portalprimeirainfancia\\\/#\\\/schema\\\/person\\\/6a39eea5836dda604de1c5e5b7d62141\"},\"headline\":\"Tribunal de Contas da Para\u00edba lan\u00e7a Pacto Paraibano pela Primeira Inf\u00e2ncia no dia 28 de abril\",\"datePublished\":\"2025-04-04T17:39:34+00:00\",\"mainEntityOfPage\":{\"@id\":\"https:\\\/\\\/tce.pb.gov.br\\\/portalprimeirainfancia\\\/tribunal-de-contas-da-paraiba-lanca-pacto-paraibano-pela-primeira-infancia-dia-28-de-abril\\\/\"},\"wordCount\":578,\"commentCount\":0,\"publisher\":{\"@id\":\"https:\\\/\\\/tce.pb.gov.br\\\/portalprimeirainfancia\\\/#organization\"},\"image\":{\"@id\":\"https:\\\/\\\/tce.pb.gov.br\\\/portalprimeirainfancia\\\/tribunal-de-contas-da-paraiba-lanca-pacto-paraibano-pela-primeira-infancia-dia-28-de-abril\\\/#primaryimage\"},\"thumbnailUrl\":\"https:\\\/\\\/tce.pb.gov.br\\\/portalprimeirainfancia\\\/wp-content\\\/uploads\\\/2025\\\/04\\\/primeira-infancia-MAT-1.jpg\",\"articleSection\":[\"Destaques\",\"Not\u00edcias\"],\"inLanguage\":\"pt-BR\",\"potentialAction\":[{\"@type\":\"CommentAction\",\"name\":\"Comment\",\"target\":[\"https:\\\/\\\/tce.pb.gov.br\\\/portalprimeirainfancia\\\/tribunal-de-contas-da-paraiba-lanca-pacto-paraibano-pela-primeira-infancia-dia-28-de-abril\\\/#respond\"]}]},{\"@type\":\"WebPage\",\"@id\":\"https:\\\/\\\/tce.pb.gov.br\\\/portalprimeirainfancia\\\/tribunal-de-contas-da-paraiba-lanca-pacto-paraibano-pela-primeira-infancia-dia-28-de-abril\\\/\",\"url\":\"https:\\\/\\\/tce.pb.gov.br\\\/portalprimeirainfancia\\\/tribunal-de-contas-da-paraiba-lanca-pacto-paraibano-pela-primeira-infancia-dia-28-de-abril\\\/\",\"name\":\"Tribunal de Contas da Para\u00edba lan\u00e7a Pacto Paraibano pela Primeira Inf\u00e2ncia no dia 28 de abril %\",\"isPartOf\":{\"@id\":\"https:\\\/\\\/tce.pb.gov.br\\\/portalprimeirainfancia\\\/#website\"},\"primaryImageOfPage\":{\"@id\":\"https:\\\/\\\/tce.pb.gov.br\\\/portalprimeirainfancia\\\/tribunal-de-contas-da-paraiba-lanca-pacto-paraibano-pela-primeira-infancia-dia-28-de-abril\\\/#primaryimage\"},\"image\":{\"@id\":\"https:\\\/\\\/tce.pb.gov.br\\\/portalprimeirainfancia\\\/tribunal-de-contas-da-paraiba-lanca-pacto-paraibano-pela-primeira-infancia-dia-28-de-abril\\\/#primaryimage\"},\"thumbnailUrl\":\"https:\\\/\\\/tce.pb.gov.br\\\/portalprimeirainfancia\\\/wp-content\\\/uploads\\\/2025\\\/04\\\/primeira-infancia-MAT-1.jpg\",\"datePublished\":\"2025-04-04T17:39:34+00:00\",\"description\":\"Tribunal de Contas da Para\u00edba lan\u00e7a Pacto Paraibano pela Primeira Inf\u00e2ncia no dia 28 de abril %\",\"breadcrumb\":{\"@id\":\"https:\\\/\\\/tce.pb.gov.br\\\/portalprimeirainfancia\\\/tribunal-de-contas-da-paraiba-lanca-pacto-paraibano-pela-primeira-infancia-dia-28-de-abril\\\/#breadcrumb\"},\"inLanguage\":\"pt-BR\",\"potentialAction\":[{\"@type\":\"ReadAction\",\"target\":[\"https:\\\/\\\/tce.pb.gov.br\\\/portalprimeirainfancia\\\/tribunal-de-contas-da-paraiba-lanca-pacto-paraibano-pela-primeira-infancia-dia-28-de-abril\\\/\"]}]},{\"@type\":\"ImageObject\",\"inLanguage\":\"pt-BR\",\"@id\":\"https:\\\/\\\/tce.pb.gov.br\\\/portalprimeirainfancia\\\/tribunal-de-contas-da-paraiba-lanca-pacto-paraibano-pela-primeira-infancia-dia-28-de-abril\\\/#primaryimage\",\"url\":\"https:\\\/\\\/tce.pb.gov.br\\\/portalprimeirainfancia\\\/wp-content\\\/uploads\\\/2025\\\/04\\\/primeira-infancia-MAT-1.jpg\",\"contentUrl\":\"https:\\\/\\\/tce.pb.gov.br\\\/portalprimeirainfancia\\\/wp-content\\\/uploads\\\/2025\\\/04\\\/primeira-infancia-MAT-1.jpg\",\"width\":1920,\"height\":1280},{\"@type\":\"BreadcrumbList\",\"@id\":\"https:\\\/\\\/tce.pb.gov.br\\\/portalprimeirainfancia\\\/tribunal-de-contas-da-paraiba-lanca-pacto-paraibano-pela-primeira-infancia-dia-28-de-abril\\\/#breadcrumb\",\"itemListElement\":[{\"@type\":\"ListItem\",\"position\":1,\"name\":\"In\u00edcio\",\"item\":\"https:\\\/\\\/tce.pb.gov.br\\\/portalprimeirainfancia\\\/\"},{\"@type\":\"ListItem\",\"position\":2,\"name\":\"Tribunal de Contas da Para\u00edba lan\u00e7a Pacto Paraibano pela Primeira Inf\u00e2ncia no dia 28 de abril\"}]},{\"@type\":\"WebSite\",\"@id\":\"https:\\\/\\\/tce.pb.gov.br\\\/portalprimeirainfancia\\\/#website\",\"url\":\"https:\\\/\\\/tce.pb.gov.br\\\/portalprimeirainfancia\\\/\",\"name\":\"Pacto Paraibano pela Primeira Inf\u00e2ncia\",\"description\":\"Portal para divulga\u00e7\u00e3o do Pacto Paraibano pela Primeira Inf\u00e2ncia\",\"publisher\":{\"@id\":\"https:\\\/\\\/tce.pb.gov.br\\\/portalprimeirainfancia\\\/#organization\"},\"potentialAction\":[{\"@type\":\"SearchAction\",\"target\":{\"@type\":\"EntryPoint\",\"urlTemplate\":\"https:\\\/\\\/tce.pb.gov.br\\\/portalprimeirainfancia\\\/?s={search_term_string}\"},\"query-input\":{\"@type\":\"PropertyValueSpecification\",\"valueRequired\":true,\"valueName\":\"search_term_string\"}}],\"inLanguage\":\"pt-BR\"},{\"@type\":\"Organization\",\"@id\":\"https:\\\/\\\/tce.pb.gov.br\\\/portalprimeirainfancia\\\/#organization\",\"name\":\"Pacto Paraibano pela Primeira Inf\u00e2ncia\",\"alternateName\":\"TCE-PB\",\"url\":\"https:\\\/\\\/tce.pb.gov.br\\\/portalprimeirainfancia\\\/\",\"logo\":{\"@type\":\"ImageObject\",\"inLanguage\":\"pt-BR\",\"@id\":\"https:\\\/\\\/tce.pb.gov.br\\\/portalprimeirainfancia\\\/#\\\/schema\\\/logo\\\/image\\\/\",\"url\":\"https:\\\/\\\/tce.pb.gov.br\\\/portalprimeirainfancia\\\/wp-content\\\/uploads\\\/2025\\\/05\\\/Pacto-Whatsapp.png\",\"contentUrl\":\"https:\\\/\\\/tce.pb.gov.br\\\/portalprimeirainfancia\\\/wp-content\\\/uploads\\\/2025\\\/05\\\/Pacto-Whatsapp.png\",\"width\":427,\"height\":427,\"caption\":\"Pacto Paraibano pela Primeira Inf\u00e2ncia\"},\"image\":{\"@id\":\"https:\\\/\\\/tce.pb.gov.br\\\/portalprimeirainfancia\\\/#\\\/schema\\\/logo\\\/image\\\/\"},\"sameAs\":[\"https:\\\/\\\/www.instagram.com\\\/tcepb\\\/\"]},{\"@type\":\"Person\",\"@id\":\"https:\\\/\\\/tce.pb.gov.br\\\/portalprimeirainfancia\\\/#\\\/schema\\\/person\\\/6a39eea5836dda604de1c5e5b7d62141\",\"name\":\"Rafael Massoni\"}]}<\/script>\n<!-- \/ Yoast SEO plugin. -->","yoast_head_json":{"title":"Tribunal de Contas da Para\u00edba lan\u00e7a Pacto Paraibano pela Primeira Inf\u00e2ncia no dia 28 de abril %","description":"Tribunal de Contas da Para\u00edba lan\u00e7a Pacto Paraibano pela Primeira Inf\u00e2ncia no dia 28 de abril %","robots":{"index":"index","follow":"follow","max-snippet":"max-snippet:-1","max-image-preview":"max-image-preview:large","max-video-preview":"max-video-preview:-1"},"canonical":"https:\/\/tce.pb.gov.br\/portalprimeirainfancia\/tribunal-de-contas-da-paraiba-lanca-pacto-paraibano-pela-primeira-infancia-dia-28-de-abril\/","og_locale":"pt_BR","og_type":"article","og_title":"Tribunal de Contas da Para\u00edba lan\u00e7a Pacto Paraibano pela Primeira Inf\u00e2ncia no dia 28 de abril %","og_description":"Tribunal de Contas da Para\u00edba lan\u00e7a Pacto Paraibano pela Primeira Inf\u00e2ncia no dia 28 de abril %","og_url":"https:\/\/tce.pb.gov.br\/portalprimeirainfancia\/tribunal-de-contas-da-paraiba-lanca-pacto-paraibano-pela-primeira-infancia-dia-28-de-abril\/","og_site_name":"Pacto Paraibano pela Primeira Inf\u00e2ncia","article_published_time":"2025-04-04T17:39:34+00:00","og_image":[{"width":1920,"height":1280,"url":"https:\/\/tce.pb.gov.br\/portalprimeirainfancia\/wp-content\/uploads\/2025\/04\/primeira-infancia-MAT-1.jpg","type":"image\/jpeg"}],"author":"Rafael Massoni","twitter_card":"summary_large_image","twitter_misc":{"Escrito por":"Rafael Massoni","Est. tempo de leitura":"3 minutos"},"schema":{"@context":"https:\/\/schema.org","@graph":[{"@type":"NewsArticle","@id":"https:\/\/tce.pb.gov.br\/portalprimeirainfancia\/tribunal-de-contas-da-paraiba-lanca-pacto-paraibano-pela-primeira-infancia-dia-28-de-abril\/#article","isPartOf":{"@id":"https:\/\/tce.pb.gov.br\/portalprimeirainfancia\/tribunal-de-contas-da-paraiba-lanca-pacto-paraibano-pela-primeira-infancia-dia-28-de-abril\/"},"author":{"name":"Rafael Massoni","@id":"https:\/\/tce.pb.gov.br\/portalprimeirainfancia\/#\/schema\/person\/6a39eea5836dda604de1c5e5b7d62141"},"headline":"Tribunal de Contas da Para\u00edba lan\u00e7a Pacto Paraibano pela Primeira Inf\u00e2ncia no dia 28 de abril","datePublished":"2025-04-04T17:39:34+00:00","mainEntityOfPage":{"@id":"https:\/\/tce.pb.gov.br\/portalprimeirainfancia\/tribunal-de-contas-da-paraiba-lanca-pacto-paraibano-pela-primeira-infancia-dia-28-de-abril\/"},"wordCount":578,"commentCount":0,"publisher":{"@id":"https:\/\/tce.pb.gov.br\/portalprimeirainfancia\/#organization"},"image":{"@id":"https:\/\/tce.pb.gov.br\/portalprimeirainfancia\/tribunal-de-contas-da-paraiba-lanca-pacto-paraibano-pela-primeira-infancia-dia-28-de-abril\/#primaryimage"},"thumbnailUrl":"https:\/\/tce.pb.gov.br\/portalprimeirainfancia\/wp-content\/uploads\/2025\/04\/primeira-infancia-MAT-1.jpg","articleSection":["Destaques","Not\u00edcias"],"inLanguage":"pt-BR","potentialAction":[{"@type":"CommentAction","name":"Comment","target":["https:\/\/tce.pb.gov.br\/portalprimeirainfancia\/tribunal-de-contas-da-paraiba-lanca-pacto-paraibano-pela-primeira-infancia-dia-28-de-abril\/#respond"]}]},{"@type":"WebPage","@id":"https:\/\/tce.pb.gov.br\/portalprimeirainfancia\/tribunal-de-contas-da-paraiba-lanca-pacto-paraibano-pela-primeira-infancia-dia-28-de-abril\/","url":"https:\/\/tce.pb.gov.br\/portalprimeirainfancia\/tribunal-de-contas-da-paraiba-lanca-pacto-paraibano-pela-primeira-infancia-dia-28-de-abril\/","name":"Tribunal de Contas da Para\u00edba lan\u00e7a Pacto Paraibano pela Primeira Inf\u00e2ncia no dia 28 de abril %","isPartOf":{"@id":"https:\/\/tce.pb.gov.br\/portalprimeirainfancia\/#website"},"primaryImageOfPage":{"@id":"https:\/\/tce.pb.gov.br\/portalprimeirainfancia\/tribunal-de-contas-da-paraiba-lanca-pacto-paraibano-pela-primeira-infancia-dia-28-de-abril\/#primaryimage"},"image":{"@id":"https:\/\/tce.pb.gov.br\/portalprimeirainfancia\/tribunal-de-contas-da-paraiba-lanca-pacto-paraibano-pela-primeira-infancia-dia-28-de-abril\/#primaryimage"},"thumbnailUrl":"https:\/\/tce.pb.gov.br\/portalprimeirainfancia\/wp-content\/uploads\/2025\/04\/primeira-infancia-MAT-1.jpg","datePublished":"2025-04-04T17:39:34+00:00","description":"Tribunal de Contas da Para\u00edba lan\u00e7a Pacto Paraibano pela Primeira Inf\u00e2ncia no dia 28 de abril %","breadcrumb":{"@id":"https:\/\/tce.pb.gov.br\/portalprimeirainfancia\/tribunal-de-contas-da-paraiba-lanca-pacto-paraibano-pela-primeira-infancia-dia-28-de-abril\/#breadcrumb"},"inLanguage":"pt-BR","potentialAction":[{"@type":"ReadAction","target":["https:\/\/tce.pb.gov.br\/portalprimeirainfancia\/tribunal-de-contas-da-paraiba-lanca-pacto-paraibano-pela-primeira-infancia-dia-28-de-abril\/"]}]},{"@type":"ImageObject","inLanguage":"pt-BR","@id":"https:\/\/tce.pb.gov.br\/portalprimeirainfancia\/tribunal-de-contas-da-paraiba-lanca-pacto-paraibano-pela-primeira-infancia-dia-28-de-abril\/#primaryimage","url":"https:\/\/tce.pb.gov.br\/portalprimeirainfancia\/wp-content\/uploads\/2025\/04\/primeira-infancia-MAT-1.jpg","contentUrl":"https:\/\/tce.pb.gov.br\/portalprimeirainfancia\/wp-content\/uploads\/2025\/04\/primeira-infancia-MAT-1.jpg","width":1920,"height":1280},{"@type":"BreadcrumbList","@id":"https:\/\/tce.pb.gov.br\/portalprimeirainfancia\/tribunal-de-contas-da-paraiba-lanca-pacto-paraibano-pela-primeira-infancia-dia-28-de-abril\/#breadcrumb","itemListElement":[{"@type":"ListItem","position":1,"name":"In\u00edcio","item":"https:\/\/tce.pb.gov.br\/portalprimeirainfancia\/"},{"@type":"ListItem","position":2,"name":"Tribunal de Contas da Para\u00edba lan\u00e7a Pacto Paraibano pela Primeira Inf\u00e2ncia no dia 28 de abril"}]},{"@type":"WebSite","@id":"https:\/\/tce.pb.gov.br\/portalprimeirainfancia\/#website","url":"https:\/\/tce.pb.gov.br\/portalprimeirainfancia\/","name":"Pacto Paraibano pela Primeira Inf\u00e2ncia","description":"Portal para divulga\u00e7\u00e3o do Pacto Paraibano pela Primeira Inf\u00e2ncia","publisher":{"@id":"https:\/\/tce.pb.gov.br\/portalprimeirainfancia\/#organization"},"potentialAction":[{"@type":"SearchAction","target":{"@type":"EntryPoint","urlTemplate":"https:\/\/tce.pb.gov.br\/portalprimeirainfancia\/?s={search_term_string}"},"query-input":{"@type":"PropertyValueSpecification","valueRequired":true,"valueName":"search_term_string"}}],"inLanguage":"pt-BR"},{"@type":"Organization","@id":"https:\/\/tce.pb.gov.br\/portalprimeirainfancia\/#organization","name":"Pacto Paraibano pela Primeira Inf\u00e2ncia","alternateName":"TCE-PB","url":"https:\/\/tce.pb.gov.br\/portalprimeirainfancia\/","logo":{"@type":"ImageObject","inLanguage":"pt-BR","@id":"https:\/\/tce.pb.gov.br\/portalprimeirainfancia\/#\/schema\/logo\/image\/","url":"https:\/\/tce.pb.gov.br\/portalprimeirainfancia\/wp-content\/uploads\/2025\/05\/Pacto-Whatsapp.png","contentUrl":"https:\/\/tce.pb.gov.br\/portalprimeirainfancia\/wp-content\/uploads\/2025\/05\/Pacto-Whatsapp.png","width":427,"height":427,"caption":"Pacto Paraibano pela Primeira Inf\u00e2ncia"},"image":{"@id":"https:\/\/tce.pb.gov.br\/portalprimeirainfancia\/#\/schema\/logo\/image\/"},"sameAs":["https:\/\/www.instagram.com\/tcepb\/"]},{"@type":"Person","@id":"https:\/\/tce.pb.gov.br\/portalprimeirainfancia\/#\/schema\/person\/6a39eea5836dda604de1c5e5b7d62141","name":"Rafael Massoni"}]}},"jetpack_featured_media_url":"https:\/\/tce.pb.gov.br\/portalprimeirainfancia\/wp-content\/uploads\/2025\/04\/primeira-infancia-MAT-1.jpg","jetpack_sharing_enabled":true,"_links":{"self":[{"href":"https:\/\/tce.pb.gov.br\/portalprimeirainfancia\/wp-json\/wp\/v2\/posts\/28654","targetHints":{"allow":["GET"]}}],"collection":[{"href":"https:\/\/tce.pb.gov.br\/portalprimeirainfancia\/wp-json\/wp\/v2\/posts"}],"about":[{"href":"https:\/\/tce.pb.gov.br\/portalprimeirainfancia\/wp-json\/wp\/v2\/types\/post"}],"author":[{"embeddable":true,"href":"https:\/\/tce.pb.gov.br\/portalprimeirainfancia\/wp-json\/wp\/v2\/users\/6"}],"replies":[{"embeddable":true,"href":"https:\/\/tce.pb.gov.br\/portalprimeirainfancia\/wp-json\/wp\/v2\/comments?post=28654"}],"version-history":[{"count":0,"href":"https:\/\/tce.pb.gov.br\/portalprimeirainfancia\/wp-json\/wp\/v2\/posts\/28654\/revisions"}],"wp:featuredmedia":[{"embeddable":true,"href":"https:\/\/tce.pb.gov.br\/portalprimeirainfancia\/wp-json\/wp\/v2\/media\/28656"}],"wp:attachment":[{"href":"https:\/\/tce.pb.gov.br\/portalprimeirainfancia\/wp-json\/wp\/v2\/media?parent=28654"}],"wp:term":[{"taxonomy":"category","embeddable":true,"href":"https:\/\/tce.pb.gov.br\/portalprimeirainfancia\/wp-json\/wp\/v2\/categories?post=28654"},{"taxonomy":"post_tag","embeddable":true,"href":"https:\/\/tce.pb.gov.br\/portalprimeirainfancia\/wp-json\/wp\/v2\/tags?post=28654"}],"curies":[{"name":"wp","href":"https:\/\/api.w.org\/{rel}","templated":true}]}}