{"id":28592,"date":"2025-04-02T15:35:32","date_gmt":"2025-04-02T18:35:32","guid":{"rendered":"https:\/\/tce.pb.gov.br\/?p=28592"},"modified":"2025-04-02T15:35:32","modified_gmt":"2025-04-02T18:35:32","slug":"tce-pb-discute-pacto-pela-primeira-infancia-com-secretario-de-estado-da-educacao-2","status":"publish","type":"post","link":"https:\/\/tce.pb.gov.br\/portalprimeirainfancia\/tce-pb-discute-pacto-pela-primeira-infancia-com-secretario-de-estado-da-educacao-2\/","title":{"rendered":"TCE-PB discute Pacto pela Primeira Inf\u00e2ncia com secret\u00e1rio de Estado da Educa\u00e7\u00e3o"},"content":{"rendered":"\n<figure class=\"wp-block-image size-large\"><img fetchpriority=\"high\" decoding=\"async\" width=\"1024\" height=\"683\" src=\"https:\/\/tce.pb.gov.br\/wp-content\/uploads\/2025\/04\/Reuniao-TCE-PB-e-Sec.-Educacao-3-1024x683.jpg\" alt=\"\" class=\"wp-image-28593\" srcset=\"https:\/\/tce.pb.gov.br\/portalprimeirainfancia\/wp-content\/uploads\/2025\/04\/Reuniao-TCE-PB-e-Sec.-Educacao-3-1024x683.jpg 1024w, https:\/\/tce.pb.gov.br\/portalprimeirainfancia\/wp-content\/uploads\/2025\/04\/Reuniao-TCE-PB-e-Sec.-Educacao-3-300x200.jpg 300w, https:\/\/tce.pb.gov.br\/portalprimeirainfancia\/wp-content\/uploads\/2025\/04\/Reuniao-TCE-PB-e-Sec.-Educacao-3-768x512.jpg 768w, https:\/\/tce.pb.gov.br\/portalprimeirainfancia\/wp-content\/uploads\/2025\/04\/Reuniao-TCE-PB-e-Sec.-Educacao-3-1536x1024.jpg 1536w, https:\/\/tce.pb.gov.br\/portalprimeirainfancia\/wp-content\/uploads\/2025\/04\/Reuniao-TCE-PB-e-Sec.-Educacao-3.jpg 2048w\" sizes=\"(max-width: 1024px) 100vw, 1024px\" \/><\/figure>\n\n\n\n<p>A Primeira Inf\u00e2ncia tem sido um dos pilares da atual gest\u00e3o do Tribunal de Contas da Para\u00edba (TCE-PB), que tem promovido uma s\u00e9rie de reuni\u00f5es para debater pol\u00edticas p\u00fablicas voltadas a essa fase inicial da vida. Nesta quarta-feira (02), o presidente do TCE-PB, conselheiro F\u00e1bio Nogueira, recebeu o secret\u00e1rio de Estado da Educa\u00e7\u00e3o, Wilson Santiago Filho, acompanhado dos secret\u00e1rios-executivos Erivonaldo Alves e Polyana Loreto, para tratar da implementa\u00e7\u00e3o do Pacto pela Primeira Inf\u00e2ncia.<\/p>\n\n\n\n<p>Durante o encontro, o presidente F\u00e1bio Nogueira detalhou o lan\u00e7amento do <strong>Pacto Paraibano pela Primeira Inf\u00e2ncia<\/strong>, agendado para o dia 28 de abril, no Teatro Pedra do Reino, em Jo\u00e3o Pessoa. A iniciativa, que conta com a colabora\u00e7\u00e3o de diversos \u00f3rg\u00e3os e entidades envolvidos com o tema, \u00e9 um esfor\u00e7o conjunto para fortalecer a governan\u00e7a e aprimorar a gest\u00e3o de recursos, com o objetivo de ampliar e qualificar os servi\u00e7os das pol\u00edticas p\u00fablicas voltadas aos primeiros anos de vida.<\/p>\n\n\n\n<p>O Pacto visa estabelecer um compromisso entre diversas institui\u00e7\u00f5es, sob a coordena\u00e7\u00e3o do TCE-PB, para garantir o cumprimento dos direitos das crian\u00e7as e engajar as gest\u00f5es municipais na promo\u00e7\u00e3o do desenvolvimento infantil. O grupo de trabalho do TCE-PB que lidera essa iniciativa \u00e9 coordenado pelo conselheiro Andr\u00e9 Carlo Torres Pontes.<\/p>\n\n\n\n<p>O secret\u00e1rio Wilson Filho, defensor da causa, destacou a import\u00e2ncia de pol\u00edticas p\u00fablicas integradas para assegurar o desenvolvimento pleno das crian\u00e7as nos primeiros anos de vida. &#8220;Esta \u00e9 uma iniciativa de grande relev\u00e2ncia promovida pelo Tribunal de Contas, que re\u00fane diversas institui\u00e7\u00f5es em uma a\u00e7\u00e3o priorit\u00e1ria para a primeira inf\u00e2ncia. Sem d\u00favida, fortalecer\u00e1 os demais n\u00edveis de ensino, reduzindo desigualdades e transformando a vida das nossas crian\u00e7as e jovens por meio da educa\u00e7\u00e3o&#8221;, afirmou.<\/p>\n\n\n\n<p>O Pacto contar\u00e1 com o apoio do Governo do Estado, dos munic\u00edpios paraibanos, do Tribunal de Justi\u00e7a, do Minist\u00e9rio P\u00fablico, da Defensoria P\u00fablica, da Assembleia Legislativa e de diversas universidades. A Ordem dos Advogados do Brasil (OAB), al\u00e9m de institui\u00e7\u00f5es federais e privadas, tamb\u00e9m est\u00e3o sendo convidadas a aderir e apoiar essa importante iniciativa.<\/p>\n\n\n\n<p>Tamb\u00e9m participaram do momento o diretor da Auditoria e Fiscaliza\u00e7\u00e3o, Eduardo Albuquerque e o auditor de controle externo Leonardo Rodrigues da Silveira.<\/p>\n\n\n\n<figure class=\"wp-block-gallery has-nested-images columns-default is-cropped wp-block-gallery-1 is-layout-flex wp-block-gallery-is-layout-flex\">\n<figure class=\"wp-block-image size-large\"><img decoding=\"async\" width=\"1024\" height=\"683\" data-id=\"28594\" src=\"https:\/\/tce.pb.gov.br\/wp-content\/uploads\/2025\/04\/Reuniao-TCE-PB-e-Sec.-Educacao-1-1024x683.jpg\" alt=\"\" class=\"wp-image-28594\" srcset=\"https:\/\/tce.pb.gov.br\/portalprimeirainfancia\/wp-content\/uploads\/2025\/04\/Reuniao-TCE-PB-e-Sec.-Educacao-1-1024x683.jpg 1024w, https:\/\/tce.pb.gov.br\/portalprimeirainfancia\/wp-content\/uploads\/2025\/04\/Reuniao-TCE-PB-e-Sec.-Educacao-1-300x200.jpg 300w, https:\/\/tce.pb.gov.br\/portalprimeirainfancia\/wp-content\/uploads\/2025\/04\/Reuniao-TCE-PB-e-Sec.-Educacao-1-768x512.jpg 768w, https:\/\/tce.pb.gov.br\/portalprimeirainfancia\/wp-content\/uploads\/2025\/04\/Reuniao-TCE-PB-e-Sec.-Educacao-1-1536x1024.jpg 1536w, https:\/\/tce.pb.gov.br\/portalprimeirainfancia\/wp-content\/uploads\/2025\/04\/Reuniao-TCE-PB-e-Sec.-Educacao-1.jpg 2048w\" sizes=\"(max-width: 1024px) 100vw, 1024px\" \/><\/figure>\n\n\n\n<figure class=\"wp-block-image size-large\"><img decoding=\"async\" width=\"1024\" height=\"683\" data-id=\"28595\" src=\"https:\/\/tce.pb.gov.br\/wp-content\/uploads\/2025\/04\/Reuniao-TCE-PB-e-Sec.-Educacao-2-1024x683.jpg\" alt=\"\" class=\"wp-image-28595\" srcset=\"https:\/\/tce.pb.gov.br\/portalprimeirainfancia\/wp-content\/uploads\/2025\/04\/Reuniao-TCE-PB-e-Sec.-Educacao-2-1024x683.jpg 1024w, https:\/\/tce.pb.gov.br\/portalprimeirainfancia\/wp-content\/uploads\/2025\/04\/Reuniao-TCE-PB-e-Sec.-Educacao-2-300x200.jpg 300w, https:\/\/tce.pb.gov.br\/portalprimeirainfancia\/wp-content\/uploads\/2025\/04\/Reuniao-TCE-PB-e-Sec.-Educacao-2-768x512.jpg 768w, https:\/\/tce.pb.gov.br\/portalprimeirainfancia\/wp-content\/uploads\/2025\/04\/Reuniao-TCE-PB-e-Sec.-Educacao-2-1536x1024.jpg 1536w, https:\/\/tce.pb.gov.br\/portalprimeirainfancia\/wp-content\/uploads\/2025\/04\/Reuniao-TCE-PB-e-Sec.-Educacao-2.jpg 2048w\" sizes=\"(max-width: 1024px) 100vw, 1024px\" \/><\/figure>\n<\/figure>\n\n\n\n<p><\/p>\n","protected":false},"excerpt":{"rendered":"<p>A Primeira Inf\u00e2ncia tem sido um dos pilares da atual gest\u00e3o do Tribunal de Contas da Para\u00edba (TCE-PB), que tem [&hellip;]<\/p>\n","protected":false},"author":6,"featured_media":28593,"comment_status":"open","ping_status":"open","sticky":false,"template":"","format":"standard","meta":{"site-sidebar-layout":"default","site-content-layout":"","ast-site-content-layout":"","site-content-style":"default","site-sidebar-style":"default","ast-global-header-display":"","ast-banner-title-visibility":"","ast-main-header-display":"","ast-hfb-above-header-display":"","ast-hfb-below-header-display":"","ast-hfb-mobile-header-display":"","site-post-title":"","ast-breadcrumbs-content":"","ast-featured-img":"","footer-sml-layout":"","theme-transparent-header-meta":"","adv-header-id-meta":"","stick-header-meta":"","header-above-stick-meta":"","header-main-stick-meta":"","header-below-stick-meta":"","astra-migrate-meta-layouts":"default","ast-page-background-enabled":"default","ast-page-background-meta":{"desktop":{"background-color":"var(--ast-global-color-5)","background-image":"","background-repeat":"repeat","background-position":"center center","background-size":"auto","background-attachment":"scroll","background-type":"","background-media":"","overlay-type":"","overlay-color":"","overlay-opacity":"","overlay-gradient":""},"tablet":{"background-color":"","background-image":"","background-repeat":"repeat","background-position":"center center","background-size":"auto","background-attachment":"scroll","background-type":"","background-media":"","overlay-type":"","overlay-color":"","overlay-opacity":"","overlay-gradient":""},"mobile":{"background-color":"","background-image":"","background-repeat":"repeat","background-position":"center center","background-size":"auto","background-attachment":"scroll","background-type":"","background-media":"","overlay-type":"","overlay-color":"","overlay-opacity":"","overlay-gradient":""}},"ast-content-background-meta":{"desktop":{"background-color":"var(--ast-global-color-4)","background-image":"","background-repeat":"repeat","background-position":"center center","background-size":"auto","background-attachment":"scroll","background-type":"","background-media":"","overlay-type":"","overlay-color":"","overlay-opacity":"","overlay-gradient":""},"tablet":{"background-color":"var(--ast-global-color-4)","background-image":"","background-repeat":"repeat","background-position":"center center","background-size":"auto","background-attachment":"scroll","background-type":"","background-media":"","overlay-type":"","overlay-color":"","overlay-opacity":"","overlay-gradient":""},"mobile":{"background-color":"var(--ast-global-color-4)","background-image":"","background-repeat":"repeat","background-position":"center center","background-size":"auto","background-attachment":"scroll","background-type":"","background-media":"","overlay-type":"","overlay-color":"","overlay-opacity":"","overlay-gradient":""}},"_jetpack_memberships_contains_paid_content":false,"footnotes":""},"categories":[24,7],"tags":[],"class_list":["post-28592","post","type-post","status-publish","format-standard","has-post-thumbnail","hentry","category-destaques","category-noticias"],"yoast_head":"<!-- This site is optimized with the Yoast SEO plugin v27.5 - https:\/\/yoast.com\/product\/yoast-seo-wordpress\/ -->\n<title>TCE-PB discute Pacto pela Primeira Inf\u00e2ncia com secret\u00e1rio de Estado da Educa\u00e7\u00e3o %<\/title>\n<meta name=\"description\" content=\"TCE-PB discute Pacto pela Primeira Inf\u00e2ncia com secret\u00e1rio de Estado da Educa\u00e7\u00e3o %\" \/>\n<meta name=\"robots\" content=\"index, follow, max-snippet:-1, max-image-preview:large, max-video-preview:-1\" \/>\n<link rel=\"canonical\" href=\"https:\/\/tce.pb.gov.br\/portalprimeirainfancia\/tce-pb-discute-pacto-pela-primeira-infancia-com-secretario-de-estado-da-educacao-2\/\" \/>\n<meta property=\"og:locale\" content=\"pt_BR\" \/>\n<meta property=\"og:type\" content=\"article\" \/>\n<meta property=\"og:title\" content=\"TCE-PB discute Pacto pela Primeira Inf\u00e2ncia com secret\u00e1rio de Estado da Educa\u00e7\u00e3o %\" \/>\n<meta property=\"og:description\" content=\"TCE-PB discute Pacto pela Primeira Inf\u00e2ncia com secret\u00e1rio de Estado da Educa\u00e7\u00e3o %\" \/>\n<meta property=\"og:url\" content=\"https:\/\/tce.pb.gov.br\/portalprimeirainfancia\/tce-pb-discute-pacto-pela-primeira-infancia-com-secretario-de-estado-da-educacao-2\/\" \/>\n<meta property=\"og:site_name\" content=\"Pacto Paraibano pela Primeira Inf\u00e2ncia\" \/>\n<meta property=\"article:published_time\" content=\"2025-04-02T18:35:32+00:00\" \/>\n<meta property=\"og:image\" content=\"https:\/\/tce.pb.gov.br\/portalprimeirainfancia\/wp-content\/uploads\/2025\/04\/Reuniao-TCE-PB-e-Sec.-Educacao-3.jpg\" \/>\n\t<meta property=\"og:image:width\" content=\"2048\" \/>\n\t<meta property=\"og:image:height\" content=\"1365\" \/>\n\t<meta property=\"og:image:type\" content=\"image\/jpeg\" \/>\n<meta name=\"author\" content=\"Rafael Massoni\" \/>\n<meta name=\"twitter:card\" content=\"summary_large_image\" \/>\n<meta name=\"twitter:label1\" content=\"Escrito por\" \/>\n\t<meta name=\"twitter:data1\" content=\"Rafael Massoni\" \/>\n\t<meta name=\"twitter:label2\" content=\"Est. tempo de leitura\" \/>\n\t<meta name=\"twitter:data2\" content=\"2 minutos\" \/>\n<script type=\"application\/ld+json\" class=\"yoast-schema-graph\">{\"@context\":\"https:\\\/\\\/schema.org\",\"@graph\":[{\"@type\":\"NewsArticle\",\"@id\":\"https:\\\/\\\/tce.pb.gov.br\\\/portalprimeirainfancia\\\/tce-pb-discute-pacto-pela-primeira-infancia-com-secretario-de-estado-da-educacao-2\\\/#article\",\"isPartOf\":{\"@id\":\"https:\\\/\\\/tce.pb.gov.br\\\/portalprimeirainfancia\\\/tce-pb-discute-pacto-pela-primeira-infancia-com-secretario-de-estado-da-educacao-2\\\/\"},\"author\":{\"name\":\"Rafael Massoni\",\"@id\":\"https:\\\/\\\/tce.pb.gov.br\\\/portalprimeirainfancia\\\/#\\\/schema\\\/person\\\/6a39eea5836dda604de1c5e5b7d62141\"},\"headline\":\"TCE-PB discute Pacto pela Primeira Inf\u00e2ncia com secret\u00e1rio de Estado da Educa\u00e7\u00e3o\",\"datePublished\":\"2025-04-02T18:35:32+00:00\",\"mainEntityOfPage\":{\"@id\":\"https:\\\/\\\/tce.pb.gov.br\\\/portalprimeirainfancia\\\/tce-pb-discute-pacto-pela-primeira-infancia-com-secretario-de-estado-da-educacao-2\\\/\"},\"wordCount\":418,\"commentCount\":0,\"publisher\":{\"@id\":\"https:\\\/\\\/tce.pb.gov.br\\\/portalprimeirainfancia\\\/#organization\"},\"image\":{\"@id\":\"https:\\\/\\\/tce.pb.gov.br\\\/portalprimeirainfancia\\\/tce-pb-discute-pacto-pela-primeira-infancia-com-secretario-de-estado-da-educacao-2\\\/#primaryimage\"},\"thumbnailUrl\":\"https:\\\/\\\/tce.pb.gov.br\\\/portalprimeirainfancia\\\/wp-content\\\/uploads\\\/2025\\\/04\\\/Reuniao-TCE-PB-e-Sec.-Educacao-3.jpg\",\"articleSection\":[\"Destaques\",\"Not\u00edcias\"],\"inLanguage\":\"pt-BR\",\"potentialAction\":[{\"@type\":\"CommentAction\",\"name\":\"Comment\",\"target\":[\"https:\\\/\\\/tce.pb.gov.br\\\/portalprimeirainfancia\\\/tce-pb-discute-pacto-pela-primeira-infancia-com-secretario-de-estado-da-educacao-2\\\/#respond\"]}]},{\"@type\":\"WebPage\",\"@id\":\"https:\\\/\\\/tce.pb.gov.br\\\/portalprimeirainfancia\\\/tce-pb-discute-pacto-pela-primeira-infancia-com-secretario-de-estado-da-educacao-2\\\/\",\"url\":\"https:\\\/\\\/tce.pb.gov.br\\\/portalprimeirainfancia\\\/tce-pb-discute-pacto-pela-primeira-infancia-com-secretario-de-estado-da-educacao-2\\\/\",\"name\":\"TCE-PB discute Pacto pela Primeira Inf\u00e2ncia com secret\u00e1rio de Estado da Educa\u00e7\u00e3o %\",\"isPartOf\":{\"@id\":\"https:\\\/\\\/tce.pb.gov.br\\\/portalprimeirainfancia\\\/#website\"},\"primaryImageOfPage\":{\"@id\":\"https:\\\/\\\/tce.pb.gov.br\\\/portalprimeirainfancia\\\/tce-pb-discute-pacto-pela-primeira-infancia-com-secretario-de-estado-da-educacao-2\\\/#primaryimage\"},\"image\":{\"@id\":\"https:\\\/\\\/tce.pb.gov.br\\\/portalprimeirainfancia\\\/tce-pb-discute-pacto-pela-primeira-infancia-com-secretario-de-estado-da-educacao-2\\\/#primaryimage\"},\"thumbnailUrl\":\"https:\\\/\\\/tce.pb.gov.br\\\/portalprimeirainfancia\\\/wp-content\\\/uploads\\\/2025\\\/04\\\/Reuniao-TCE-PB-e-Sec.-Educacao-3.jpg\",\"datePublished\":\"2025-04-02T18:35:32+00:00\",\"description\":\"TCE-PB discute Pacto pela Primeira Inf\u00e2ncia com secret\u00e1rio de Estado da Educa\u00e7\u00e3o %\",\"breadcrumb\":{\"@id\":\"https:\\\/\\\/tce.pb.gov.br\\\/portalprimeirainfancia\\\/tce-pb-discute-pacto-pela-primeira-infancia-com-secretario-de-estado-da-educacao-2\\\/#breadcrumb\"},\"inLanguage\":\"pt-BR\",\"potentialAction\":[{\"@type\":\"ReadAction\",\"target\":[\"https:\\\/\\\/tce.pb.gov.br\\\/portalprimeirainfancia\\\/tce-pb-discute-pacto-pela-primeira-infancia-com-secretario-de-estado-da-educacao-2\\\/\"]}]},{\"@type\":\"ImageObject\",\"inLanguage\":\"pt-BR\",\"@id\":\"https:\\\/\\\/tce.pb.gov.br\\\/portalprimeirainfancia\\\/tce-pb-discute-pacto-pela-primeira-infancia-com-secretario-de-estado-da-educacao-2\\\/#primaryimage\",\"url\":\"https:\\\/\\\/tce.pb.gov.br\\\/portalprimeirainfancia\\\/wp-content\\\/uploads\\\/2025\\\/04\\\/Reuniao-TCE-PB-e-Sec.-Educacao-3.jpg\",\"contentUrl\":\"https:\\\/\\\/tce.pb.gov.br\\\/portalprimeirainfancia\\\/wp-content\\\/uploads\\\/2025\\\/04\\\/Reuniao-TCE-PB-e-Sec.-Educacao-3.jpg\",\"width\":2048,\"height\":1365},{\"@type\":\"BreadcrumbList\",\"@id\":\"https:\\\/\\\/tce.pb.gov.br\\\/portalprimeirainfancia\\\/tce-pb-discute-pacto-pela-primeira-infancia-com-secretario-de-estado-da-educacao-2\\\/#breadcrumb\",\"itemListElement\":[{\"@type\":\"ListItem\",\"position\":1,\"name\":\"In\u00edcio\",\"item\":\"https:\\\/\\\/tce.pb.gov.br\\\/portalprimeirainfancia\\\/\"},{\"@type\":\"ListItem\",\"position\":2,\"name\":\"TCE-PB discute Pacto pela Primeira Inf\u00e2ncia com secret\u00e1rio de Estado da Educa\u00e7\u00e3o\"}]},{\"@type\":\"WebSite\",\"@id\":\"https:\\\/\\\/tce.pb.gov.br\\\/portalprimeirainfancia\\\/#website\",\"url\":\"https:\\\/\\\/tce.pb.gov.br\\\/portalprimeirainfancia\\\/\",\"name\":\"Pacto Paraibano pela Primeira Inf\u00e2ncia\",\"description\":\"Portal para divulga\u00e7\u00e3o do Pacto Paraibano pela Primeira Inf\u00e2ncia\",\"publisher\":{\"@id\":\"https:\\\/\\\/tce.pb.gov.br\\\/portalprimeirainfancia\\\/#organization\"},\"potentialAction\":[{\"@type\":\"SearchAction\",\"target\":{\"@type\":\"EntryPoint\",\"urlTemplate\":\"https:\\\/\\\/tce.pb.gov.br\\\/portalprimeirainfancia\\\/?s={search_term_string}\"},\"query-input\":{\"@type\":\"PropertyValueSpecification\",\"valueRequired\":true,\"valueName\":\"search_term_string\"}}],\"inLanguage\":\"pt-BR\"},{\"@type\":\"Organization\",\"@id\":\"https:\\\/\\\/tce.pb.gov.br\\\/portalprimeirainfancia\\\/#organization\",\"name\":\"Pacto Paraibano pela Primeira Inf\u00e2ncia\",\"alternateName\":\"TCE-PB\",\"url\":\"https:\\\/\\\/tce.pb.gov.br\\\/portalprimeirainfancia\\\/\",\"logo\":{\"@type\":\"ImageObject\",\"inLanguage\":\"pt-BR\",\"@id\":\"https:\\\/\\\/tce.pb.gov.br\\\/portalprimeirainfancia\\\/#\\\/schema\\\/logo\\\/image\\\/\",\"url\":\"https:\\\/\\\/tce.pb.gov.br\\\/portalprimeirainfancia\\\/wp-content\\\/uploads\\\/2025\\\/05\\\/Pacto-Whatsapp.png\",\"contentUrl\":\"https:\\\/\\\/tce.pb.gov.br\\\/portalprimeirainfancia\\\/wp-content\\\/uploads\\\/2025\\\/05\\\/Pacto-Whatsapp.png\",\"width\":427,\"height\":427,\"caption\":\"Pacto Paraibano pela Primeira Inf\u00e2ncia\"},\"image\":{\"@id\":\"https:\\\/\\\/tce.pb.gov.br\\\/portalprimeirainfancia\\\/#\\\/schema\\\/logo\\\/image\\\/\"},\"sameAs\":[\"https:\\\/\\\/www.instagram.com\\\/tcepb\\\/\"]},{\"@type\":\"Person\",\"@id\":\"https:\\\/\\\/tce.pb.gov.br\\\/portalprimeirainfancia\\\/#\\\/schema\\\/person\\\/6a39eea5836dda604de1c5e5b7d62141\",\"name\":\"Rafael Massoni\"}]}<\/script>\n<!-- \/ Yoast SEO plugin. -->","yoast_head_json":{"title":"TCE-PB discute Pacto pela Primeira Inf\u00e2ncia com secret\u00e1rio de Estado da Educa\u00e7\u00e3o %","description":"TCE-PB discute Pacto pela Primeira Inf\u00e2ncia com secret\u00e1rio de Estado da Educa\u00e7\u00e3o %","robots":{"index":"index","follow":"follow","max-snippet":"max-snippet:-1","max-image-preview":"max-image-preview:large","max-video-preview":"max-video-preview:-1"},"canonical":"https:\/\/tce.pb.gov.br\/portalprimeirainfancia\/tce-pb-discute-pacto-pela-primeira-infancia-com-secretario-de-estado-da-educacao-2\/","og_locale":"pt_BR","og_type":"article","og_title":"TCE-PB discute Pacto pela Primeira Inf\u00e2ncia com secret\u00e1rio de Estado da Educa\u00e7\u00e3o %","og_description":"TCE-PB discute Pacto pela Primeira Inf\u00e2ncia com secret\u00e1rio de Estado da Educa\u00e7\u00e3o %","og_url":"https:\/\/tce.pb.gov.br\/portalprimeirainfancia\/tce-pb-discute-pacto-pela-primeira-infancia-com-secretario-de-estado-da-educacao-2\/","og_site_name":"Pacto Paraibano pela Primeira Inf\u00e2ncia","article_published_time":"2025-04-02T18:35:32+00:00","og_image":[{"width":2048,"height":1365,"url":"https:\/\/tce.pb.gov.br\/portalprimeirainfancia\/wp-content\/uploads\/2025\/04\/Reuniao-TCE-PB-e-Sec.-Educacao-3.jpg","type":"image\/jpeg"}],"author":"Rafael Massoni","twitter_card":"summary_large_image","twitter_misc":{"Escrito por":"Rafael Massoni","Est. tempo de leitura":"2 minutos"},"schema":{"@context":"https:\/\/schema.org","@graph":[{"@type":"NewsArticle","@id":"https:\/\/tce.pb.gov.br\/portalprimeirainfancia\/tce-pb-discute-pacto-pela-primeira-infancia-com-secretario-de-estado-da-educacao-2\/#article","isPartOf":{"@id":"https:\/\/tce.pb.gov.br\/portalprimeirainfancia\/tce-pb-discute-pacto-pela-primeira-infancia-com-secretario-de-estado-da-educacao-2\/"},"author":{"name":"Rafael Massoni","@id":"https:\/\/tce.pb.gov.br\/portalprimeirainfancia\/#\/schema\/person\/6a39eea5836dda604de1c5e5b7d62141"},"headline":"TCE-PB discute Pacto pela Primeira Inf\u00e2ncia com secret\u00e1rio de Estado da Educa\u00e7\u00e3o","datePublished":"2025-04-02T18:35:32+00:00","mainEntityOfPage":{"@id":"https:\/\/tce.pb.gov.br\/portalprimeirainfancia\/tce-pb-discute-pacto-pela-primeira-infancia-com-secretario-de-estado-da-educacao-2\/"},"wordCount":418,"commentCount":0,"publisher":{"@id":"https:\/\/tce.pb.gov.br\/portalprimeirainfancia\/#organization"},"image":{"@id":"https:\/\/tce.pb.gov.br\/portalprimeirainfancia\/tce-pb-discute-pacto-pela-primeira-infancia-com-secretario-de-estado-da-educacao-2\/#primaryimage"},"thumbnailUrl":"https:\/\/tce.pb.gov.br\/portalprimeirainfancia\/wp-content\/uploads\/2025\/04\/Reuniao-TCE-PB-e-Sec.-Educacao-3.jpg","articleSection":["Destaques","Not\u00edcias"],"inLanguage":"pt-BR","potentialAction":[{"@type":"CommentAction","name":"Comment","target":["https:\/\/tce.pb.gov.br\/portalprimeirainfancia\/tce-pb-discute-pacto-pela-primeira-infancia-com-secretario-de-estado-da-educacao-2\/#respond"]}]},{"@type":"WebPage","@id":"https:\/\/tce.pb.gov.br\/portalprimeirainfancia\/tce-pb-discute-pacto-pela-primeira-infancia-com-secretario-de-estado-da-educacao-2\/","url":"https:\/\/tce.pb.gov.br\/portalprimeirainfancia\/tce-pb-discute-pacto-pela-primeira-infancia-com-secretario-de-estado-da-educacao-2\/","name":"TCE-PB discute Pacto pela Primeira Inf\u00e2ncia com secret\u00e1rio de Estado da Educa\u00e7\u00e3o %","isPartOf":{"@id":"https:\/\/tce.pb.gov.br\/portalprimeirainfancia\/#website"},"primaryImageOfPage":{"@id":"https:\/\/tce.pb.gov.br\/portalprimeirainfancia\/tce-pb-discute-pacto-pela-primeira-infancia-com-secretario-de-estado-da-educacao-2\/#primaryimage"},"image":{"@id":"https:\/\/tce.pb.gov.br\/portalprimeirainfancia\/tce-pb-discute-pacto-pela-primeira-infancia-com-secretario-de-estado-da-educacao-2\/#primaryimage"},"thumbnailUrl":"https:\/\/tce.pb.gov.br\/portalprimeirainfancia\/wp-content\/uploads\/2025\/04\/Reuniao-TCE-PB-e-Sec.-Educacao-3.jpg","datePublished":"2025-04-02T18:35:32+00:00","description":"TCE-PB discute Pacto pela Primeira Inf\u00e2ncia com secret\u00e1rio de Estado da Educa\u00e7\u00e3o %","breadcrumb":{"@id":"https:\/\/tce.pb.gov.br\/portalprimeirainfancia\/tce-pb-discute-pacto-pela-primeira-infancia-com-secretario-de-estado-da-educacao-2\/#breadcrumb"},"inLanguage":"pt-BR","potentialAction":[{"@type":"ReadAction","target":["https:\/\/tce.pb.gov.br\/portalprimeirainfancia\/tce-pb-discute-pacto-pela-primeira-infancia-com-secretario-de-estado-da-educacao-2\/"]}]},{"@type":"ImageObject","inLanguage":"pt-BR","@id":"https:\/\/tce.pb.gov.br\/portalprimeirainfancia\/tce-pb-discute-pacto-pela-primeira-infancia-com-secretario-de-estado-da-educacao-2\/#primaryimage","url":"https:\/\/tce.pb.gov.br\/portalprimeirainfancia\/wp-content\/uploads\/2025\/04\/Reuniao-TCE-PB-e-Sec.-Educacao-3.jpg","contentUrl":"https:\/\/tce.pb.gov.br\/portalprimeirainfancia\/wp-content\/uploads\/2025\/04\/Reuniao-TCE-PB-e-Sec.-Educacao-3.jpg","width":2048,"height":1365},{"@type":"BreadcrumbList","@id":"https:\/\/tce.pb.gov.br\/portalprimeirainfancia\/tce-pb-discute-pacto-pela-primeira-infancia-com-secretario-de-estado-da-educacao-2\/#breadcrumb","itemListElement":[{"@type":"ListItem","position":1,"name":"In\u00edcio","item":"https:\/\/tce.pb.gov.br\/portalprimeirainfancia\/"},{"@type":"ListItem","position":2,"name":"TCE-PB discute Pacto pela Primeira Inf\u00e2ncia com secret\u00e1rio de Estado da Educa\u00e7\u00e3o"}]},{"@type":"WebSite","@id":"https:\/\/tce.pb.gov.br\/portalprimeirainfancia\/#website","url":"https:\/\/tce.pb.gov.br\/portalprimeirainfancia\/","name":"Pacto Paraibano pela Primeira Inf\u00e2ncia","description":"Portal para divulga\u00e7\u00e3o do Pacto Paraibano pela Primeira Inf\u00e2ncia","publisher":{"@id":"https:\/\/tce.pb.gov.br\/portalprimeirainfancia\/#organization"},"potentialAction":[{"@type":"SearchAction","target":{"@type":"EntryPoint","urlTemplate":"https:\/\/tce.pb.gov.br\/portalprimeirainfancia\/?s={search_term_string}"},"query-input":{"@type":"PropertyValueSpecification","valueRequired":true,"valueName":"search_term_string"}}],"inLanguage":"pt-BR"},{"@type":"Organization","@id":"https:\/\/tce.pb.gov.br\/portalprimeirainfancia\/#organization","name":"Pacto Paraibano pela Primeira Inf\u00e2ncia","alternateName":"TCE-PB","url":"https:\/\/tce.pb.gov.br\/portalprimeirainfancia\/","logo":{"@type":"ImageObject","inLanguage":"pt-BR","@id":"https:\/\/tce.pb.gov.br\/portalprimeirainfancia\/#\/schema\/logo\/image\/","url":"https:\/\/tce.pb.gov.br\/portalprimeirainfancia\/wp-content\/uploads\/2025\/05\/Pacto-Whatsapp.png","contentUrl":"https:\/\/tce.pb.gov.br\/portalprimeirainfancia\/wp-content\/uploads\/2025\/05\/Pacto-Whatsapp.png","width":427,"height":427,"caption":"Pacto Paraibano pela Primeira Inf\u00e2ncia"},"image":{"@id":"https:\/\/tce.pb.gov.br\/portalprimeirainfancia\/#\/schema\/logo\/image\/"},"sameAs":["https:\/\/www.instagram.com\/tcepb\/"]},{"@type":"Person","@id":"https:\/\/tce.pb.gov.br\/portalprimeirainfancia\/#\/schema\/person\/6a39eea5836dda604de1c5e5b7d62141","name":"Rafael Massoni"}]}},"jetpack_featured_media_url":"https:\/\/tce.pb.gov.br\/portalprimeirainfancia\/wp-content\/uploads\/2025\/04\/Reuniao-TCE-PB-e-Sec.-Educacao-3.jpg","jetpack_sharing_enabled":true,"_links":{"self":[{"href":"https:\/\/tce.pb.gov.br\/portalprimeirainfancia\/wp-json\/wp\/v2\/posts\/28592","targetHints":{"allow":["GET"]}}],"collection":[{"href":"https:\/\/tce.pb.gov.br\/portalprimeirainfancia\/wp-json\/wp\/v2\/posts"}],"about":[{"href":"https:\/\/tce.pb.gov.br\/portalprimeirainfancia\/wp-json\/wp\/v2\/types\/post"}],"author":[{"embeddable":true,"href":"https:\/\/tce.pb.gov.br\/portalprimeirainfancia\/wp-json\/wp\/v2\/users\/6"}],"replies":[{"embeddable":true,"href":"https:\/\/tce.pb.gov.br\/portalprimeirainfancia\/wp-json\/wp\/v2\/comments?post=28592"}],"version-history":[{"count":0,"href":"https:\/\/tce.pb.gov.br\/portalprimeirainfancia\/wp-json\/wp\/v2\/posts\/28592\/revisions"}],"wp:featuredmedia":[{"embeddable":true,"href":"https:\/\/tce.pb.gov.br\/portalprimeirainfancia\/wp-json\/wp\/v2\/media\/28593"}],"wp:attachment":[{"href":"https:\/\/tce.pb.gov.br\/portalprimeirainfancia\/wp-json\/wp\/v2\/media?parent=28592"}],"wp:term":[{"taxonomy":"category","embeddable":true,"href":"https:\/\/tce.pb.gov.br\/portalprimeirainfancia\/wp-json\/wp\/v2\/categories?post=28592"},{"taxonomy":"post_tag","embeddable":true,"href":"https:\/\/tce.pb.gov.br\/portalprimeirainfancia\/wp-json\/wp\/v2\/tags?post=28592"}],"curies":[{"name":"wp","href":"https:\/\/api.w.org\/{rel}","templated":true}]}}