{"id":28562,"date":"2025-04-01T21:51:34","date_gmt":"2025-04-02T00:51:34","guid":{"rendered":"https:\/\/tce.pb.gov.br\/?p=28562"},"modified":"2025-04-01T21:51:34","modified_gmt":"2025-04-02T00:51:34","slug":"presidente-do-tce-pb-e-defensora-publica-geral-discutem-acoes-para-protecao-a-infancia-em-visita-institucional-2","status":"publish","type":"post","link":"https:\/\/tce.pb.gov.br\/portalprimeirainfancia\/presidente-do-tce-pb-e-defensora-publica-geral-discutem-acoes-para-protecao-a-infancia-em-visita-institucional-2\/","title":{"rendered":"Presidente do TCE-PB e Defensora P\u00fablica-Geral discutem a\u00e7\u00f5es para prote\u00e7\u00e3o \u00e0 inf\u00e2ncia em visita institucional"},"content":{"rendered":"\n<figure class=\"wp-block-image size-large\"><img decoding=\"async\" src=\"https:\/\/tce.pb.gov.br\/wp-content\/uploads\/2025\/04\/IMG_8249-1024x768.jpeg\" alt=\"\" class=\"wp-image-28563\"\/><\/figure>\n\n\n\n<p>O presidente do Tribunal de Contas da Para\u00edba (TCE-PB), conselheiro F\u00e1bio Nogueira, recebeu, na manh\u00e3 desta ter\u00e7a-feira (1\u00ba), a visita institucional da defensora p\u00fablica-geral do Estado, Madalena Abrantes. O encontro teve como foco a apresenta\u00e7\u00e3o do trabalho desenvolvido pelo N\u00facleo Especial de Prote\u00e7\u00e3o \u00e0 Inf\u00e2ncia e Juventude (NEPIJ), vinculado \u00e0 Defensoria P\u00fablica.<\/p>\n\n\n\n<p>Durante a reuni\u00e3o, representantes da Defensoria detalharam as a\u00e7\u00f5es do NEPIJ, cuja miss\u00e3o \u00e9 zelar pelos direitos de crian\u00e7as e adolescentes, oferecendo suporte e aux\u00edlio aos membros da institui\u00e7\u00e3o sempre que a demanda envolver, direta ou indiretamente, esse p\u00fablico em situa\u00e7\u00e3o de vulnerabilidade.<\/p>\n\n\n\n<p>A defensora p\u00fablica-geral explicou que o NEPIJ \u00e9 composto por duas coordenadorias: uma voltada \u00e0 defesa de adolescentes em situa\u00e7\u00e3o de conflito com a lei e outra dedicada \u00e0 prote\u00e7\u00e3o de crian\u00e7as e adolescentes v\u00edtimas de viol\u00eancia, com foco em direitos individuais e coletivos.<\/p>\n\n\n\n<p>Ao final do encontro, o conselheiro F\u00e1bio Nogueira convidou a Defensoria P\u00fablica a integrar o&nbsp;<strong>Pacto Paraibano pela Primeira Inf\u00e2ncia<\/strong>, iniciativa que busca estimular a implementa\u00e7\u00e3o e o fortalecimento de programas, projetos e a\u00e7\u00f5es voltados \u00e0s crian\u00e7as de 0 a 6 anos. Ele tamb\u00e9m informou que o lan\u00e7amento oficial do pacto acontecer\u00e1 no dia 28 de abril, no Teatro Pedra do Reino, em Jo\u00e3o Pessoa.<\/p>\n\n\n\n<p>O&nbsp;<strong>Pacto Paraibano pela Primeira Inf\u00e2ncia<\/strong>&nbsp;tem como objetivo consolidar pol\u00edticas p\u00fablicas que garantam o desenvolvimento infantil adequado, assegurando a prote\u00e7\u00e3o e o bem-estar das crian\u00e7as desde a gesta\u00e7\u00e3o at\u00e9 os seis anos de idade.<\/p>\n\n\n\n<p>Participaram da visita a consultora jur\u00eddica da Defensoria P\u00fablica, Ciane Feliciano; a ouvidora-geral, Inise Machado; a assistente jur\u00eddica, Rachel Soudr\u00e9; as defensoras p\u00fablicas, Beterzene Barros e Maria Auxiliadora Targino; e a estagi\u00e1ria, Isabela Arruda.<\/p>\n","protected":false},"excerpt":{"rendered":"<p>O presidente do Tribunal de Contas da Para\u00edba (TCE-PB), conselheiro F\u00e1bio Nogueira, recebeu, na manh\u00e3 desta ter\u00e7a-feira (1\u00ba), a visita [&hellip;]<\/p>\n","protected":false},"author":6,"featured_media":28563,"comment_status":"open","ping_status":"open","sticky":false,"template":"","format":"standard","meta":{"site-sidebar-layout":"default","site-content-layout":"","ast-site-content-layout":"","site-content-style":"default","site-sidebar-style":"default","ast-global-header-display":"","ast-banner-title-visibility":"","ast-main-header-display":"","ast-hfb-above-header-display":"","ast-hfb-below-header-display":"","ast-hfb-mobile-header-display":"","site-post-title":"","ast-breadcrumbs-content":"","ast-featured-img":"","footer-sml-layout":"","theme-transparent-header-meta":"","adv-header-id-meta":"","stick-header-meta":"","header-above-stick-meta":"","header-main-stick-meta":"","header-below-stick-meta":"","astra-migrate-meta-layouts":"default","ast-page-background-enabled":"default","ast-page-background-meta":{"desktop":{"background-color":"var(--ast-global-color-5)","background-image":"","background-repeat":"repeat","background-position":"center center","background-size":"auto","background-attachment":"scroll","background-type":"","background-media":"","overlay-type":"","overlay-color":"","overlay-opacity":"","overlay-gradient":""},"tablet":{"background-color":"","background-image":"","background-repeat":"repeat","background-position":"center center","background-size":"auto","background-attachment":"scroll","background-type":"","background-media":"","overlay-type":"","overlay-color":"","overlay-opacity":"","overlay-gradient":""},"mobile":{"background-color":"","background-image":"","background-repeat":"repeat","background-position":"center center","background-size":"auto","background-attachment":"scroll","background-type":"","background-media":"","overlay-type":"","overlay-color":"","overlay-opacity":"","overlay-gradient":""}},"ast-content-background-meta":{"desktop":{"background-color":"var(--ast-global-color-4)","background-image":"","background-repeat":"repeat","background-position":"center center","background-size":"auto","background-attachment":"scroll","background-type":"","background-media":"","overlay-type":"","overlay-color":"","overlay-opacity":"","overlay-gradient":""},"tablet":{"background-color":"var(--ast-global-color-4)","background-image":"","background-repeat":"repeat","background-position":"center center","background-size":"auto","background-attachment":"scroll","background-type":"","background-media":"","overlay-type":"","overlay-color":"","overlay-opacity":"","overlay-gradient":""},"mobile":{"background-color":"var(--ast-global-color-4)","background-image":"","background-repeat":"repeat","background-position":"center center","background-size":"auto","background-attachment":"scroll","background-type":"","background-media":"","overlay-type":"","overlay-color":"","overlay-opacity":"","overlay-gradient":""}},"_jetpack_memberships_contains_paid_content":false,"footnotes":""},"categories":[24,7],"tags":[],"class_list":["post-28562","post","type-post","status-publish","format-standard","has-post-thumbnail","hentry","category-destaques","category-noticias"],"yoast_head":"<!-- This site is optimized with the Yoast SEO plugin v27.4 - https:\/\/yoast.com\/product\/yoast-seo-wordpress\/ -->\n<title>Presidente do TCE-PB e Defensora P\u00fablica-Geral discutem a\u00e7\u00f5es para prote\u00e7\u00e3o \u00e0 inf\u00e2ncia em visita institucional %<\/title>\n<meta name=\"description\" content=\"Presidente do TCE-PB e Defensora P\u00fablica-Geral discutem a\u00e7\u00f5es para prote\u00e7\u00e3o \u00e0 inf\u00e2ncia em visita institucional %\" \/>\n<meta name=\"robots\" content=\"index, follow, max-snippet:-1, max-image-preview:large, max-video-preview:-1\" \/>\n<link rel=\"canonical\" href=\"https:\/\/tce.pb.gov.br\/portalprimeirainfancia\/presidente-do-tce-pb-e-defensora-publica-geral-discutem-acoes-para-protecao-a-infancia-em-visita-institucional-2\/\" \/>\n<meta property=\"og:locale\" content=\"pt_BR\" \/>\n<meta property=\"og:type\" content=\"article\" \/>\n<meta property=\"og:title\" content=\"Presidente do TCE-PB e Defensora P\u00fablica-Geral discutem a\u00e7\u00f5es para prote\u00e7\u00e3o \u00e0 inf\u00e2ncia em visita institucional %\" \/>\n<meta property=\"og:description\" content=\"Presidente do TCE-PB e Defensora P\u00fablica-Geral discutem a\u00e7\u00f5es para prote\u00e7\u00e3o \u00e0 inf\u00e2ncia em visita institucional %\" \/>\n<meta property=\"og:url\" content=\"https:\/\/tce.pb.gov.br\/portalprimeirainfancia\/presidente-do-tce-pb-e-defensora-publica-geral-discutem-acoes-para-protecao-a-infancia-em-visita-institucional-2\/\" \/>\n<meta property=\"og:site_name\" content=\"Pacto Paraibano pela Primeira Inf\u00e2ncia\" \/>\n<meta property=\"article:published_time\" content=\"2025-04-02T00:51:34+00:00\" \/>\n<meta property=\"og:image\" content=\"https:\/\/tce.pb.gov.br\/portalprimeirainfancia\/wp-content\/uploads\/2025\/04\/IMG_8249-scaled-1.jpeg\" \/>\n\t<meta property=\"og:image:width\" content=\"2560\" \/>\n\t<meta property=\"og:image:height\" content=\"1920\" \/>\n\t<meta property=\"og:image:type\" content=\"image\/jpeg\" \/>\n<meta name=\"author\" content=\"Rafael Massoni\" \/>\n<meta name=\"twitter:card\" content=\"summary_large_image\" \/>\n<meta name=\"twitter:label1\" content=\"Escrito por\" \/>\n\t<meta name=\"twitter:data1\" content=\"Rafael Massoni\" \/>\n\t<meta name=\"twitter:label2\" content=\"Est. tempo de leitura\" \/>\n\t<meta name=\"twitter:data2\" content=\"2 minutos\" \/>\n<script type=\"application\/ld+json\" class=\"yoast-schema-graph\">{\"@context\":\"https:\\\/\\\/schema.org\",\"@graph\":[{\"@type\":\"NewsArticle\",\"@id\":\"https:\\\/\\\/tce.pb.gov.br\\\/portalprimeirainfancia\\\/presidente-do-tce-pb-e-defensora-publica-geral-discutem-acoes-para-protecao-a-infancia-em-visita-institucional-2\\\/#article\",\"isPartOf\":{\"@id\":\"https:\\\/\\\/tce.pb.gov.br\\\/portalprimeirainfancia\\\/presidente-do-tce-pb-e-defensora-publica-geral-discutem-acoes-para-protecao-a-infancia-em-visita-institucional-2\\\/\"},\"author\":{\"name\":\"Rafael Massoni\",\"@id\":\"https:\\\/\\\/tce.pb.gov.br\\\/portalprimeirainfancia\\\/#\\\/schema\\\/person\\\/6a39eea5836dda604de1c5e5b7d62141\"},\"headline\":\"Presidente do TCE-PB e Defensora P\u00fablica-Geral discutem a\u00e7\u00f5es para prote\u00e7\u00e3o \u00e0 inf\u00e2ncia em visita institucional\",\"datePublished\":\"2025-04-02T00:51:34+00:00\",\"mainEntityOfPage\":{\"@id\":\"https:\\\/\\\/tce.pb.gov.br\\\/portalprimeirainfancia\\\/presidente-do-tce-pb-e-defensora-publica-geral-discutem-acoes-para-protecao-a-infancia-em-visita-institucional-2\\\/\"},\"wordCount\":327,\"commentCount\":0,\"publisher\":{\"@id\":\"https:\\\/\\\/tce.pb.gov.br\\\/portalprimeirainfancia\\\/#organization\"},\"image\":{\"@id\":\"https:\\\/\\\/tce.pb.gov.br\\\/portalprimeirainfancia\\\/presidente-do-tce-pb-e-defensora-publica-geral-discutem-acoes-para-protecao-a-infancia-em-visita-institucional-2\\\/#primaryimage\"},\"thumbnailUrl\":\"https:\\\/\\\/tce.pb.gov.br\\\/portalprimeirainfancia\\\/wp-content\\\/uploads\\\/2025\\\/04\\\/IMG_8249-scaled-1.jpeg\",\"articleSection\":[\"Destaques\",\"Not\u00edcias\"],\"inLanguage\":\"pt-BR\",\"potentialAction\":[{\"@type\":\"CommentAction\",\"name\":\"Comment\",\"target\":[\"https:\\\/\\\/tce.pb.gov.br\\\/portalprimeirainfancia\\\/presidente-do-tce-pb-e-defensora-publica-geral-discutem-acoes-para-protecao-a-infancia-em-visita-institucional-2\\\/#respond\"]}]},{\"@type\":\"WebPage\",\"@id\":\"https:\\\/\\\/tce.pb.gov.br\\\/portalprimeirainfancia\\\/presidente-do-tce-pb-e-defensora-publica-geral-discutem-acoes-para-protecao-a-infancia-em-visita-institucional-2\\\/\",\"url\":\"https:\\\/\\\/tce.pb.gov.br\\\/portalprimeirainfancia\\\/presidente-do-tce-pb-e-defensora-publica-geral-discutem-acoes-para-protecao-a-infancia-em-visita-institucional-2\\\/\",\"name\":\"Presidente do TCE-PB e Defensora P\u00fablica-Geral discutem a\u00e7\u00f5es para prote\u00e7\u00e3o \u00e0 inf\u00e2ncia em visita institucional %\",\"isPartOf\":{\"@id\":\"https:\\\/\\\/tce.pb.gov.br\\\/portalprimeirainfancia\\\/#website\"},\"primaryImageOfPage\":{\"@id\":\"https:\\\/\\\/tce.pb.gov.br\\\/portalprimeirainfancia\\\/presidente-do-tce-pb-e-defensora-publica-geral-discutem-acoes-para-protecao-a-infancia-em-visita-institucional-2\\\/#primaryimage\"},\"image\":{\"@id\":\"https:\\\/\\\/tce.pb.gov.br\\\/portalprimeirainfancia\\\/presidente-do-tce-pb-e-defensora-publica-geral-discutem-acoes-para-protecao-a-infancia-em-visita-institucional-2\\\/#primaryimage\"},\"thumbnailUrl\":\"https:\\\/\\\/tce.pb.gov.br\\\/portalprimeirainfancia\\\/wp-content\\\/uploads\\\/2025\\\/04\\\/IMG_8249-scaled-1.jpeg\",\"datePublished\":\"2025-04-02T00:51:34+00:00\",\"description\":\"Presidente do TCE-PB e Defensora P\u00fablica-Geral discutem a\u00e7\u00f5es para prote\u00e7\u00e3o \u00e0 inf\u00e2ncia em visita institucional %\",\"breadcrumb\":{\"@id\":\"https:\\\/\\\/tce.pb.gov.br\\\/portalprimeirainfancia\\\/presidente-do-tce-pb-e-defensora-publica-geral-discutem-acoes-para-protecao-a-infancia-em-visita-institucional-2\\\/#breadcrumb\"},\"inLanguage\":\"pt-BR\",\"potentialAction\":[{\"@type\":\"ReadAction\",\"target\":[\"https:\\\/\\\/tce.pb.gov.br\\\/portalprimeirainfancia\\\/presidente-do-tce-pb-e-defensora-publica-geral-discutem-acoes-para-protecao-a-infancia-em-visita-institucional-2\\\/\"]}]},{\"@type\":\"ImageObject\",\"inLanguage\":\"pt-BR\",\"@id\":\"https:\\\/\\\/tce.pb.gov.br\\\/portalprimeirainfancia\\\/presidente-do-tce-pb-e-defensora-publica-geral-discutem-acoes-para-protecao-a-infancia-em-visita-institucional-2\\\/#primaryimage\",\"url\":\"https:\\\/\\\/tce.pb.gov.br\\\/portalprimeirainfancia\\\/wp-content\\\/uploads\\\/2025\\\/04\\\/IMG_8249-scaled-1.jpeg\",\"contentUrl\":\"https:\\\/\\\/tce.pb.gov.br\\\/portalprimeirainfancia\\\/wp-content\\\/uploads\\\/2025\\\/04\\\/IMG_8249-scaled-1.jpeg\",\"width\":2560,\"height\":1920},{\"@type\":\"BreadcrumbList\",\"@id\":\"https:\\\/\\\/tce.pb.gov.br\\\/portalprimeirainfancia\\\/presidente-do-tce-pb-e-defensora-publica-geral-discutem-acoes-para-protecao-a-infancia-em-visita-institucional-2\\\/#breadcrumb\",\"itemListElement\":[{\"@type\":\"ListItem\",\"position\":1,\"name\":\"In\u00edcio\",\"item\":\"https:\\\/\\\/tce.pb.gov.br\\\/portalprimeirainfancia\\\/\"},{\"@type\":\"ListItem\",\"position\":2,\"name\":\"Presidente do TCE-PB e Defensora P\u00fablica-Geral discutem a\u00e7\u00f5es para prote\u00e7\u00e3o \u00e0 inf\u00e2ncia em visita institucional\"}]},{\"@type\":\"WebSite\",\"@id\":\"https:\\\/\\\/tce.pb.gov.br\\\/portalprimeirainfancia\\\/#website\",\"url\":\"https:\\\/\\\/tce.pb.gov.br\\\/portalprimeirainfancia\\\/\",\"name\":\"Pacto Paraibano pela Primeira Inf\u00e2ncia\",\"description\":\"Portal para divulga\u00e7\u00e3o do Pacto Paraibano pela Primeira Inf\u00e2ncia\",\"publisher\":{\"@id\":\"https:\\\/\\\/tce.pb.gov.br\\\/portalprimeirainfancia\\\/#organization\"},\"potentialAction\":[{\"@type\":\"SearchAction\",\"target\":{\"@type\":\"EntryPoint\",\"urlTemplate\":\"https:\\\/\\\/tce.pb.gov.br\\\/portalprimeirainfancia\\\/?s={search_term_string}\"},\"query-input\":{\"@type\":\"PropertyValueSpecification\",\"valueRequired\":true,\"valueName\":\"search_term_string\"}}],\"inLanguage\":\"pt-BR\"},{\"@type\":\"Organization\",\"@id\":\"https:\\\/\\\/tce.pb.gov.br\\\/portalprimeirainfancia\\\/#organization\",\"name\":\"Pacto Paraibano pela Primeira Inf\u00e2ncia\",\"alternateName\":\"TCE-PB\",\"url\":\"https:\\\/\\\/tce.pb.gov.br\\\/portalprimeirainfancia\\\/\",\"logo\":{\"@type\":\"ImageObject\",\"inLanguage\":\"pt-BR\",\"@id\":\"https:\\\/\\\/tce.pb.gov.br\\\/portalprimeirainfancia\\\/#\\\/schema\\\/logo\\\/image\\\/\",\"url\":\"https:\\\/\\\/tce.pb.gov.br\\\/portalprimeirainfancia\\\/wp-content\\\/uploads\\\/2025\\\/05\\\/Pacto-Whatsapp.png\",\"contentUrl\":\"https:\\\/\\\/tce.pb.gov.br\\\/portalprimeirainfancia\\\/wp-content\\\/uploads\\\/2025\\\/05\\\/Pacto-Whatsapp.png\",\"width\":427,\"height\":427,\"caption\":\"Pacto Paraibano pela Primeira Inf\u00e2ncia\"},\"image\":{\"@id\":\"https:\\\/\\\/tce.pb.gov.br\\\/portalprimeirainfancia\\\/#\\\/schema\\\/logo\\\/image\\\/\"},\"sameAs\":[\"https:\\\/\\\/www.instagram.com\\\/tcepb\\\/\"]},{\"@type\":\"Person\",\"@id\":\"https:\\\/\\\/tce.pb.gov.br\\\/portalprimeirainfancia\\\/#\\\/schema\\\/person\\\/6a39eea5836dda604de1c5e5b7d62141\",\"name\":\"Rafael Massoni\"}]}<\/script>\n<!-- \/ Yoast SEO plugin. -->","yoast_head_json":{"title":"Presidente do TCE-PB e Defensora P\u00fablica-Geral discutem a\u00e7\u00f5es para prote\u00e7\u00e3o \u00e0 inf\u00e2ncia em visita institucional %","description":"Presidente do TCE-PB e Defensora P\u00fablica-Geral discutem a\u00e7\u00f5es para prote\u00e7\u00e3o \u00e0 inf\u00e2ncia em visita institucional %","robots":{"index":"index","follow":"follow","max-snippet":"max-snippet:-1","max-image-preview":"max-image-preview:large","max-video-preview":"max-video-preview:-1"},"canonical":"https:\/\/tce.pb.gov.br\/portalprimeirainfancia\/presidente-do-tce-pb-e-defensora-publica-geral-discutem-acoes-para-protecao-a-infancia-em-visita-institucional-2\/","og_locale":"pt_BR","og_type":"article","og_title":"Presidente do TCE-PB e Defensora P\u00fablica-Geral discutem a\u00e7\u00f5es para prote\u00e7\u00e3o \u00e0 inf\u00e2ncia em visita institucional %","og_description":"Presidente do TCE-PB e Defensora P\u00fablica-Geral discutem a\u00e7\u00f5es para prote\u00e7\u00e3o \u00e0 inf\u00e2ncia em visita institucional %","og_url":"https:\/\/tce.pb.gov.br\/portalprimeirainfancia\/presidente-do-tce-pb-e-defensora-publica-geral-discutem-acoes-para-protecao-a-infancia-em-visita-institucional-2\/","og_site_name":"Pacto Paraibano pela Primeira Inf\u00e2ncia","article_published_time":"2025-04-02T00:51:34+00:00","og_image":[{"width":2560,"height":1920,"url":"https:\/\/tce.pb.gov.br\/portalprimeirainfancia\/wp-content\/uploads\/2025\/04\/IMG_8249-scaled-1.jpeg","type":"image\/jpeg"}],"author":"Rafael Massoni","twitter_card":"summary_large_image","twitter_misc":{"Escrito por":"Rafael Massoni","Est. tempo de leitura":"2 minutos"},"schema":{"@context":"https:\/\/schema.org","@graph":[{"@type":"NewsArticle","@id":"https:\/\/tce.pb.gov.br\/portalprimeirainfancia\/presidente-do-tce-pb-e-defensora-publica-geral-discutem-acoes-para-protecao-a-infancia-em-visita-institucional-2\/#article","isPartOf":{"@id":"https:\/\/tce.pb.gov.br\/portalprimeirainfancia\/presidente-do-tce-pb-e-defensora-publica-geral-discutem-acoes-para-protecao-a-infancia-em-visita-institucional-2\/"},"author":{"name":"Rafael Massoni","@id":"https:\/\/tce.pb.gov.br\/portalprimeirainfancia\/#\/schema\/person\/6a39eea5836dda604de1c5e5b7d62141"},"headline":"Presidente do TCE-PB e Defensora P\u00fablica-Geral discutem a\u00e7\u00f5es para prote\u00e7\u00e3o \u00e0 inf\u00e2ncia em visita institucional","datePublished":"2025-04-02T00:51:34+00:00","mainEntityOfPage":{"@id":"https:\/\/tce.pb.gov.br\/portalprimeirainfancia\/presidente-do-tce-pb-e-defensora-publica-geral-discutem-acoes-para-protecao-a-infancia-em-visita-institucional-2\/"},"wordCount":327,"commentCount":0,"publisher":{"@id":"https:\/\/tce.pb.gov.br\/portalprimeirainfancia\/#organization"},"image":{"@id":"https:\/\/tce.pb.gov.br\/portalprimeirainfancia\/presidente-do-tce-pb-e-defensora-publica-geral-discutem-acoes-para-protecao-a-infancia-em-visita-institucional-2\/#primaryimage"},"thumbnailUrl":"https:\/\/tce.pb.gov.br\/portalprimeirainfancia\/wp-content\/uploads\/2025\/04\/IMG_8249-scaled-1.jpeg","articleSection":["Destaques","Not\u00edcias"],"inLanguage":"pt-BR","potentialAction":[{"@type":"CommentAction","name":"Comment","target":["https:\/\/tce.pb.gov.br\/portalprimeirainfancia\/presidente-do-tce-pb-e-defensora-publica-geral-discutem-acoes-para-protecao-a-infancia-em-visita-institucional-2\/#respond"]}]},{"@type":"WebPage","@id":"https:\/\/tce.pb.gov.br\/portalprimeirainfancia\/presidente-do-tce-pb-e-defensora-publica-geral-discutem-acoes-para-protecao-a-infancia-em-visita-institucional-2\/","url":"https:\/\/tce.pb.gov.br\/portalprimeirainfancia\/presidente-do-tce-pb-e-defensora-publica-geral-discutem-acoes-para-protecao-a-infancia-em-visita-institucional-2\/","name":"Presidente do TCE-PB e Defensora P\u00fablica-Geral discutem a\u00e7\u00f5es para prote\u00e7\u00e3o \u00e0 inf\u00e2ncia em visita institucional %","isPartOf":{"@id":"https:\/\/tce.pb.gov.br\/portalprimeirainfancia\/#website"},"primaryImageOfPage":{"@id":"https:\/\/tce.pb.gov.br\/portalprimeirainfancia\/presidente-do-tce-pb-e-defensora-publica-geral-discutem-acoes-para-protecao-a-infancia-em-visita-institucional-2\/#primaryimage"},"image":{"@id":"https:\/\/tce.pb.gov.br\/portalprimeirainfancia\/presidente-do-tce-pb-e-defensora-publica-geral-discutem-acoes-para-protecao-a-infancia-em-visita-institucional-2\/#primaryimage"},"thumbnailUrl":"https:\/\/tce.pb.gov.br\/portalprimeirainfancia\/wp-content\/uploads\/2025\/04\/IMG_8249-scaled-1.jpeg","datePublished":"2025-04-02T00:51:34+00:00","description":"Presidente do TCE-PB e Defensora P\u00fablica-Geral discutem a\u00e7\u00f5es para prote\u00e7\u00e3o \u00e0 inf\u00e2ncia em visita institucional %","breadcrumb":{"@id":"https:\/\/tce.pb.gov.br\/portalprimeirainfancia\/presidente-do-tce-pb-e-defensora-publica-geral-discutem-acoes-para-protecao-a-infancia-em-visita-institucional-2\/#breadcrumb"},"inLanguage":"pt-BR","potentialAction":[{"@type":"ReadAction","target":["https:\/\/tce.pb.gov.br\/portalprimeirainfancia\/presidente-do-tce-pb-e-defensora-publica-geral-discutem-acoes-para-protecao-a-infancia-em-visita-institucional-2\/"]}]},{"@type":"ImageObject","inLanguage":"pt-BR","@id":"https:\/\/tce.pb.gov.br\/portalprimeirainfancia\/presidente-do-tce-pb-e-defensora-publica-geral-discutem-acoes-para-protecao-a-infancia-em-visita-institucional-2\/#primaryimage","url":"https:\/\/tce.pb.gov.br\/portalprimeirainfancia\/wp-content\/uploads\/2025\/04\/IMG_8249-scaled-1.jpeg","contentUrl":"https:\/\/tce.pb.gov.br\/portalprimeirainfancia\/wp-content\/uploads\/2025\/04\/IMG_8249-scaled-1.jpeg","width":2560,"height":1920},{"@type":"BreadcrumbList","@id":"https:\/\/tce.pb.gov.br\/portalprimeirainfancia\/presidente-do-tce-pb-e-defensora-publica-geral-discutem-acoes-para-protecao-a-infancia-em-visita-institucional-2\/#breadcrumb","itemListElement":[{"@type":"ListItem","position":1,"name":"In\u00edcio","item":"https:\/\/tce.pb.gov.br\/portalprimeirainfancia\/"},{"@type":"ListItem","position":2,"name":"Presidente do TCE-PB e Defensora P\u00fablica-Geral discutem a\u00e7\u00f5es para prote\u00e7\u00e3o \u00e0 inf\u00e2ncia em visita institucional"}]},{"@type":"WebSite","@id":"https:\/\/tce.pb.gov.br\/portalprimeirainfancia\/#website","url":"https:\/\/tce.pb.gov.br\/portalprimeirainfancia\/","name":"Pacto Paraibano pela Primeira Inf\u00e2ncia","description":"Portal para divulga\u00e7\u00e3o do Pacto Paraibano pela Primeira Inf\u00e2ncia","publisher":{"@id":"https:\/\/tce.pb.gov.br\/portalprimeirainfancia\/#organization"},"potentialAction":[{"@type":"SearchAction","target":{"@type":"EntryPoint","urlTemplate":"https:\/\/tce.pb.gov.br\/portalprimeirainfancia\/?s={search_term_string}"},"query-input":{"@type":"PropertyValueSpecification","valueRequired":true,"valueName":"search_term_string"}}],"inLanguage":"pt-BR"},{"@type":"Organization","@id":"https:\/\/tce.pb.gov.br\/portalprimeirainfancia\/#organization","name":"Pacto Paraibano pela Primeira Inf\u00e2ncia","alternateName":"TCE-PB","url":"https:\/\/tce.pb.gov.br\/portalprimeirainfancia\/","logo":{"@type":"ImageObject","inLanguage":"pt-BR","@id":"https:\/\/tce.pb.gov.br\/portalprimeirainfancia\/#\/schema\/logo\/image\/","url":"https:\/\/tce.pb.gov.br\/portalprimeirainfancia\/wp-content\/uploads\/2025\/05\/Pacto-Whatsapp.png","contentUrl":"https:\/\/tce.pb.gov.br\/portalprimeirainfancia\/wp-content\/uploads\/2025\/05\/Pacto-Whatsapp.png","width":427,"height":427,"caption":"Pacto Paraibano pela Primeira Inf\u00e2ncia"},"image":{"@id":"https:\/\/tce.pb.gov.br\/portalprimeirainfancia\/#\/schema\/logo\/image\/"},"sameAs":["https:\/\/www.instagram.com\/tcepb\/"]},{"@type":"Person","@id":"https:\/\/tce.pb.gov.br\/portalprimeirainfancia\/#\/schema\/person\/6a39eea5836dda604de1c5e5b7d62141","name":"Rafael Massoni"}]}},"jetpack_featured_media_url":"https:\/\/tce.pb.gov.br\/portalprimeirainfancia\/wp-content\/uploads\/2025\/04\/IMG_8249-scaled-1.jpeg","jetpack_sharing_enabled":true,"_links":{"self":[{"href":"https:\/\/tce.pb.gov.br\/portalprimeirainfancia\/wp-json\/wp\/v2\/posts\/28562","targetHints":{"allow":["GET"]}}],"collection":[{"href":"https:\/\/tce.pb.gov.br\/portalprimeirainfancia\/wp-json\/wp\/v2\/posts"}],"about":[{"href":"https:\/\/tce.pb.gov.br\/portalprimeirainfancia\/wp-json\/wp\/v2\/types\/post"}],"author":[{"embeddable":true,"href":"https:\/\/tce.pb.gov.br\/portalprimeirainfancia\/wp-json\/wp\/v2\/users\/6"}],"replies":[{"embeddable":true,"href":"https:\/\/tce.pb.gov.br\/portalprimeirainfancia\/wp-json\/wp\/v2\/comments?post=28562"}],"version-history":[{"count":0,"href":"https:\/\/tce.pb.gov.br\/portalprimeirainfancia\/wp-json\/wp\/v2\/posts\/28562\/revisions"}],"wp:featuredmedia":[{"embeddable":true,"href":"https:\/\/tce.pb.gov.br\/portalprimeirainfancia\/wp-json\/wp\/v2\/media\/28563"}],"wp:attachment":[{"href":"https:\/\/tce.pb.gov.br\/portalprimeirainfancia\/wp-json\/wp\/v2\/media?parent=28562"}],"wp:term":[{"taxonomy":"category","embeddable":true,"href":"https:\/\/tce.pb.gov.br\/portalprimeirainfancia\/wp-json\/wp\/v2\/categories?post=28562"},{"taxonomy":"post_tag","embeddable":true,"href":"https:\/\/tce.pb.gov.br\/portalprimeirainfancia\/wp-json\/wp\/v2\/tags?post=28562"}],"curies":[{"name":"wp","href":"https:\/\/api.w.org\/{rel}","templated":true}]}}