{"id":2274,"date":"2025-04-29T11:55:18","date_gmt":"2025-04-29T14:55:18","guid":{"rendered":"https:\/\/tce.pb.gov.br\/portalprimeirainfancia\/?p=2274"},"modified":"2025-04-29T11:55:20","modified_gmt":"2025-04-29T14:55:20","slug":"tce-pb-formaliza-pacto-pela-primeira-infancia-com-prefeitos-e-signatarios-em-ato-solene-no-pedra-do-reino","status":"publish","type":"post","link":"https:\/\/tce.pb.gov.br\/portalprimeirainfancia\/tce-pb-formaliza-pacto-pela-primeira-infancia-com-prefeitos-e-signatarios-em-ato-solene-no-pedra-do-reino\/","title":{"rendered":"TCE-PB formaliza Pacto pela Primeira Inf\u00e2ncia com prefeitos e signat\u00e1rios em ato solene no Pedra do Reino"},"content":{"rendered":"\n<figure class=\"wp-block-image aligncenter size-full\"><img fetchpriority=\"high\" decoding=\"async\" width=\"1024\" height=\"682\" src=\"https:\/\/tce.pb.gov.br\/portalprimeirainfancia\/wp-content\/uploads\/2025\/04\/image-7.png\" alt=\"\" class=\"wp-image-2275\" srcset=\"https:\/\/tce.pb.gov.br\/portalprimeirainfancia\/wp-content\/uploads\/2025\/04\/image-7.png 1024w, https:\/\/tce.pb.gov.br\/portalprimeirainfancia\/wp-content\/uploads\/2025\/04\/image-7-300x200.png 300w, https:\/\/tce.pb.gov.br\/portalprimeirainfancia\/wp-content\/uploads\/2025\/04\/image-7-768x512.png 768w\" sizes=\"(max-width: 1024px) 100vw, 1024px\" \/><\/figure>\n\n\n\n<p>O Tribunal de Contas do Estado formalizou, nesta segunda-feira (28), o Pacto Paraibano pela Primeira Inf\u00e2ncia, reunindo, em concorrido evento no Teatro Pedra do Reino no Centro de Conven\u00e7\u00f5es de Jo\u00e3o Pessoa, centenas de pessoas, mais 25 signat\u00e1rios, representantes dos poderes, \u00f3rg\u00e3os p\u00fablicos federais e estaduais, prefeituras e segmentos representativos da sociedade, numa solenidade que contou com a presen\u00e7a de autoridades federais e do Estado, entre elas o governador Jo\u00e3o Azev\u00eado Lins, o desembargador Frederico Coutinho \u2013 presidente do TJPB e o presidente da Assembleia Legislativa, Adriano Galdino.<\/p>\n\n\n\n<figure class=\"wp-block-image aligncenter size-full\"><img decoding=\"async\" width=\"1024\" height=\"682\" src=\"https:\/\/tce.pb.gov.br\/portalprimeirainfancia\/wp-content\/uploads\/2025\/04\/image-8.png\" alt=\"\" class=\"wp-image-2276\" srcset=\"https:\/\/tce.pb.gov.br\/portalprimeirainfancia\/wp-content\/uploads\/2025\/04\/image-8.png 1024w, https:\/\/tce.pb.gov.br\/portalprimeirainfancia\/wp-content\/uploads\/2025\/04\/image-8-300x200.png 300w, https:\/\/tce.pb.gov.br\/portalprimeirainfancia\/wp-content\/uploads\/2025\/04\/image-8-768x512.png 768w\" sizes=\"(max-width: 1024px) 100vw, 1024px\" \/><\/figure>\n\n\n\n<p>O presidente do Tribunal de Contas, conselheiro F\u00e1bio Nogueira, abriu a solenidade, registrando seu agradecimento aos signat\u00e1rios e a todos os parceiros, reiterando o compromisso de sua gest\u00e3o com a Primeira Inf\u00e2ncia, sonho que come\u00e7a a se consolidar com essa iniciativa indutora de pol\u00edticas p\u00fablicas destinadas ao bem-estar f\u00edsico, emocional e educacional das crian\u00e7as de zero a seis anos de idade, numa fase da vida na qual s\u00e3o estabelecidas suas conex\u00f5es cerebrais.\u00a0 \u201cCuidar das crian\u00e7as \u00e9 cuidar do cora\u00e7\u00e3o da humanidade\u201d, disse o conselheiro ao lembrar o pensamento do Papa Francisco.<\/p>\n\n\n\n<figure class=\"wp-block-image aligncenter size-full\"><img decoding=\"async\" width=\"1024\" height=\"680\" src=\"https:\/\/tce.pb.gov.br\/portalprimeirainfancia\/wp-content\/uploads\/2025\/04\/image-9.png\" alt=\"\" class=\"wp-image-2277\" srcset=\"https:\/\/tce.pb.gov.br\/portalprimeirainfancia\/wp-content\/uploads\/2025\/04\/image-9.png 1024w, https:\/\/tce.pb.gov.br\/portalprimeirainfancia\/wp-content\/uploads\/2025\/04\/image-9-300x199.png 300w, https:\/\/tce.pb.gov.br\/portalprimeirainfancia\/wp-content\/uploads\/2025\/04\/image-9-768x510.png 768w\" sizes=\"(max-width: 1024px) 100vw, 1024px\" \/><\/figure>\n\n\n\n<p>F\u00e1bio Nogueira pontuou que \u00e9 preciso se estabelecer um esfor\u00e7o coletivo para cuidar das crian\u00e7as e fazer pulsar o cora\u00e7\u00e3o da humanidade, cujo os batimentos indicam grande fragilidade. Esse \u00e9 o prop\u00f3sito prec\u00edpuo do Pacto, disse ele, ao acrescentar que \u201cCuidar da Primeira Inf\u00e2ncia com pol\u00edticas p\u00fablicas e cuidados efetivos\u201d. Enfatizou ainda, que o desenvolvimento integral das crian\u00e7as depende de outros aspectos, al\u00e9m do quesito nutricional, quais sejam, sa\u00fade, educa\u00e7\u00e3o, seguran\u00e7a, est\u00edmulos e v\u00ednculos afetivos. \u201cS\u00e3o demandas que refletem desafios e estruturas que exigem aten\u00e7\u00e3o integrada\u201d<\/p>\n\n\n\n<figure class=\"wp-block-image aligncenter size-full\"><img loading=\"lazy\" decoding=\"async\" width=\"1024\" height=\"564\" src=\"https:\/\/tce.pb.gov.br\/portalprimeirainfancia\/wp-content\/uploads\/2025\/04\/image-10.png\" alt=\"\" class=\"wp-image-2278\" srcset=\"https:\/\/tce.pb.gov.br\/portalprimeirainfancia\/wp-content\/uploads\/2025\/04\/image-10.png 1024w, https:\/\/tce.pb.gov.br\/portalprimeirainfancia\/wp-content\/uploads\/2025\/04\/image-10-300x165.png 300w, https:\/\/tce.pb.gov.br\/portalprimeirainfancia\/wp-content\/uploads\/2025\/04\/image-10-768x423.png 768w\" sizes=\"(max-width: 1024px) 100vw, 1024px\" \/><\/figure>\n\n\n\n<p>O ministro Wellingon Dias, do Desenvolvimento e Assist\u00eancia Social, Fam\u00edlia e Combate \u00e0 Fome do Brasil \u2013 que seria um dos palestrantes na abertura do evento \u2013 n\u00e3o p\u00f4de comparecer, e justificou problemas de sa\u00fade, mas gravou uma mensagem de apoio \u00e0 iniciativa do TCE. Ele enfatizou que o pacto contribui com as a\u00e7\u00f5es do Governo Federal. Tamb\u00e9m convidado, o Minist\u00e9rio da Educa\u00e7\u00e3o esteve representado pelo diretor de Pol\u00edticas e Diretrizes da Educa\u00e7\u00e3o Integral B\u00e1sica, Alexsando do Nascimento Santos, que representou o ministro Camilo Santana. \u201cO tempo da crian\u00e7a \u00e9 hoje, porque amanh\u00e3 pode ser tarde demais\u201d, disse ele se colocando \u00e0 disposi\u00e7\u00e3o do TCE para fortalecer o Pacto.<\/p>\n\n\n\n<figure class=\"wp-block-image aligncenter size-full\"><img loading=\"lazy\" decoding=\"async\" width=\"1024\" height=\"682\" src=\"https:\/\/tce.pb.gov.br\/portalprimeirainfancia\/wp-content\/uploads\/2025\/04\/image-11.png\" alt=\"\" class=\"wp-image-2279\" srcset=\"https:\/\/tce.pb.gov.br\/portalprimeirainfancia\/wp-content\/uploads\/2025\/04\/image-11.png 1024w, https:\/\/tce.pb.gov.br\/portalprimeirainfancia\/wp-content\/uploads\/2025\/04\/image-11-300x200.png 300w, https:\/\/tce.pb.gov.br\/portalprimeirainfancia\/wp-content\/uploads\/2025\/04\/image-11-768x512.png 768w\" sizes=\"(max-width: 1024px) 100vw, 1024px\" \/><\/figure>\n\n\n\n<p>Essa \u00e9 uma de suas a\u00e7\u00f5es mais importantes que o TCE puxou para si em toda sua hist\u00f3ria \u2013 discorreu o governador Jo\u00e3o Azev\u00eado Lins, ao discursar sobre a iniciativa da Corte de Contas. \u201cFez despertar a import\u00e2ncia do tema em cada munic\u00edpio\u201d. Frisou. Na oportunidade, o Executivo elencou iniciativas do Estado no quesito primeira inf\u00e2ncia, anunciando a ades\u00e3o do Governo ao Pacto Pela Primeira Inf\u00e2ncia. \u201cVamos juntos todos unidos para que essa pol\u00edtica seja transformadora na vida das nossas crian\u00e7as e dos nossos jovens\u201d.<\/p>\n\n\n\n<figure class=\"wp-block-gallery aligncenter has-nested-images columns-default is-cropped wp-block-gallery-1 is-layout-flex wp-block-gallery-is-layout-flex\">\n<figure class=\"wp-block-image aligncenter size-large\"><img loading=\"lazy\" decoding=\"async\" width=\"1024\" height=\"682\" data-id=\"2281\" src=\"https:\/\/tce.pb.gov.br\/portalprimeirainfancia\/wp-content\/uploads\/2025\/04\/image-13.png\" alt=\"\" class=\"wp-image-2281\" srcset=\"https:\/\/tce.pb.gov.br\/portalprimeirainfancia\/wp-content\/uploads\/2025\/04\/image-13.png 1024w, https:\/\/tce.pb.gov.br\/portalprimeirainfancia\/wp-content\/uploads\/2025\/04\/image-13-300x200.png 300w, https:\/\/tce.pb.gov.br\/portalprimeirainfancia\/wp-content\/uploads\/2025\/04\/image-13-768x512.png 768w\" sizes=\"(max-width: 1024px) 100vw, 1024px\" \/><\/figure>\n\n\n\n<figure class=\"wp-block-image size-large\"><img loading=\"lazy\" decoding=\"async\" width=\"1024\" height=\"682\" data-id=\"2280\" src=\"https:\/\/tce.pb.gov.br\/portalprimeirainfancia\/wp-content\/uploads\/2025\/04\/image-12.png\" alt=\"\" class=\"wp-image-2280\" srcset=\"https:\/\/tce.pb.gov.br\/portalprimeirainfancia\/wp-content\/uploads\/2025\/04\/image-12.png 1024w, https:\/\/tce.pb.gov.br\/portalprimeirainfancia\/wp-content\/uploads\/2025\/04\/image-12-300x200.png 300w, https:\/\/tce.pb.gov.br\/portalprimeirainfancia\/wp-content\/uploads\/2025\/04\/image-12-768x512.png 768w\" sizes=\"(max-width: 1024px) 100vw, 1024px\" \/><\/figure>\n<\/figure>\n\n\n\n<p><strong>Monte Horebe<\/strong>&nbsp;\u2013 O evento come\u00e7ou com a apresenta\u00e7\u00e3o do Grupo Musical \u201cAcordes do Monte\u201d, formado por jovens da cidade de Monte Horebe. Com a forma\u00e7\u00e3o da Mesa, os participantes, em ato solene, ouviram e cantaram o Hino Nacional. Em seguida, ap\u00f3s a fala do presidente, conselheiro F\u00e1bio Nogueira, usou a tribuna o presidente da Federa\u00e7\u00e3o dos Munic\u00edpios da Para\u00edba \u2013 Famup, George Coelho. \u201cEsse \u00e9 um momento importante patrocinado pelo TCE. E n\u00f3s como parceiros nesse projeto trabalharemos para que o pacto traga os resultados esperados\u201d, disse ao saudar a iniciativa do Tribunal de Contas.<\/p>\n\n\n\n<p>A representante da Unicef \u2013 ONU \u2013 regi\u00e3o Para\u00edba \u2013 Rio Grande do Norte e Alagoas, Imaculada Pietro, elogiou o pacto proposto pela Corte de Contas e enfatizou a satisfa\u00e7\u00e3o de assumir esse compromisso. \u201cEstamos no lugar certo, na hora certa e com as pessoas certas\u201d, disse ela, assegurando a parceria firmada, sempre buscando a melhoria no uso do dinheiro p\u00fablico em benef\u00edcio das crian\u00e7as. Na ocasi\u00e3o, ela lan\u00e7ou o selo Unicef, na mesma linha do trabalho em prol da Primeira Inf\u00e2ncia.<\/p>\n\n\n\n<figure class=\"wp-block-image aligncenter size-full\"><img loading=\"lazy\" decoding=\"async\" width=\"1024\" height=\"749\" src=\"https:\/\/tce.pb.gov.br\/portalprimeirainfancia\/wp-content\/uploads\/2025\/04\/image-14.png\" alt=\"\" class=\"wp-image-2282\" srcset=\"https:\/\/tce.pb.gov.br\/portalprimeirainfancia\/wp-content\/uploads\/2025\/04\/image-14.png 1024w, https:\/\/tce.pb.gov.br\/portalprimeirainfancia\/wp-content\/uploads\/2025\/04\/image-14-300x219.png 300w, https:\/\/tce.pb.gov.br\/portalprimeirainfancia\/wp-content\/uploads\/2025\/04\/image-14-768x562.png 768w\" sizes=\"(max-width: 1024px) 100vw, 1024px\" \/><\/figure>\n\n\n\n<p><strong>Atricon<\/strong>&nbsp;\u2013 O conselheiro Edilson de Sousa Silva, presidente da Atricon \u2013 Associa\u00e7\u00e3o dos Tribunais de Contas do Brasil, que prestigiou o evento, falou de sua alegria em participar da assinatura do pacto, que inicia uma nova realidade, com o apoio da classe pol\u00edtica, em busca de melhorias para as crian\u00e7as que ser\u00e3o os cidad\u00e3os do futuro. Para ele, a primeira inf\u00e2ncia \u00e9 a base que se edifica toda a trajet\u00f3ria de uma pessoa. \u201cInvestir na crian\u00e7a \u00e9 investir na constru\u00e7\u00e3o de uma sociedade mais inclusiva, solid\u00e1ria e pr\u00f3spera\u201d, disse. O conselheiro manifestou irrestrito apoio ao pacto, como representante de todos os membros dos tribunais de contas do pa\u00eds. &nbsp;&nbsp;&nbsp;&nbsp;&nbsp;<\/p>\n\n\n\n<p>O deputado Adriano Galdino, presidente da Assembleia Legislativa tamb\u00e9m usou da palavra e manifestou o apoio dos parlamentares \u00e0 realiza\u00e7\u00e3o do Pacto pela Primeira Inf\u00e2ncia. \u201cEsse \u00e9 um momento especial. Vamos nos unir e contribuir com o melhor, porque as crian\u00e7as merecem o nosso esfor\u00e7o para que elas possam ter um mundo melhor e mais justo para todos\u201d. O deputado ainda conclamou os prefeitos para contribuir com o \u00eaxito do pacto, observando que tudo acontece no \u00e2mbito dos munic\u00edpios.<\/p>\n\n\n\n<figure class=\"wp-block-gallery has-nested-images columns-default is-cropped wp-block-gallery-2 is-layout-flex wp-block-gallery-is-layout-flex\">\n<figure class=\"wp-block-image aligncenter size-large\"><img loading=\"lazy\" decoding=\"async\" width=\"1024\" height=\"682\" data-id=\"2283\" src=\"https:\/\/tce.pb.gov.br\/portalprimeirainfancia\/wp-content\/uploads\/2025\/04\/image-15.png\" alt=\"\" class=\"wp-image-2283\" srcset=\"https:\/\/tce.pb.gov.br\/portalprimeirainfancia\/wp-content\/uploads\/2025\/04\/image-15.png 1024w, https:\/\/tce.pb.gov.br\/portalprimeirainfancia\/wp-content\/uploads\/2025\/04\/image-15-300x200.png 300w, https:\/\/tce.pb.gov.br\/portalprimeirainfancia\/wp-content\/uploads\/2025\/04\/image-15-768x512.png 768w\" sizes=\"(max-width: 1024px) 100vw, 1024px\" \/><\/figure>\n\n\n\n<figure class=\"wp-block-image size-large\"><img loading=\"lazy\" decoding=\"async\" width=\"1024\" height=\"682\" data-id=\"2284\" src=\"https:\/\/tce.pb.gov.br\/portalprimeirainfancia\/wp-content\/uploads\/2025\/04\/image-16.png\" alt=\"\" class=\"wp-image-2284\" srcset=\"https:\/\/tce.pb.gov.br\/portalprimeirainfancia\/wp-content\/uploads\/2025\/04\/image-16.png 1024w, https:\/\/tce.pb.gov.br\/portalprimeirainfancia\/wp-content\/uploads\/2025\/04\/image-16-300x200.png 300w, https:\/\/tce.pb.gov.br\/portalprimeirainfancia\/wp-content\/uploads\/2025\/04\/image-16-768x512.png 768w\" sizes=\"(max-width: 1024px) 100vw, 1024px\" \/><\/figure>\n\n\n\n<figure class=\"wp-block-image size-large\"><img loading=\"lazy\" decoding=\"async\" width=\"1024\" height=\"681\" data-id=\"2285\" src=\"https:\/\/tce.pb.gov.br\/portalprimeirainfancia\/wp-content\/uploads\/2025\/04\/image-17.png\" alt=\"\" class=\"wp-image-2285\" srcset=\"https:\/\/tce.pb.gov.br\/portalprimeirainfancia\/wp-content\/uploads\/2025\/04\/image-17.png 1024w, https:\/\/tce.pb.gov.br\/portalprimeirainfancia\/wp-content\/uploads\/2025\/04\/image-17-300x200.png 300w, https:\/\/tce.pb.gov.br\/portalprimeirainfancia\/wp-content\/uploads\/2025\/04\/image-17-768x511.png 768w\" sizes=\"(max-width: 1024px) 100vw, 1024px\" \/><\/figure>\n\n\n\n<figure class=\"wp-block-image size-large\"><img loading=\"lazy\" decoding=\"async\" width=\"1024\" height=\"681\" data-id=\"2286\" src=\"https:\/\/tce.pb.gov.br\/portalprimeirainfancia\/wp-content\/uploads\/2025\/04\/image-18.png\" alt=\"\" class=\"wp-image-2286\" srcset=\"https:\/\/tce.pb.gov.br\/portalprimeirainfancia\/wp-content\/uploads\/2025\/04\/image-18.png 1024w, https:\/\/tce.pb.gov.br\/portalprimeirainfancia\/wp-content\/uploads\/2025\/04\/image-18-300x200.png 300w, https:\/\/tce.pb.gov.br\/portalprimeirainfancia\/wp-content\/uploads\/2025\/04\/image-18-768x511.png 768w\" sizes=\"(max-width: 1024px) 100vw, 1024px\" \/><\/figure>\n\n\n\n<figure class=\"wp-block-image size-large\"><img loading=\"lazy\" decoding=\"async\" width=\"1024\" height=\"681\" data-id=\"2287\" src=\"https:\/\/tce.pb.gov.br\/portalprimeirainfancia\/wp-content\/uploads\/2025\/04\/image-19.png\" alt=\"\" class=\"wp-image-2287\" srcset=\"https:\/\/tce.pb.gov.br\/portalprimeirainfancia\/wp-content\/uploads\/2025\/04\/image-19.png 1024w, https:\/\/tce.pb.gov.br\/portalprimeirainfancia\/wp-content\/uploads\/2025\/04\/image-19-300x200.png 300w, https:\/\/tce.pb.gov.br\/portalprimeirainfancia\/wp-content\/uploads\/2025\/04\/image-19-768x511.png 768w\" sizes=\"(max-width: 1024px) 100vw, 1024px\" \/><\/figure>\n<\/figure>\n\n\n\n<p><strong>Assinatura<\/strong>&nbsp;\u2013 A assinatura do Pacto Paraibano pela Primeira Inf\u00e2ncia, coordenado pelo presidente F\u00e1bio Nogueira, tamb\u00e9m contou com as presen\u00e7as dos membros da Corte, conselheiros Nominando Diniz, Fernando Cat\u00e3o e Arn\u00f3bio Viana, al\u00e9m do conselheiro substituto Marcus Vin\u00edcius Carvalho Farias. O ato ocorreu no final da manh\u00e3, momento em que os representantes dos Poderes Executivo, Legislativo e Judici\u00e1rio, Minist\u00e9rios P\u00fablico e do Trabalho, Ordem dos Advogados, meios acad\u00eamicos, setores da ind\u00fastria e do com\u00e9rcio e segmentos organizados da sociedade assinaram o protocolo oficial. Durante o evento foi apresentado o site da Primeira Inf\u00e2ncia (<a href=\"https:\/\/tce.pb.gov.br\/portalprimeirainfancia\/\" target=\"_blank\" rel=\"noreferrer noopener\">https:\/\/tce.pb.gov.br\/portalprimeirainfancia\/<\/a>), um espa\u00e7o dedicado ao fomento de a\u00e7\u00f5es, \u00e0 divulga\u00e7\u00e3o de boas pr\u00e1ticas e ao acompanhamento de indicadores relacionados \u00e0 situa\u00e7\u00e3o da Primeira Inf\u00e2ncia na Para\u00edba.<\/p>\n\n\n\n<p>S\u00e3o parceiros, ainda, dessa iniciativa a Associa\u00e7\u00e3o de Membros dos Tribunais de Contas do Brasil (Atricon), o Tribunal de Contas da Uni\u00e3o (TCU), o Instituto Rui Barbosa, a C\u00e2mara dos Deputados, o Governo Estadual, a Assembl\u00e9ia Legislativa, o Tribunal de Justi\u00e7a, o Tribunal Regional do Trabalho da 13\u00aa Regi\u00e3o, as Defensorias P\u00fablicas da Uni\u00e3o e do Estado, a Federa\u00e7\u00e3o das Associa\u00e7\u00f5es dos Munic\u00edpios Paraibanos (Famup), a Unicef, o Instituto Federal da Para\u00edba, as Universidades Federal (UFPB), Estadual (UEPB) e de Campina Grande (UFCG), o Sebrae, a Faepa\/Senar, a Federa\u00e7\u00e3o das Ind\u00fastrias da Para\u00edba e a Fecom\u00e9rcio.<\/p>\n\n\n\n<figure class=\"wp-block-image aligncenter size-full\"><img loading=\"lazy\" decoding=\"async\" width=\"1024\" height=\"987\" src=\"https:\/\/tce.pb.gov.br\/portalprimeirainfancia\/wp-content\/uploads\/2025\/04\/image-20.png\" alt=\"\" class=\"wp-image-2288\" srcset=\"https:\/\/tce.pb.gov.br\/portalprimeirainfancia\/wp-content\/uploads\/2025\/04\/image-20.png 1024w, https:\/\/tce.pb.gov.br\/portalprimeirainfancia\/wp-content\/uploads\/2025\/04\/image-20-300x289.png 300w, https:\/\/tce.pb.gov.br\/portalprimeirainfancia\/wp-content\/uploads\/2025\/04\/image-20-768x740.png 768w\" sizes=\"(max-width: 1024px) 100vw, 1024px\" \/><\/figure>\n\n\n\n<p>A programa\u00e7\u00e3o encerrou, pela manh\u00e3, com uma palestra do conselheiro Edilberto Pontes Lima,\u00a0presidente do Instituto Rui Barbosa \u2013 IRB. Ele abordou sobre a import\u00e2ncia da primeira inf\u00e2ncia e o papel das pol\u00edticas p\u00fablicas.\u00a0Ainda pontuou a a\u00e7\u00e3o dos tribunais de contas como indutores dessas pol\u00edticas, que podem mudar a vida das crian\u00e7as. No tema, busca-se investir na fase mais importante para a forma\u00e7\u00e3o intelectual do cidad\u00e3o, que \u00e9 na primeira inf\u00e2ncia, nessa idade de zero a seis anos. Ele falou ainda de experi\u00eancias e exemplo de boas pr\u00e1ticas. \u201cO papel do TCE \u00e9 facilitar na execu\u00e7\u00e3o do or\u00e7amento, avaliar a efetividade e sensibilizar a sociedade.<\/p>\n\n\n\n<figure class=\"wp-block-gallery has-nested-images columns-default is-cropped wp-block-gallery-3 is-layout-flex wp-block-gallery-is-layout-flex\">\n<figure class=\"wp-block-image aligncenter size-large\"><img loading=\"lazy\" decoding=\"async\" width=\"1024\" height=\"681\" data-id=\"2289\" src=\"https:\/\/tce.pb.gov.br\/portalprimeirainfancia\/wp-content\/uploads\/2025\/04\/image-21.png\" alt=\"\" class=\"wp-image-2289\" srcset=\"https:\/\/tce.pb.gov.br\/portalprimeirainfancia\/wp-content\/uploads\/2025\/04\/image-21.png 1024w, https:\/\/tce.pb.gov.br\/portalprimeirainfancia\/wp-content\/uploads\/2025\/04\/image-21-300x200.png 300w, https:\/\/tce.pb.gov.br\/portalprimeirainfancia\/wp-content\/uploads\/2025\/04\/image-21-768x511.png 768w\" sizes=\"(max-width: 1024px) 100vw, 1024px\" \/><\/figure>\n\n\n\n<figure class=\"wp-block-image size-large\"><img loading=\"lazy\" decoding=\"async\" width=\"1024\" height=\"682\" data-id=\"2290\" src=\"https:\/\/tce.pb.gov.br\/portalprimeirainfancia\/wp-content\/uploads\/2025\/04\/image-22.png\" alt=\"\" class=\"wp-image-2290\" srcset=\"https:\/\/tce.pb.gov.br\/portalprimeirainfancia\/wp-content\/uploads\/2025\/04\/image-22.png 1024w, https:\/\/tce.pb.gov.br\/portalprimeirainfancia\/wp-content\/uploads\/2025\/04\/image-22-300x200.png 300w, https:\/\/tce.pb.gov.br\/portalprimeirainfancia\/wp-content\/uploads\/2025\/04\/image-22-768x512.png 768w\" sizes=\"(max-width: 1024px) 100vw, 1024px\" \/><\/figure>\n\n\n\n<figure class=\"wp-block-image size-large\"><img loading=\"lazy\" decoding=\"async\" width=\"1024\" height=\"682\" data-id=\"2291\" src=\"https:\/\/tce.pb.gov.br\/portalprimeirainfancia\/wp-content\/uploads\/2025\/04\/image-23.png\" alt=\"\" class=\"wp-image-2291\" srcset=\"https:\/\/tce.pb.gov.br\/portalprimeirainfancia\/wp-content\/uploads\/2025\/04\/image-23.png 1024w, https:\/\/tce.pb.gov.br\/portalprimeirainfancia\/wp-content\/uploads\/2025\/04\/image-23-300x200.png 300w, https:\/\/tce.pb.gov.br\/portalprimeirainfancia\/wp-content\/uploads\/2025\/04\/image-23-768x512.png 768w\" sizes=\"(max-width: 1024px) 100vw, 1024px\" \/><\/figure>\n\n\n\n<figure class=\"wp-block-image size-large\"><img loading=\"lazy\" decoding=\"async\" width=\"1024\" height=\"682\" data-id=\"2293\" src=\"https:\/\/tce.pb.gov.br\/portalprimeirainfancia\/wp-content\/uploads\/2025\/04\/image-25.png\" alt=\"\" class=\"wp-image-2293\" srcset=\"https:\/\/tce.pb.gov.br\/portalprimeirainfancia\/wp-content\/uploads\/2025\/04\/image-25.png 1024w, https:\/\/tce.pb.gov.br\/portalprimeirainfancia\/wp-content\/uploads\/2025\/04\/image-25-300x200.png 300w, https:\/\/tce.pb.gov.br\/portalprimeirainfancia\/wp-content\/uploads\/2025\/04\/image-25-768x512.png 768w\" sizes=\"(max-width: 1024px) 100vw, 1024px\" \/><\/figure>\n\n\n\n<figure class=\"wp-block-image size-large\"><img loading=\"lazy\" decoding=\"async\" width=\"1024\" height=\"682\" data-id=\"2294\" src=\"https:\/\/tce.pb.gov.br\/portalprimeirainfancia\/wp-content\/uploads\/2025\/04\/image-26.png\" alt=\"\" class=\"wp-image-2294\" srcset=\"https:\/\/tce.pb.gov.br\/portalprimeirainfancia\/wp-content\/uploads\/2025\/04\/image-26.png 1024w, https:\/\/tce.pb.gov.br\/portalprimeirainfancia\/wp-content\/uploads\/2025\/04\/image-26-300x200.png 300w, https:\/\/tce.pb.gov.br\/portalprimeirainfancia\/wp-content\/uploads\/2025\/04\/image-26-768x512.png 768w\" sizes=\"(max-width: 1024px) 100vw, 1024px\" \/><\/figure>\n<\/figure>\n\n\n\n<p><strong>Composi\u00e7\u00e3o<\/strong>&nbsp;\u2013 Compuseram a mesa dos trabalhos o presidente do TCE, conselheiro F\u00e1bio Nogueira, o governador Jo\u00e3o Azevedo Lins, deputado Adriano Galdino (ALPB), desembargador Frederico Coutinho (TJPB), Deputados federais Rui Carneiro e Wilson Santiago, Alexsando do Nascimento Santos (MEC), C\u00edcero Lucena (PMJP), Ant\u00f4nio Hort\u00eancio Rocha Neto (MPPB), Desembargadora Herminegilda Leite Machado (TRT), Osvaldo Trigueiro do Vale (TRE), Lucas Ramalho de Ara\u00fajo (AGU), procurador Rog\u00e9rio Sit\u00f4nio (PRT), Defensora Maria Madalena Abrantes (DP).<\/p>\n\n\n\n<p>Tamb\u00e9m os conselheiro Edilson de Sousa Silva (Atricon), Edilberto Carlos Pontes Lima (IRB) e Andr\u00e9 Carlo Torres Pontes (TCE-PB), vereador Dinho Dowsley (CMJP), secret\u00e1rio Wilson Filho (SEC), Ari Reis (Sec. Sa\u00fade), secret\u00e1ria Pollyanna Werton (Des Humano), George Coelho (Famup), Auditor Claudivan Silva Costa (TCU), advogado Harrison Targino (OAB), Imaculada Pietro (Unicef), Professor C\u00e9lia Diniz (UEPB), professora Monica N\u00f3brega (UFPB), Camilo Allyson Sim\u00f5es de Farias (UFCG), Mari Roberta (IFPB) e Magno C\u00e9sar Rossi (Sinditextil\/PB- FIEP), Alberto Vieira de Atayde (FAEPA) e Neto Franca (Sebrae).<\/p>\n\n\n\n<p>Na mesa de extens\u00e3o estiveram presentes ainda o representante do arcebispo metropolitano de Jo\u00e3o Pessoa, Bispo auxiliar Don Alcivan Tadeu Gomes de Ara\u00fajo, Leonardo Cardoso de Magalhaes (DPU), F\u00e1bio Brito Ferreira (PGE), conselheiros Jos\u00e9 Carlos Filizola (TCE-SE) e Edson Ferrari (TCE-GO), deputada estadual Francisca Mota, Leo Arno Richter (auditor TCE-RS), professora &nbsp;&nbsp;Adelaide Alves Dias (Rede Primeira Inf\u00e2ncia), Valeska Magalh\u00e3es Ferreira (UVB), Soraya Galdino de Ara\u00fajo Lucena (CSMS-PB), Nayra Cinthya de Morais Santos (CEGMAS-PB).<\/p>\n\n\n\n<style id=\"bwg-style-0\">    #bwg_container1_0 #bwg_container2_0 .bwg-container-0.bwg-standard-thumbnails {      width: 704px;              justify-content: center;        margin:0 auto !important;              background-color: rgba(255, 255, 255, 0.00);            padding-left: 4px;      padding-top: 4px;      max-width: 100%;            }        #bwg_container1_0 #bwg_container2_0 .bwg-container-0.bwg-standard-thumbnails .bwg-item {    justify-content: flex-end;      max-width: 140px;          }    #bwg_container1_0 #bwg_container2_0 .bwg-container-0.bwg-standard-thumbnails .bwg-item a {       margin-right: 4px;       margin-bottom: 4px;    }    #bwg_container1_0 #bwg_container2_0 .bwg-container-0.bwg-standard-thumbnails .bwg-item0 {      padding: 0px;            background-color:rgba(0,0,0, 0.30);      border: 0px none #CCCCCC;      opacity: 1.00;      border-radius: 0;      box-shadow: ;    }    #bwg_container1_0 #bwg_container2_0 .bwg-container-0.bwg-standard-thumbnails .bwg-item1 img {      max-height: none;      max-width: none;      padding: 0 !important;    }         @media only screen and (min-width: 480px) {\t\t#bwg_container1_0 #bwg_container2_0 .bwg-container-0.bwg-standard-thumbnails .bwg-item1 img {\t\t\t-webkit-transition: all .3s; transition: all .3s;\t\t}\t\t#bwg_container1_0 #bwg_container2_0 .bwg-container-0.bwg-standard-thumbnails .bwg-item1 img:hover {\t\t\t-ms-transform: scale(1.08);\t\t\t-webkit-transform: scale(1.08);\t\t\ttransform: scale(1.08);\t\t}\t\t      }\t    #bwg_container1_0 #bwg_container2_0 .bwg-container-0.bwg-standard-thumbnails .bwg-item1 {      padding-top: 100%;    }        #bwg_container1_0 #bwg_container2_0 .bwg-container-0.bwg-standard-thumbnails .bwg-title2,    #bwg_container1_0 #bwg_container2_0 .bwg-container-0.bwg-standard-thumbnails .bwg-ecommerce2 {      color: #323A45;      font-family: Roboto;      font-size: 16px;      font-weight: bold;      padding: 0px 0px 20px 0px;      text-shadow: ;      max-height: 100%;    }    #bwg_container1_0 #bwg_container2_0 .bwg-container-0.bwg-standard-thumbnails .bwg-thumb-description span {    color: #323A45;    font-family: Ubuntu;    font-size: 12px;    max-height: 100%;    word-wrap: break-word;    }    #bwg_container1_0 #bwg_container2_0 .bwg-container-0.bwg-standard-thumbnails .bwg-play-icon2 {      font-size: 32px;    }    #bwg_container1_0 #bwg_container2_0 .bwg-container-0.bwg-standard-thumbnails .bwg-ecommerce2 {      font-size: 19.2px;      color: #323A45;    }    <\/style>    <div id=\"bwg_container1_0\"         class=\"bwg_container bwg_thumbnail bwg_thumbnails \"         data-right-click-protection=\"0\"         data-bwg=\"0\"         data-scroll=\"0\"         data-gallery-type=\"thumbnails\"         data-gallery-view-type=\"thumbnails\"         data-current-url=\"\/portalprimeirainfancia\/wp-json\/wp\/v2\/posts\/2274\"         data-lightbox-url=\"https:\/\/tce.pb.gov.br\/portalprimeirainfancia\/wp-admin\/admin-ajax.php?action=GalleryBox&#038;current_view=0&#038;gallery_id=18&#038;tag=0&#038;theme_id=1&#038;shortcode_id=35&#038;sort_by=order&#038;order_by=asc&#038;current_url=%2Fportalprimeirainfancia%2Fwp-json%2Fwp%2Fv2%2Fposts%2F2274\"         data-gallery-id=\"18\"         data-popup-width=\"800\"         data-popup-height=\"500\"         data-is-album=\"gallery\"         data-buttons-position=\"bottom\">      <div id=\"bwg_container2_0\">             <div id=\"ajax_loading_0\" class=\"bwg_loading_div_1\">      <div class=\"bwg_loading_div_2\">        <div class=\"bwg_loading_div_3\">          <div id=\"loading_div_0\" class=\"bwg_spider_ajax_loading\">          <\/div>        <\/div>      <\/div>    <\/div>            <form id=\"gal_front_form_0\"              class=\"bwg-hidden\"              method=\"post\"              action=\"#\"              data-current=\"0\"              data-shortcode-id=\"35\"              data-gallery-type=\"thumbnails\"              data-gallery-id=\"18\"              data-tag=\"0\"              data-album-id=\"0\"              data-theme-id=\"1\"              data-ajax-url=\"https:\/\/tce.pb.gov.br\/portalprimeirainfancia\/wp-admin\/admin-ajax.php?action=bwg_frontend_data\">          <div id=\"bwg_container3_0\" class=\"bwg-background bwg-background-0\">                <div data-max-count=\"5\"         data-thumbnail-width=\"140\"         data-bwg=\"0\"         data-gallery-id=\"18\"         data-lightbox-url=\"https:\/\/tce.pb.gov.br\/portalprimeirainfancia\/wp-admin\/admin-ajax.php?action=GalleryBox&amp;current_view=0&amp;gallery_id=18&amp;tag=0&amp;theme_id=1&amp;shortcode_id=35&amp;sort_by=order&amp;order_by=asc&amp;current_url=%2Fportalprimeirainfancia%2Fwp-json%2Fwp%2Fv2%2Fposts%2F2274\"         id=\"bwg_thumbnails_0\"         class=\"bwg-container-0 bwg-thumbnails bwg-standard-thumbnails bwg-container bwg-border-box\">            <div class=\"bwg-item\">        <a class=\"bwg-a  bwg_lightbox\"  data-image-id=\"1430\" href=\"https:\/\/tce.pb.gov.br\/portalprimeirainfancia\/wp-content\/uploads\/photo-gallery\/Lancamento-Pacto-201.jpg?bwg=1745943155\" data-elementor-open-lightbox=\"no\">                <div class=\"bwg-item0 \">          <div class=\"bwg-item1 \">            <div class=\"bwg-item2\">              <img decoding=\"async\" class=\"skip-lazy bwg_standart_thumb_img_0 \"                   data-id=\"1430\"                   data-width=\"802.00\"                   data-height=\"1200.00\"                   data-src=\"https:\/\/tce.pb.gov.br\/portalprimeirainfancia\/wp-content\/uploads\/photo-gallery\/thumb\/Lancamento-Pacto-201.jpg?bwg=1745943155\"                   src=\"https:\/\/tce.pb.gov.br\/portalprimeirainfancia\/wp-content\/uploads\/photo-gallery\/thumb\/Lancamento-Pacto-201.jpg?bwg=1745943155\"                   alt=\"\"                   title=\"\" \/>            <\/div>            <div class=\"\">                                                      <\/div>          <\/div>        <\/div>                        <\/a>              <\/div>            <div class=\"bwg-item\">        <a class=\"bwg-a  bwg_lightbox\"  data-image-id=\"1431\" href=\"https:\/\/tce.pb.gov.br\/portalprimeirainfancia\/wp-content\/uploads\/photo-gallery\/Lancamento-Pacto-203.jpg?bwg=1745943155\" data-elementor-open-lightbox=\"no\">                <div class=\"bwg-item0 \">          <div class=\"bwg-item1 \">            <div class=\"bwg-item2\">              <img decoding=\"async\" class=\"skip-lazy bwg_standart_thumb_img_0 \"                   data-id=\"1431\"                   data-width=\"1200.00\"                   data-height=\"802.00\"                   data-src=\"https:\/\/tce.pb.gov.br\/portalprimeirainfancia\/wp-content\/uploads\/photo-gallery\/thumb\/Lancamento-Pacto-203.jpg?bwg=1745943155\"                   src=\"https:\/\/tce.pb.gov.br\/portalprimeirainfancia\/wp-content\/uploads\/photo-gallery\/thumb\/Lancamento-Pacto-203.jpg?bwg=1745943155\"                   alt=\"\"                   title=\"\" \/>            <\/div>            <div class=\"\">                                                      <\/div>          <\/div>        <\/div>                        <\/a>              <\/div>            <div class=\"bwg-item\">        <a class=\"bwg-a  bwg_lightbox\"  data-image-id=\"1432\" href=\"https:\/\/tce.pb.gov.br\/portalprimeirainfancia\/wp-content\/uploads\/photo-gallery\/Lancamento-Pacto-204.jpg?bwg=1745943155\" data-elementor-open-lightbox=\"no\">                <div class=\"bwg-item0 \">          <div class=\"bwg-item1 \">            <div class=\"bwg-item2\">              <img decoding=\"async\" class=\"skip-lazy bwg_standart_thumb_img_0 \"                   data-id=\"1432\"                   data-width=\"1200.00\"                   data-height=\"802.00\"                   data-src=\"https:\/\/tce.pb.gov.br\/portalprimeirainfancia\/wp-content\/uploads\/photo-gallery\/thumb\/Lancamento-Pacto-204.jpg?bwg=1745943155\"                   src=\"https:\/\/tce.pb.gov.br\/portalprimeirainfancia\/wp-content\/uploads\/photo-gallery\/thumb\/Lancamento-Pacto-204.jpg?bwg=1745943155\"                   alt=\"\"                   title=\"\" \/>            <\/div>            <div class=\"\">                                                      <\/div>          <\/div>        <\/div>                        <\/a>              <\/div>            <div class=\"bwg-item\">        <a class=\"bwg-a  bwg_lightbox\"  data-image-id=\"1433\" href=\"https:\/\/tce.pb.gov.br\/portalprimeirainfancia\/wp-content\/uploads\/photo-gallery\/Lancamento-Pacto-200.jpg?bwg=1745943155\" data-elementor-open-lightbox=\"no\">                <div class=\"bwg-item0 \">          <div class=\"bwg-item1 \">            <div class=\"bwg-item2\">              <img decoding=\"async\" class=\"skip-lazy bwg_standart_thumb_img_0 \"                   data-id=\"1433\"                   data-width=\"1200.00\"                   data-height=\"802.00\"                   data-src=\"https:\/\/tce.pb.gov.br\/portalprimeirainfancia\/wp-content\/uploads\/photo-gallery\/thumb\/Lancamento-Pacto-200.jpg?bwg=1745943155\"                   src=\"https:\/\/tce.pb.gov.br\/portalprimeirainfancia\/wp-content\/uploads\/photo-gallery\/thumb\/Lancamento-Pacto-200.jpg?bwg=1745943155\"                   alt=\"\"                   title=\"\" \/>            <\/div>            <div class=\"\">                                                      <\/div>          <\/div>        <\/div>                        <\/a>              <\/div>            <div class=\"bwg-item\">        <a class=\"bwg-a  bwg_lightbox\"  data-image-id=\"1434\" href=\"https:\/\/tce.pb.gov.br\/portalprimeirainfancia\/wp-content\/uploads\/photo-gallery\/Lancamento-Pacto-202.jpg?bwg=1745943155\" data-elementor-open-lightbox=\"no\">                <div class=\"bwg-item0 \">          <div class=\"bwg-item1 \">            <div class=\"bwg-item2\">              <img decoding=\"async\" class=\"skip-lazy bwg_standart_thumb_img_0 \"                   data-id=\"1434\"                   data-width=\"1200.00\"                   data-height=\"802.00\"                   data-src=\"https:\/\/tce.pb.gov.br\/portalprimeirainfancia\/wp-content\/uploads\/photo-gallery\/thumb\/Lancamento-Pacto-202.jpg?bwg=1745943155\"                   src=\"https:\/\/tce.pb.gov.br\/portalprimeirainfancia\/wp-content\/uploads\/photo-gallery\/thumb\/Lancamento-Pacto-202.jpg?bwg=1745943155\"                   alt=\"\"                   title=\"\" \/>            <\/div>            <div class=\"\">                                                      <\/div>          <\/div>        <\/div>                        <\/a>              <\/div>            <div class=\"bwg-item\">        <a class=\"bwg-a  bwg_lightbox\"  data-image-id=\"1435\" href=\"https:\/\/tce.pb.gov.br\/portalprimeirainfancia\/wp-content\/uploads\/photo-gallery\/Lancamento-Pacto-206.jpg?bwg=1745943155\" data-elementor-open-lightbox=\"no\">                <div class=\"bwg-item0 \">          <div class=\"bwg-item1 \">            <div class=\"bwg-item2\">              <img decoding=\"async\" class=\"skip-lazy bwg_standart_thumb_img_0 \"                   data-id=\"1435\"                   data-width=\"1200.00\"                   data-height=\"802.00\"                   data-src=\"https:\/\/tce.pb.gov.br\/portalprimeirainfancia\/wp-content\/uploads\/photo-gallery\/thumb\/Lancamento-Pacto-206.jpg?bwg=1745943155\"                   src=\"https:\/\/tce.pb.gov.br\/portalprimeirainfancia\/wp-content\/uploads\/photo-gallery\/thumb\/Lancamento-Pacto-206.jpg?bwg=1745943155\"                   alt=\"\"                   title=\"\" \/>            <\/div>            <div class=\"\">                                                      <\/div>          <\/div>        <\/div>                        <\/a>              <\/div>            <div class=\"bwg-item\">        <a class=\"bwg-a  bwg_lightbox\"  data-image-id=\"1436\" href=\"https:\/\/tce.pb.gov.br\/portalprimeirainfancia\/wp-content\/uploads\/photo-gallery\/Lancamento-Pacto-207.jpg?bwg=1745943155\" data-elementor-open-lightbox=\"no\">                <div class=\"bwg-item0 \">          <div class=\"bwg-item1 \">            <div class=\"bwg-item2\">              <img decoding=\"async\" class=\"skip-lazy bwg_standart_thumb_img_0 \"                   data-id=\"1436\"                   data-width=\"1200.00\"                   data-height=\"802.00\"                   data-src=\"https:\/\/tce.pb.gov.br\/portalprimeirainfancia\/wp-content\/uploads\/photo-gallery\/thumb\/Lancamento-Pacto-207.jpg?bwg=1745943155\"                   src=\"https:\/\/tce.pb.gov.br\/portalprimeirainfancia\/wp-content\/uploads\/photo-gallery\/thumb\/Lancamento-Pacto-207.jpg?bwg=1745943155\"                   alt=\"\"                   title=\"\" \/>            <\/div>            <div class=\"\">                                                      <\/div>          <\/div>        <\/div>                        <\/a>              <\/div>            <div class=\"bwg-item\">        <a class=\"bwg-a  bwg_lightbox\"  data-image-id=\"1437\" href=\"https:\/\/tce.pb.gov.br\/portalprimeirainfancia\/wp-content\/uploads\/photo-gallery\/Lancamento-Pacto-209.jpg?bwg=1745943155\" data-elementor-open-lightbox=\"no\">                <div class=\"bwg-item0 \">          <div class=\"bwg-item1 \">            <div class=\"bwg-item2\">              <img decoding=\"async\" class=\"skip-lazy bwg_standart_thumb_img_0 \"                   data-id=\"1437\"                   data-width=\"802.00\"                   data-height=\"1200.00\"                   data-src=\"https:\/\/tce.pb.gov.br\/portalprimeirainfancia\/wp-content\/uploads\/photo-gallery\/thumb\/Lancamento-Pacto-209.jpg?bwg=1745943155\"                   src=\"https:\/\/tce.pb.gov.br\/portalprimeirainfancia\/wp-content\/uploads\/photo-gallery\/thumb\/Lancamento-Pacto-209.jpg?bwg=1745943155\"                   alt=\"\"                   title=\"\" \/>            <\/div>            <div class=\"\">                                                      <\/div>          <\/div>        <\/div>                        <\/a>              <\/div>            <div class=\"bwg-item\">        <a class=\"bwg-a  bwg_lightbox\"  data-image-id=\"1438\" href=\"https:\/\/tce.pb.gov.br\/portalprimeirainfancia\/wp-content\/uploads\/photo-gallery\/Lancamento-Pacto-208.jpg?bwg=1745943155\" data-elementor-open-lightbox=\"no\">                <div class=\"bwg-item0 \">          <div class=\"bwg-item1 \">            <div class=\"bwg-item2\">              <img decoding=\"async\" class=\"skip-lazy bwg_standart_thumb_img_0 \"                   data-id=\"1438\"                   data-width=\"1200.00\"                   data-height=\"802.00\"                   data-src=\"https:\/\/tce.pb.gov.br\/portalprimeirainfancia\/wp-content\/uploads\/photo-gallery\/thumb\/Lancamento-Pacto-208.jpg?bwg=1745943155\"                   src=\"https:\/\/tce.pb.gov.br\/portalprimeirainfancia\/wp-content\/uploads\/photo-gallery\/thumb\/Lancamento-Pacto-208.jpg?bwg=1745943155\"                   alt=\"\"                   title=\"\" \/>            <\/div>            <div class=\"\">                                                      <\/div>          <\/div>        <\/div>                        <\/a>              <\/div>            <div class=\"bwg-item\">        <a class=\"bwg-a  bwg_lightbox\"  data-image-id=\"1439\" href=\"https:\/\/tce.pb.gov.br\/portalprimeirainfancia\/wp-content\/uploads\/photo-gallery\/Lancamento-Pacto-205.jpg?bwg=1745943155\" data-elementor-open-lightbox=\"no\">                <div class=\"bwg-item0 \">          <div class=\"bwg-item1 \">            <div class=\"bwg-item2\">              <img decoding=\"async\" class=\"skip-lazy bwg_standart_thumb_img_0 \"                   data-id=\"1439\"                   data-width=\"1200.00\"                   data-height=\"802.00\"                   data-src=\"https:\/\/tce.pb.gov.br\/portalprimeirainfancia\/wp-content\/uploads\/photo-gallery\/thumb\/Lancamento-Pacto-205.jpg?bwg=1745943155\"                   src=\"https:\/\/tce.pb.gov.br\/portalprimeirainfancia\/wp-content\/uploads\/photo-gallery\/thumb\/Lancamento-Pacto-205.jpg?bwg=1745943155\"                   alt=\"\"                   title=\"\" \/>            <\/div>            <div class=\"\">                                                      <\/div>          <\/div>        <\/div>                        <\/a>              <\/div>            <div class=\"bwg-item\">        <a class=\"bwg-a  bwg_lightbox\"  data-image-id=\"1440\" href=\"https:\/\/tce.pb.gov.br\/portalprimeirainfancia\/wp-content\/uploads\/photo-gallery\/Lancamento-Pacto-210.jpg?bwg=1745943155\" data-elementor-open-lightbox=\"no\">                <div class=\"bwg-item0 \">          <div class=\"bwg-item1 \">            <div class=\"bwg-item2\">              <img decoding=\"async\" class=\"skip-lazy bwg_standart_thumb_img_0 \"                   data-id=\"1440\"                   data-width=\"1200.00\"                   data-height=\"802.00\"                   data-src=\"https:\/\/tce.pb.gov.br\/portalprimeirainfancia\/wp-content\/uploads\/photo-gallery\/thumb\/Lancamento-Pacto-210.jpg?bwg=1745943155\"                   src=\"https:\/\/tce.pb.gov.br\/portalprimeirainfancia\/wp-content\/uploads\/photo-gallery\/thumb\/Lancamento-Pacto-210.jpg?bwg=1745943155\"                   alt=\"\"                   title=\"\" \/>            <\/div>            <div class=\"\">                                                      <\/div>          <\/div>        <\/div>                        <\/a>              <\/div>            <div class=\"bwg-item\">        <a class=\"bwg-a  bwg_lightbox\"  data-image-id=\"1441\" href=\"https:\/\/tce.pb.gov.br\/portalprimeirainfancia\/wp-content\/uploads\/photo-gallery\/Lancamento-Pacto-211.jpg?bwg=1745943155\" data-elementor-open-lightbox=\"no\">                <div class=\"bwg-item0 \">          <div class=\"bwg-item1 \">            <div class=\"bwg-item2\">              <img decoding=\"async\" class=\"skip-lazy bwg_standart_thumb_img_0 \"                   data-id=\"1441\"                   data-width=\"802.00\"                   data-height=\"1200.00\"                   data-src=\"https:\/\/tce.pb.gov.br\/portalprimeirainfancia\/wp-content\/uploads\/photo-gallery\/thumb\/Lancamento-Pacto-211.jpg?bwg=1745943155\"                   src=\"https:\/\/tce.pb.gov.br\/portalprimeirainfancia\/wp-content\/uploads\/photo-gallery\/thumb\/Lancamento-Pacto-211.jpg?bwg=1745943155\"                   alt=\"\"                   title=\"\" \/>            <\/div>            <div class=\"\">                                                      <\/div>          <\/div>        <\/div>                        <\/a>              <\/div>            <div class=\"bwg-item\">        <a class=\"bwg-a  bwg_lightbox\"  data-image-id=\"1442\" href=\"https:\/\/tce.pb.gov.br\/portalprimeirainfancia\/wp-content\/uploads\/photo-gallery\/Lancamento-Pacto-212.jpg?bwg=1745943155\" data-elementor-open-lightbox=\"no\">                <div class=\"bwg-item0 \">          <div class=\"bwg-item1 \">            <div class=\"bwg-item2\">              <img decoding=\"async\" class=\"skip-lazy bwg_standart_thumb_img_0 \"                   data-id=\"1442\"                   data-width=\"1200.00\"                   data-height=\"802.00\"                   data-src=\"https:\/\/tce.pb.gov.br\/portalprimeirainfancia\/wp-content\/uploads\/photo-gallery\/thumb\/Lancamento-Pacto-212.jpg?bwg=1745943155\"                   src=\"https:\/\/tce.pb.gov.br\/portalprimeirainfancia\/wp-content\/uploads\/photo-gallery\/thumb\/Lancamento-Pacto-212.jpg?bwg=1745943155\"                   alt=\"\"                   title=\"\" \/>            <\/div>            <div class=\"\">                                                      <\/div>          <\/div>        <\/div>                        <\/a>              <\/div>            <div class=\"bwg-item\">        <a class=\"bwg-a  bwg_lightbox\"  data-image-id=\"1443\" href=\"https:\/\/tce.pb.gov.br\/portalprimeirainfancia\/wp-content\/uploads\/photo-gallery\/Lancamento-Pacto-213.jpg?bwg=1745943155\" data-elementor-open-lightbox=\"no\">                <div class=\"bwg-item0 \">          <div class=\"bwg-item1 \">            <div class=\"bwg-item2\">              <img decoding=\"async\" class=\"skip-lazy bwg_standart_thumb_img_0 \"                   data-id=\"1443\"                   data-width=\"1200.00\"                   data-height=\"802.00\"                   data-src=\"https:\/\/tce.pb.gov.br\/portalprimeirainfancia\/wp-content\/uploads\/photo-gallery\/thumb\/Lancamento-Pacto-213.jpg?bwg=1745943155\"                   src=\"https:\/\/tce.pb.gov.br\/portalprimeirainfancia\/wp-content\/uploads\/photo-gallery\/thumb\/Lancamento-Pacto-213.jpg?bwg=1745943155\"                   alt=\"\"                   title=\"\" \/>            <\/div>            <div class=\"\">                                                      <\/div>          <\/div>        <\/div>                        <\/a>              <\/div>            <div class=\"bwg-item\">        <a class=\"bwg-a  bwg_lightbox\"  data-image-id=\"1444\" href=\"https:\/\/tce.pb.gov.br\/portalprimeirainfancia\/wp-content\/uploads\/photo-gallery\/Lancamento-Pacto-214.jpg?bwg=1745943155\" data-elementor-open-lightbox=\"no\">                <div class=\"bwg-item0 \">          <div class=\"bwg-item1 \">            <div class=\"bwg-item2\">              <img decoding=\"async\" class=\"skip-lazy bwg_standart_thumb_img_0 \"                   data-id=\"1444\"                   data-width=\"1200.00\"                   data-height=\"802.00\"                   data-src=\"https:\/\/tce.pb.gov.br\/portalprimeirainfancia\/wp-content\/uploads\/photo-gallery\/thumb\/Lancamento-Pacto-214.jpg?bwg=1745943155\"                   src=\"https:\/\/tce.pb.gov.br\/portalprimeirainfancia\/wp-content\/uploads\/photo-gallery\/thumb\/Lancamento-Pacto-214.jpg?bwg=1745943155\"                   alt=\"\"                   title=\"\" \/>            <\/div>            <div class=\"\">                                                      <\/div>          <\/div>        <\/div>                        <\/a>              <\/div>            <div class=\"bwg-item\">        <a class=\"bwg-a  bwg_lightbox\"  data-image-id=\"1445\" href=\"https:\/\/tce.pb.gov.br\/portalprimeirainfancia\/wp-content\/uploads\/photo-gallery\/Lancamento-Pacto-215.jpg?bwg=1745943155\" data-elementor-open-lightbox=\"no\">                <div class=\"bwg-item0 \">          <div class=\"bwg-item1 \">            <div class=\"bwg-item2\">              <img decoding=\"async\" class=\"skip-lazy bwg_standart_thumb_img_0 \"                   data-id=\"1445\"                   data-width=\"1200.00\"                   data-height=\"802.00\"                   data-src=\"https:\/\/tce.pb.gov.br\/portalprimeirainfancia\/wp-content\/uploads\/photo-gallery\/thumb\/Lancamento-Pacto-215.jpg?bwg=1745943155\"                   src=\"https:\/\/tce.pb.gov.br\/portalprimeirainfancia\/wp-content\/uploads\/photo-gallery\/thumb\/Lancamento-Pacto-215.jpg?bwg=1745943155\"                   alt=\"\"                   title=\"\" \/>            <\/div>            <div class=\"\">                                                      <\/div>          <\/div>        <\/div>                        <\/a>              <\/div>            <div class=\"bwg-item\">        <a class=\"bwg-a  bwg_lightbox\"  data-image-id=\"1446\" href=\"https:\/\/tce.pb.gov.br\/portalprimeirainfancia\/wp-content\/uploads\/photo-gallery\/Lancamento-Pacto-216.jpg?bwg=1745943155\" data-elementor-open-lightbox=\"no\">                <div class=\"bwg-item0 \">          <div class=\"bwg-item1 \">            <div class=\"bwg-item2\">              <img decoding=\"async\" class=\"skip-lazy bwg_standart_thumb_img_0 \"                   data-id=\"1446\"                   data-width=\"1200.00\"                   data-height=\"802.00\"                   data-src=\"https:\/\/tce.pb.gov.br\/portalprimeirainfancia\/wp-content\/uploads\/photo-gallery\/thumb\/Lancamento-Pacto-216.jpg?bwg=1745943155\"                   src=\"https:\/\/tce.pb.gov.br\/portalprimeirainfancia\/wp-content\/uploads\/photo-gallery\/thumb\/Lancamento-Pacto-216.jpg?bwg=1745943155\"                   alt=\"\"                   title=\"\" \/>            <\/div>            <div class=\"\">                                                      <\/div>          <\/div>        <\/div>                        <\/a>              <\/div>            <div class=\"bwg-item\">        <a class=\"bwg-a  bwg_lightbox\"  data-image-id=\"1447\" href=\"https:\/\/tce.pb.gov.br\/portalprimeirainfancia\/wp-content\/uploads\/photo-gallery\/Lancamento-Pacto-217.jpg?bwg=1745943155\" data-elementor-open-lightbox=\"no\">                <div class=\"bwg-item0 \">          <div class=\"bwg-item1 \">            <div class=\"bwg-item2\">              <img decoding=\"async\" class=\"skip-lazy bwg_standart_thumb_img_0 \"                   data-id=\"1447\"                   data-width=\"802.00\"                   data-height=\"1200.00\"                   data-src=\"https:\/\/tce.pb.gov.br\/portalprimeirainfancia\/wp-content\/uploads\/photo-gallery\/thumb\/Lancamento-Pacto-217.jpg?bwg=1745943155\"                   src=\"https:\/\/tce.pb.gov.br\/portalprimeirainfancia\/wp-content\/uploads\/photo-gallery\/thumb\/Lancamento-Pacto-217.jpg?bwg=1745943155\"                   alt=\"\"                   title=\"\" \/>            <\/div>            <div class=\"\">                                                      <\/div>          <\/div>        <\/div>                        <\/a>              <\/div>            <div class=\"bwg-item\">        <a class=\"bwg-a  bwg_lightbox\"  data-image-id=\"1448\" href=\"https:\/\/tce.pb.gov.br\/portalprimeirainfancia\/wp-content\/uploads\/photo-gallery\/Lancamento-Pacto-218.jpg?bwg=1745943155\" data-elementor-open-lightbox=\"no\">                <div class=\"bwg-item0 \">          <div class=\"bwg-item1 \">            <div class=\"bwg-item2\">              <img decoding=\"async\" class=\"skip-lazy bwg_standart_thumb_img_0 \"                   data-id=\"1448\"                   data-width=\"1200.00\"                   data-height=\"802.00\"                   data-src=\"https:\/\/tce.pb.gov.br\/portalprimeirainfancia\/wp-content\/uploads\/photo-gallery\/thumb\/Lancamento-Pacto-218.jpg?bwg=1745943155\"                   src=\"https:\/\/tce.pb.gov.br\/portalprimeirainfancia\/wp-content\/uploads\/photo-gallery\/thumb\/Lancamento-Pacto-218.jpg?bwg=1745943155\"                   alt=\"\"                   title=\"\" \/>            <\/div>            <div class=\"\">                                                      <\/div>          <\/div>        <\/div>                        <\/a>              <\/div>            <div class=\"bwg-item\">        <a class=\"bwg-a  bwg_lightbox\"  data-image-id=\"1449\" href=\"https:\/\/tce.pb.gov.br\/portalprimeirainfancia\/wp-content\/uploads\/photo-gallery\/Lancamento-Pacto-219.jpg?bwg=1745943155\" data-elementor-open-lightbox=\"no\">                <div class=\"bwg-item0 \">          <div class=\"bwg-item1 \">            <div class=\"bwg-item2\">              <img decoding=\"async\" class=\"skip-lazy bwg_standart_thumb_img_0 \"                   data-id=\"1449\"                   data-width=\"1200.00\"                   data-height=\"802.00\"                   data-src=\"https:\/\/tce.pb.gov.br\/portalprimeirainfancia\/wp-content\/uploads\/photo-gallery\/thumb\/Lancamento-Pacto-219.jpg?bwg=1745943155\"                   src=\"https:\/\/tce.pb.gov.br\/portalprimeirainfancia\/wp-content\/uploads\/photo-gallery\/thumb\/Lancamento-Pacto-219.jpg?bwg=1745943155\"                   alt=\"\"                   title=\"\" \/>            <\/div>            <div class=\"\">                                                      <\/div>          <\/div>        <\/div>                        <\/a>              <\/div>            <div class=\"bwg-item\">        <a class=\"bwg-a  bwg_lightbox\"  data-image-id=\"1450\" href=\"https:\/\/tce.pb.gov.br\/portalprimeirainfancia\/wp-content\/uploads\/photo-gallery\/Lancamento-Pacto-220.jpg?bwg=1745943155\" data-elementor-open-lightbox=\"no\">                <div class=\"bwg-item0 \">          <div class=\"bwg-item1 \">            <div class=\"bwg-item2\">              <img decoding=\"async\" class=\"skip-lazy bwg_standart_thumb_img_0 \"                   data-id=\"1450\"                   data-width=\"802.00\"                   data-height=\"1200.00\"                   data-src=\"https:\/\/tce.pb.gov.br\/portalprimeirainfancia\/wp-content\/uploads\/photo-gallery\/thumb\/Lancamento-Pacto-220.jpg?bwg=1745943155\"                   src=\"https:\/\/tce.pb.gov.br\/portalprimeirainfancia\/wp-content\/uploads\/photo-gallery\/thumb\/Lancamento-Pacto-220.jpg?bwg=1745943155\"                   alt=\"\"                   title=\"\" \/>            <\/div>            <div class=\"\">                                                      <\/div>          <\/div>        <\/div>                        <\/a>              <\/div>            <div class=\"bwg-item\">        <a class=\"bwg-a  bwg_lightbox\"  data-image-id=\"1451\" href=\"https:\/\/tce.pb.gov.br\/portalprimeirainfancia\/wp-content\/uploads\/photo-gallery\/Lancamento-Pacto-221.jpg?bwg=1745943155\" data-elementor-open-lightbox=\"no\">                <div class=\"bwg-item0 \">          <div class=\"bwg-item1 \">            <div class=\"bwg-item2\">              <img decoding=\"async\" class=\"skip-lazy bwg_standart_thumb_img_0 \"                   data-id=\"1451\"                   data-width=\"1200.00\"                   data-height=\"802.00\"                   data-src=\"https:\/\/tce.pb.gov.br\/portalprimeirainfancia\/wp-content\/uploads\/photo-gallery\/thumb\/Lancamento-Pacto-221.jpg?bwg=1745943155\"                   src=\"https:\/\/tce.pb.gov.br\/portalprimeirainfancia\/wp-content\/uploads\/photo-gallery\/thumb\/Lancamento-Pacto-221.jpg?bwg=1745943155\"                   alt=\"\"                   title=\"\" \/>            <\/div>            <div class=\"\">                                                      <\/div>          <\/div>        <\/div>                        <\/a>              <\/div>            <div class=\"bwg-item\">        <a class=\"bwg-a  bwg_lightbox\"  data-image-id=\"1452\" href=\"https:\/\/tce.pb.gov.br\/portalprimeirainfancia\/wp-content\/uploads\/photo-gallery\/Lancamento-Pacto-222.jpg?bwg=1745943155\" data-elementor-open-lightbox=\"no\">                <div class=\"bwg-item0 \">          <div class=\"bwg-item1 \">            <div class=\"bwg-item2\">              <img decoding=\"async\" class=\"skip-lazy bwg_standart_thumb_img_0 \"                   data-id=\"1452\"                   data-width=\"1200.00\"                   data-height=\"802.00\"                   data-src=\"https:\/\/tce.pb.gov.br\/portalprimeirainfancia\/wp-content\/uploads\/photo-gallery\/thumb\/Lancamento-Pacto-222.jpg?bwg=1745943155\"                   src=\"https:\/\/tce.pb.gov.br\/portalprimeirainfancia\/wp-content\/uploads\/photo-gallery\/thumb\/Lancamento-Pacto-222.jpg?bwg=1745943155\"                   alt=\"\"                   title=\"\" \/>            <\/div>            <div class=\"\">                                                      <\/div>          <\/div>        <\/div>                        <\/a>              <\/div>            <div class=\"bwg-item\">        <a class=\"bwg-a  bwg_lightbox\"  data-image-id=\"1453\" href=\"https:\/\/tce.pb.gov.br\/portalprimeirainfancia\/wp-content\/uploads\/photo-gallery\/Lancamento-Pacto-223.jpg?bwg=1745943155\" data-elementor-open-lightbox=\"no\">                <div class=\"bwg-item0 \">          <div class=\"bwg-item1 \">            <div class=\"bwg-item2\">              <img decoding=\"async\" class=\"skip-lazy bwg_standart_thumb_img_0 \"                   data-id=\"1453\"                   data-width=\"1200.00\"                   data-height=\"802.00\"                   data-src=\"https:\/\/tce.pb.gov.br\/portalprimeirainfancia\/wp-content\/uploads\/photo-gallery\/thumb\/Lancamento-Pacto-223.jpg?bwg=1745943155\"                   src=\"https:\/\/tce.pb.gov.br\/portalprimeirainfancia\/wp-content\/uploads\/photo-gallery\/thumb\/Lancamento-Pacto-223.jpg?bwg=1745943155\"                   alt=\"\"                   title=\"\" \/>            <\/div>            <div class=\"\">                                                      <\/div>          <\/div>        <\/div>                        <\/a>              <\/div>            <div class=\"bwg-item\">        <a class=\"bwg-a  bwg_lightbox\"  data-image-id=\"1454\" href=\"https:\/\/tce.pb.gov.br\/portalprimeirainfancia\/wp-content\/uploads\/photo-gallery\/Lancamento-Pacto-1.jpg?bwg=1745943155\" data-elementor-open-lightbox=\"no\">                <div class=\"bwg-item0 \">          <div class=\"bwg-item1 \">            <div class=\"bwg-item2\">              <img decoding=\"async\" class=\"skip-lazy bwg_standart_thumb_img_0 \"                   data-id=\"1454\"                   data-width=\"1200.00\"                   data-height=\"800.00\"                   data-src=\"https:\/\/tce.pb.gov.br\/portalprimeirainfancia\/wp-content\/uploads\/photo-gallery\/thumb\/Lancamento-Pacto-1.jpg?bwg=1745943155\"                   src=\"https:\/\/tce.pb.gov.br\/portalprimeirainfancia\/wp-content\/uploads\/photo-gallery\/thumb\/Lancamento-Pacto-1.jpg?bwg=1745943155\"                   alt=\"\"                   title=\"\" \/>            <\/div>            <div class=\"\">                                                      <\/div>          <\/div>        <\/div>                        <\/a>              <\/div>            <div class=\"bwg-item\">        <a class=\"bwg-a  bwg_lightbox\"  data-image-id=\"1455\" href=\"https:\/\/tce.pb.gov.br\/portalprimeirainfancia\/wp-content\/uploads\/photo-gallery\/Lancamento-Pacto-2.jpg?bwg=1745943155\" data-elementor-open-lightbox=\"no\">                <div class=\"bwg-item0 \">          <div class=\"bwg-item1 \">            <div class=\"bwg-item2\">              <img decoding=\"async\" class=\"skip-lazy bwg_standart_thumb_img_0 \"                   data-id=\"1455\"                   data-width=\"1200.00\"                   data-height=\"800.00\"                   data-src=\"https:\/\/tce.pb.gov.br\/portalprimeirainfancia\/wp-content\/uploads\/photo-gallery\/thumb\/Lancamento-Pacto-2.jpg?bwg=1745943155\"                   src=\"https:\/\/tce.pb.gov.br\/portalprimeirainfancia\/wp-content\/uploads\/photo-gallery\/thumb\/Lancamento-Pacto-2.jpg?bwg=1745943155\"                   alt=\"\"                   title=\"\" \/>            <\/div>            <div class=\"\">                                                      <\/div>          <\/div>        <\/div>                        <\/a>              <\/div>            <div class=\"bwg-item\">        <a class=\"bwg-a  bwg_lightbox\"  data-image-id=\"1456\" href=\"https:\/\/tce.pb.gov.br\/portalprimeirainfancia\/wp-content\/uploads\/photo-gallery\/Lancamento-Pacto-3.jpg?bwg=1745943155\" data-elementor-open-lightbox=\"no\">                <div class=\"bwg-item0 \">          <div class=\"bwg-item1 \">            <div class=\"bwg-item2\">              <img decoding=\"async\" class=\"skip-lazy bwg_standart_thumb_img_0 \"                   data-id=\"1456\"                   data-width=\"1200.00\"                   data-height=\"800.00\"                   data-src=\"https:\/\/tce.pb.gov.br\/portalprimeirainfancia\/wp-content\/uploads\/photo-gallery\/thumb\/Lancamento-Pacto-3.jpg?bwg=1745943155\"                   src=\"https:\/\/tce.pb.gov.br\/portalprimeirainfancia\/wp-content\/uploads\/photo-gallery\/thumb\/Lancamento-Pacto-3.jpg?bwg=1745943155\"                   alt=\"\"                   title=\"\" \/>            <\/div>            <div class=\"\">                                                      <\/div>          <\/div>        <\/div>                        <\/a>              <\/div>            <div class=\"bwg-item\">        <a class=\"bwg-a  bwg_lightbox\"  data-image-id=\"1457\" href=\"https:\/\/tce.pb.gov.br\/portalprimeirainfancia\/wp-content\/uploads\/photo-gallery\/Lancamento-Pacto-4.jpg?bwg=1745943155\" data-elementor-open-lightbox=\"no\">                <div class=\"bwg-item0 \">          <div class=\"bwg-item1 \">            <div class=\"bwg-item2\">              <img decoding=\"async\" class=\"skip-lazy bwg_standart_thumb_img_0 \"                   data-id=\"1457\"                   data-width=\"1200.00\"                   data-height=\"800.00\"                   data-src=\"https:\/\/tce.pb.gov.br\/portalprimeirainfancia\/wp-content\/uploads\/photo-gallery\/thumb\/Lancamento-Pacto-4.jpg?bwg=1745943155\"                   src=\"https:\/\/tce.pb.gov.br\/portalprimeirainfancia\/wp-content\/uploads\/photo-gallery\/thumb\/Lancamento-Pacto-4.jpg?bwg=1745943155\"                   alt=\"\"                   title=\"\" \/>            <\/div>            <div class=\"\">                                                      <\/div>          <\/div>        <\/div>                        <\/a>              <\/div>            <div class=\"bwg-item\">        <a class=\"bwg-a  bwg_lightbox\"  data-image-id=\"1458\" href=\"https:\/\/tce.pb.gov.br\/portalprimeirainfancia\/wp-content\/uploads\/photo-gallery\/Lancamento-Pacto-5.jpg?bwg=1745943155\" data-elementor-open-lightbox=\"no\">                <div class=\"bwg-item0 \">          <div class=\"bwg-item1 \">            <div class=\"bwg-item2\">              <img decoding=\"async\" class=\"skip-lazy bwg_standart_thumb_img_0 \"                   data-id=\"1458\"                   data-width=\"1200.00\"                   data-height=\"800.00\"                   data-src=\"https:\/\/tce.pb.gov.br\/portalprimeirainfancia\/wp-content\/uploads\/photo-gallery\/thumb\/Lancamento-Pacto-5.jpg?bwg=1745943155\"                   src=\"https:\/\/tce.pb.gov.br\/portalprimeirainfancia\/wp-content\/uploads\/photo-gallery\/thumb\/Lancamento-Pacto-5.jpg?bwg=1745943155\"                   alt=\"\"                   title=\"\" \/>            <\/div>            <div class=\"\">                                                      <\/div>          <\/div>        <\/div>                        <\/a>              <\/div>            <div class=\"bwg-item\">        <a class=\"bwg-a  bwg_lightbox\"  data-image-id=\"1459\" href=\"https:\/\/tce.pb.gov.br\/portalprimeirainfancia\/wp-content\/uploads\/photo-gallery\/Lancamento-Pacto-6.jpg?bwg=1745943155\" data-elementor-open-lightbox=\"no\">                <div class=\"bwg-item0 \">          <div class=\"bwg-item1 \">            <div class=\"bwg-item2\">              <img decoding=\"async\" class=\"skip-lazy bwg_standart_thumb_img_0 \"                   data-id=\"1459\"                   data-width=\"1200.00\"                   data-height=\"800.00\"                   data-src=\"https:\/\/tce.pb.gov.br\/portalprimeirainfancia\/wp-content\/uploads\/photo-gallery\/thumb\/Lancamento-Pacto-6.jpg?bwg=1745943155\"                   src=\"https:\/\/tce.pb.gov.br\/portalprimeirainfancia\/wp-content\/uploads\/photo-gallery\/thumb\/Lancamento-Pacto-6.jpg?bwg=1745943155\"                   alt=\"\"                   title=\"\" \/>            <\/div>            <div class=\"\">                                                      <\/div>          <\/div>        <\/div>                        <\/a>              <\/div>          <\/div>    <style>      \/*pagination styles*\/      #bwg_container1_0 #bwg_container2_0 .tablenav-pages_0 {\t\t\t\ttext-align: center;\t\t\t\tfont-size: 12px;\t\t\t\tfont-family: Ubuntu;\t\t\t\tfont-weight: bold;\t\t\t\tcolor: #666666;\t\t\t\tmargin: 6px 0 4px;\t\t\t\tdisplay: block;      }      @media only screen and (max-width : 320px) {      #bwg_container1_0 #bwg_container2_0 .displaying-num_0 {     \t display: none;      }      }      #bwg_container1_0 #bwg_container2_0 .displaying-num_0 {\t\t\t\tfont-size: 12px;\t\t\t\tfont-family: Ubuntu;\t\t\t\tfont-weight: bold;\t\t\t\tcolor: #666666;\t\t\t\tmargin-right: 10px;\t\t\t\tvertical-align: middle;      }      #bwg_container1_0 #bwg_container2_0 .paging-input_0 {\t\t\t\tfont-size: 12px;\t\t\t\tfont-family: Ubuntu;\t\t\t\tfont-weight: bold;\t\t\t\tcolor: #666666;\t\t\t\tvertical-align: middle;      }      #bwg_container1_0 #bwg_container2_0 .tablenav-pages_0 a.disabled,      #bwg_container1_0 #bwg_container2_0 .tablenav-pages_0 a.disabled:hover,      #bwg_container1_0 #bwg_container2_0 .tablenav-pages_0 a.disabled:focus,\t\t\t#bwg_container1_0 #bwg_container2_0 .tablenav-pages_0 input.bwg_current_page {\t\t\t\tcursor: default;\t\t\t\tcolor: rgba(102, 102, 102, 0.5);      }      #bwg_container1_0 #bwg_container2_0 .tablenav-pages_0 a,      #bwg_container1_0 #bwg_container2_0 .tablenav-pages_0 input.bwg_current_page {\t\t\t\tcursor: pointer;\t\t\t\ttext-align: center;\t\t\t\tfont-size: 12px;\t\t\t\tfont-family: Ubuntu;\t\t\t\tfont-weight: bold;\t\t\t\tcolor: #666666;\t\t\t\ttext-decoration: none;\t\t\t\tpadding: 3px 6px;\t\t\t\tmargin: 0;\t\t\t\tborder-radius: 0;\t\t\t\tborder-style: solid;\t\t\t\tborder-width: 1px;\t\t\t\tborder-color: #E3E3E3;\t\t\t\t\t\t\t\tbackground-color: rgba(255, 255, 255, 1.00);\t\t\t\tbox-shadow: 0;\t\t\t\ttransition: all 0.3s ease 0s;-webkit-transition: all 0.3s ease 0s;      }      <\/style>      <span class=\"bwg_nav_cont_0\">              <div class=\"tablenav-pages_0\">                      <span class=\"pagination-links_0 pagination-links\" data-pages-count=\"8\">              <span class=\"pagination-links_col1\">              <a class=\"bwg-a first-page disabled\" title=\"Go to the first page\" >\u00ab<\/a>              <a class=\"bwg-a prev-page disabled\" title=\"Go to the previous page\" >\u2039<\/a>              <\/span>\t\t\t\t\t\t\t<span class=\"pagination-links_col2\">\t\t\t\t\t\t\t\t\t<input type=\"number\" class=\"bwg_current_page\" name=\"bwg_current_page\" value=\"1\" data-url-info=\"page_number_0\" onkeypress=\"return bwg_change_page_0(event, this)\" min=\"1\" oninput=\"validity.valid||(value='')\" \/>\t\t\t\t\t\t\t\t\t\tof\t\t\t\t\t\t\t\t\t\t<span class=\"total-pages_0\">\t\t\t\t\t\t\t\t\t\t\t8\t\t\t\t\t\t\t\t\t\t<\/span>\t\t\t\t\t\t\t<\/span>              <span class=\"pagination-links_col3\">                <a class=\"bwg-a next-page-0\" title=\"Go to the next page\" href=\"\/portalprimeirainfancia\/wp-json\/wp\/v2\/posts\/2274?page_number_0=2\">\u203a<\/a>                <a class=\"bwg-a last-page-0\" title=\"Go to the last page\" href=\"\/portalprimeirainfancia\/wp-json\/wp\/v2\/posts\/2274?page_number_0=8\">\u00bb<\/a>              <\/span>\t\t\t\t\t\t<\/span>\t\t\t\t\t\t        <\/div>                <input type=\"hidden\" id=\"page_number_0\" name=\"page_number_0\" value=\"1\" \/>      <script type=\"text\/javascript\">        if( jQuery('.bwg_nav_cont_0').length > 1 ) {          jQuery('.bwg_nav_cont_0').first().remove()        }        function spider_page_0(cur, x, y, load_more) {          if (typeof load_more == \"undefined\") {            var load_more = false;          }          if (jQuery(cur).hasClass('disabled')) {            return false;          }          var items_county_0 = 8;          switch (y) {            case 1:              if (x >= items_county_0) {                document.getElementById('page_number_0').value = items_county_0;              }              else {                document.getElementById('page_number_0').value = x + 1;              }              break;            case 2:              document.getElementById('page_number_0').value = items_county_0;              break;            case -1:              if (x == 1) {                document.getElementById('page_number_0').value = 1;              }              else {                document.getElementById('page_number_0').value = x - 1;              }              break;            case -2:              document.getElementById('page_number_0').value = 1;              break;\t\t\t\t\t\tcase 0:              document.getElementById('page_number_0').value = x;              break;            default:              document.getElementById('page_number_0').value = 1;          }          bwg_ajax('gal_front_form_0', '0', 'bwg_thumbnails_0', '0', '', 'gallery', 0, '', '', load_more, '', 1);        }                    jQuery('.first-page disabled').on('click', function () {              spider_page_0(this, 1, -2, 'numeric');              return false;            });            jQuery('.prev-page disabled').on('click', function () {              spider_page_0(this, 1, -1, 'numeric');              return false;            });            jQuery('.next-page-0').on('click', function () {              spider_page_0(this, 1, 1, 'numeric');              return false;            });            jQuery('.last-page-0').on('click', function () {              spider_page_0(this, 1, 2, 'numeric');              return false;            });        \t\t\t\t\/* Change page on input enter. *\/        function bwg_change_page_0( e, that ) {          if (  e.key == 'Enter' ) {            var to_page = parseInt(jQuery(that).val());            var pages_count = jQuery(that).parents(\".pagination-links\").data(\"pages-count\");            var current_url_param = jQuery(that).attr('data-url-info');            if (to_page > pages_count) {              to_page = 1;            }\t \t\t\t\t\t\t\t\t\t\t\t\tspider_page_0(this, to_page, 0, 'numeric');\t\t\t\t\t\t\treturn false;\t\t\t\t\t\t          }          return true;        }        jQuery('.bwg_load_btn_0').on('click', function () {            spider_page_0(this, 1, 1, true);            return false;        });      <\/script>      <\/span>                <\/div>        <\/form>        <style>          #bwg_container1_0 #bwg_container2_0 #spider_popup_overlay_0 {          background-color: #FFFFFF;          opacity: 0.60;          }          <\/style>        <div id=\"bwg_spider_popup_loading_0\" class=\"bwg_spider_popup_loading\"><\/div>        <div id=\"spider_popup_overlay_0\" class=\"spider_popup_overlay\" onclick=\"spider_destroypopup(1000)\"><\/div>        <input type=\"hidden\" id=\"bwg_random_seed_0\" value=\"1870270342\">                <\/div>    <\/div>    <script>      if (document.readyState === 'complete') {        if( typeof bwg_main_ready == 'function' ) {          if ( jQuery(\"#bwg_container1_0\").height() ) {            bwg_main_ready(jQuery(\"#bwg_container1_0\"));          }        }      } else {        document.addEventListener('DOMContentLoaded', function() {          if( typeof bwg_main_ready == 'function' ) {            if ( jQuery(\"#bwg_container1_0\").height() ) {             bwg_main_ready(jQuery(\"#bwg_container1_0\"));            }          }        });      }    <\/script>    \n","protected":false},"excerpt":{"rendered":"<p>O Tribunal de Contas do Estado formalizou, nesta segunda-feira (28), o Pacto Paraibano pela Primeira Inf\u00e2ncia, reunindo, em concorrido evento [&hellip;]<\/p>\n","protected":false},"author":6,"featured_media":2275,"comment_status":"closed","ping_status":"closed","sticky":false,"template":"","format":"standard","meta":{"site-sidebar-layout":"default","site-content-layout":"","ast-site-content-layout":"","site-content-style":"default","site-sidebar-style":"default","ast-global-header-display":"","ast-banner-title-visibility":"","ast-main-header-display":"","ast-hfb-above-header-display":"","ast-hfb-below-header-display":"","ast-hfb-mobile-header-display":"","site-post-title":"","ast-breadcrumbs-content":"","ast-featured-img":"","footer-sml-layout":"","theme-transparent-header-meta":"","adv-header-id-meta":"","stick-header-meta":"","header-above-stick-meta":"","header-main-stick-meta":"","header-below-stick-meta":"","astra-migrate-meta-layouts":"default","ast-page-background-enabled":"default","ast-page-background-meta":{"desktop":{"background-color":"var(--ast-global-color-5)","background-image":"","background-repeat":"repeat","background-position":"center center","background-size":"auto","background-attachment":"scroll","background-type":"","background-media":"","overlay-type":"","overlay-color":"","overlay-opacity":"","overlay-gradient":""},"tablet":{"background-color":"","background-image":"","background-repeat":"repeat","background-position":"center center","background-size":"auto","background-attachment":"scroll","background-type":"","background-media":"","overlay-type":"","overlay-color":"","overlay-opacity":"","overlay-gradient":""},"mobile":{"background-color":"","background-image":"","background-repeat":"repeat","background-position":"center center","background-size":"auto","background-attachment":"scroll","background-type":"","background-media":"","overlay-type":"","overlay-color":"","overlay-opacity":"","overlay-gradient":""}},"ast-content-background-meta":{"desktop":{"background-color":"var(--ast-global-color-4)","background-image":"","background-repeat":"repeat","background-position":"center center","background-size":"auto","background-attachment":"scroll","background-type":"","background-media":"","overlay-type":"","overlay-color":"","overlay-opacity":"","overlay-gradient":""},"tablet":{"background-color":"var(--ast-global-color-4)","background-image":"","background-repeat":"repeat","background-position":"center center","background-size":"auto","background-attachment":"scroll","background-type":"","background-media":"","overlay-type":"","overlay-color":"","overlay-opacity":"","overlay-gradient":""},"mobile":{"background-color":"var(--ast-global-color-4)","background-image":"","background-repeat":"repeat","background-position":"center center","background-size":"auto","background-attachment":"scroll","background-type":"","background-media":"","overlay-type":"","overlay-color":"","overlay-opacity":"","overlay-gradient":""}},"_jetpack_memberships_contains_paid_content":false,"footnotes":""},"categories":[7],"tags":[],"class_list":["post-2274","post","type-post","status-publish","format-standard","has-post-thumbnail","hentry","category-noticias"],"yoast_head":"<!-- This site is optimized with the Yoast SEO plugin v27.5 - https:\/\/yoast.com\/product\/yoast-seo-wordpress\/ -->\n<title>TCE-PB formaliza Pacto pela Primeira Inf\u00e2ncia com prefeitos e signat\u00e1rios em ato solene no Pedra do Reino %<\/title>\n<meta name=\"description\" content=\"TCE-PB formaliza Pacto pela Primeira Inf\u00e2ncia com prefeitos e signat\u00e1rios em ato solene no Pedra do Reino %\" \/>\n<meta name=\"robots\" content=\"index, follow, max-snippet:-1, max-image-preview:large, max-video-preview:-1\" \/>\n<link rel=\"canonical\" href=\"https:\/\/tce.pb.gov.br\/portalprimeirainfancia\/tce-pb-formaliza-pacto-pela-primeira-infancia-com-prefeitos-e-signatarios-em-ato-solene-no-pedra-do-reino\/\" \/>\n<meta property=\"og:locale\" content=\"pt_BR\" \/>\n<meta property=\"og:type\" content=\"article\" \/>\n<meta property=\"og:title\" content=\"TCE-PB formaliza Pacto pela Primeira Inf\u00e2ncia com prefeitos e signat\u00e1rios em ato solene no Pedra do Reino %\" \/>\n<meta property=\"og:description\" content=\"TCE-PB formaliza Pacto pela Primeira Inf\u00e2ncia com prefeitos e signat\u00e1rios em ato solene no Pedra do Reino %\" \/>\n<meta property=\"og:url\" content=\"https:\/\/tce.pb.gov.br\/portalprimeirainfancia\/tce-pb-formaliza-pacto-pela-primeira-infancia-com-prefeitos-e-signatarios-em-ato-solene-no-pedra-do-reino\/\" \/>\n<meta property=\"og:site_name\" content=\"Pacto Paraibano pela Primeira Inf\u00e2ncia\" \/>\n<meta property=\"article:published_time\" content=\"2025-04-29T14:55:18+00:00\" \/>\n<meta property=\"article:modified_time\" content=\"2025-04-29T14:55:20+00:00\" \/>\n<meta property=\"og:image\" content=\"https:\/\/tce.pb.gov.br\/portalprimeirainfancia\/wp-content\/uploads\/2025\/04\/image-7.png\" \/>\n\t<meta property=\"og:image:width\" content=\"1024\" \/>\n\t<meta property=\"og:image:height\" content=\"682\" \/>\n\t<meta property=\"og:image:type\" content=\"image\/png\" \/>\n<meta name=\"author\" content=\"Rafael Massoni\" \/>\n<meta name=\"twitter:card\" content=\"summary_large_image\" \/>\n<meta name=\"twitter:label1\" content=\"Escrito por\" \/>\n\t<meta name=\"twitter:data1\" content=\"Rafael Massoni\" \/>\n\t<meta name=\"twitter:label2\" content=\"Est. tempo de leitura\" \/>\n\t<meta name=\"twitter:data2\" content=\"12 minutos\" \/>\n<script type=\"application\/ld+json\" class=\"yoast-schema-graph\">{\"@context\":\"https:\\\/\\\/schema.org\",\"@graph\":[{\"@type\":\"NewsArticle\",\"@id\":\"https:\\\/\\\/tce.pb.gov.br\\\/portalprimeirainfancia\\\/tce-pb-formaliza-pacto-pela-primeira-infancia-com-prefeitos-e-signatarios-em-ato-solene-no-pedra-do-reino\\\/#article\",\"isPartOf\":{\"@id\":\"https:\\\/\\\/tce.pb.gov.br\\\/portalprimeirainfancia\\\/tce-pb-formaliza-pacto-pela-primeira-infancia-com-prefeitos-e-signatarios-em-ato-solene-no-pedra-do-reino\\\/\"},\"author\":{\"name\":\"Rafael Massoni\",\"@id\":\"https:\\\/\\\/tce.pb.gov.br\\\/portalprimeirainfancia\\\/#\\\/schema\\\/person\\\/6a39eea5836dda604de1c5e5b7d62141\"},\"headline\":\"TCE-PB formaliza Pacto pela Primeira Inf\u00e2ncia com prefeitos e signat\u00e1rios em ato solene no Pedra do Reino\",\"datePublished\":\"2025-04-29T14:55:18+00:00\",\"dateModified\":\"2025-04-29T14:55:20+00:00\",\"mainEntityOfPage\":{\"@id\":\"https:\\\/\\\/tce.pb.gov.br\\\/portalprimeirainfancia\\\/tce-pb-formaliza-pacto-pela-primeira-infancia-com-prefeitos-e-signatarios-em-ato-solene-no-pedra-do-reino\\\/\"},\"wordCount\":1569,\"publisher\":{\"@id\":\"https:\\\/\\\/tce.pb.gov.br\\\/portalprimeirainfancia\\\/#organization\"},\"image\":{\"@id\":\"https:\\\/\\\/tce.pb.gov.br\\\/portalprimeirainfancia\\\/tce-pb-formaliza-pacto-pela-primeira-infancia-com-prefeitos-e-signatarios-em-ato-solene-no-pedra-do-reino\\\/#primaryimage\"},\"thumbnailUrl\":\"https:\\\/\\\/tce.pb.gov.br\\\/portalprimeirainfancia\\\/wp-content\\\/uploads\\\/2025\\\/04\\\/image-7.png\",\"articleSection\":[\"Not\u00edcias\"],\"inLanguage\":\"pt-BR\"},{\"@type\":\"WebPage\",\"@id\":\"https:\\\/\\\/tce.pb.gov.br\\\/portalprimeirainfancia\\\/tce-pb-formaliza-pacto-pela-primeira-infancia-com-prefeitos-e-signatarios-em-ato-solene-no-pedra-do-reino\\\/\",\"url\":\"https:\\\/\\\/tce.pb.gov.br\\\/portalprimeirainfancia\\\/tce-pb-formaliza-pacto-pela-primeira-infancia-com-prefeitos-e-signatarios-em-ato-solene-no-pedra-do-reino\\\/\",\"name\":\"TCE-PB formaliza Pacto pela Primeira Inf\u00e2ncia com prefeitos e signat\u00e1rios em ato solene no Pedra do Reino %\",\"isPartOf\":{\"@id\":\"https:\\\/\\\/tce.pb.gov.br\\\/portalprimeirainfancia\\\/#website\"},\"primaryImageOfPage\":{\"@id\":\"https:\\\/\\\/tce.pb.gov.br\\\/portalprimeirainfancia\\\/tce-pb-formaliza-pacto-pela-primeira-infancia-com-prefeitos-e-signatarios-em-ato-solene-no-pedra-do-reino\\\/#primaryimage\"},\"image\":{\"@id\":\"https:\\\/\\\/tce.pb.gov.br\\\/portalprimeirainfancia\\\/tce-pb-formaliza-pacto-pela-primeira-infancia-com-prefeitos-e-signatarios-em-ato-solene-no-pedra-do-reino\\\/#primaryimage\"},\"thumbnailUrl\":\"https:\\\/\\\/tce.pb.gov.br\\\/portalprimeirainfancia\\\/wp-content\\\/uploads\\\/2025\\\/04\\\/image-7.png\",\"datePublished\":\"2025-04-29T14:55:18+00:00\",\"dateModified\":\"2025-04-29T14:55:20+00:00\",\"description\":\"TCE-PB formaliza Pacto pela Primeira Inf\u00e2ncia com prefeitos e signat\u00e1rios em ato solene no Pedra do Reino %\",\"breadcrumb\":{\"@id\":\"https:\\\/\\\/tce.pb.gov.br\\\/portalprimeirainfancia\\\/tce-pb-formaliza-pacto-pela-primeira-infancia-com-prefeitos-e-signatarios-em-ato-solene-no-pedra-do-reino\\\/#breadcrumb\"},\"inLanguage\":\"pt-BR\",\"potentialAction\":[{\"@type\":\"ReadAction\",\"target\":[\"https:\\\/\\\/tce.pb.gov.br\\\/portalprimeirainfancia\\\/tce-pb-formaliza-pacto-pela-primeira-infancia-com-prefeitos-e-signatarios-em-ato-solene-no-pedra-do-reino\\\/\"]}]},{\"@type\":\"ImageObject\",\"inLanguage\":\"pt-BR\",\"@id\":\"https:\\\/\\\/tce.pb.gov.br\\\/portalprimeirainfancia\\\/tce-pb-formaliza-pacto-pela-primeira-infancia-com-prefeitos-e-signatarios-em-ato-solene-no-pedra-do-reino\\\/#primaryimage\",\"url\":\"https:\\\/\\\/tce.pb.gov.br\\\/portalprimeirainfancia\\\/wp-content\\\/uploads\\\/2025\\\/04\\\/image-7.png\",\"contentUrl\":\"https:\\\/\\\/tce.pb.gov.br\\\/portalprimeirainfancia\\\/wp-content\\\/uploads\\\/2025\\\/04\\\/image-7.png\",\"width\":1024,\"height\":682},{\"@type\":\"BreadcrumbList\",\"@id\":\"https:\\\/\\\/tce.pb.gov.br\\\/portalprimeirainfancia\\\/tce-pb-formaliza-pacto-pela-primeira-infancia-com-prefeitos-e-signatarios-em-ato-solene-no-pedra-do-reino\\\/#breadcrumb\",\"itemListElement\":[{\"@type\":\"ListItem\",\"position\":1,\"name\":\"In\u00edcio\",\"item\":\"https:\\\/\\\/tce.pb.gov.br\\\/portalprimeirainfancia\\\/\"},{\"@type\":\"ListItem\",\"position\":2,\"name\":\"TCE-PB formaliza Pacto pela Primeira Inf\u00e2ncia com prefeitos e signat\u00e1rios em ato solene no Pedra do Reino\"}]},{\"@type\":\"WebSite\",\"@id\":\"https:\\\/\\\/tce.pb.gov.br\\\/portalprimeirainfancia\\\/#website\",\"url\":\"https:\\\/\\\/tce.pb.gov.br\\\/portalprimeirainfancia\\\/\",\"name\":\"Pacto Paraibano pela Primeira Inf\u00e2ncia\",\"description\":\"Portal para divulga\u00e7\u00e3o do Pacto Paraibano pela Primeira Inf\u00e2ncia\",\"publisher\":{\"@id\":\"https:\\\/\\\/tce.pb.gov.br\\\/portalprimeirainfancia\\\/#organization\"},\"potentialAction\":[{\"@type\":\"SearchAction\",\"target\":{\"@type\":\"EntryPoint\",\"urlTemplate\":\"https:\\\/\\\/tce.pb.gov.br\\\/portalprimeirainfancia\\\/?s={search_term_string}\"},\"query-input\":{\"@type\":\"PropertyValueSpecification\",\"valueRequired\":true,\"valueName\":\"search_term_string\"}}],\"inLanguage\":\"pt-BR\"},{\"@type\":\"Organization\",\"@id\":\"https:\\\/\\\/tce.pb.gov.br\\\/portalprimeirainfancia\\\/#organization\",\"name\":\"Pacto Paraibano pela Primeira Inf\u00e2ncia\",\"alternateName\":\"TCE-PB\",\"url\":\"https:\\\/\\\/tce.pb.gov.br\\\/portalprimeirainfancia\\\/\",\"logo\":{\"@type\":\"ImageObject\",\"inLanguage\":\"pt-BR\",\"@id\":\"https:\\\/\\\/tce.pb.gov.br\\\/portalprimeirainfancia\\\/#\\\/schema\\\/logo\\\/image\\\/\",\"url\":\"https:\\\/\\\/tce.pb.gov.br\\\/portalprimeirainfancia\\\/wp-content\\\/uploads\\\/2025\\\/05\\\/Pacto-Whatsapp.png\",\"contentUrl\":\"https:\\\/\\\/tce.pb.gov.br\\\/portalprimeirainfancia\\\/wp-content\\\/uploads\\\/2025\\\/05\\\/Pacto-Whatsapp.png\",\"width\":427,\"height\":427,\"caption\":\"Pacto Paraibano pela Primeira Inf\u00e2ncia\"},\"image\":{\"@id\":\"https:\\\/\\\/tce.pb.gov.br\\\/portalprimeirainfancia\\\/#\\\/schema\\\/logo\\\/image\\\/\"},\"sameAs\":[\"https:\\\/\\\/www.instagram.com\\\/tcepb\\\/\"]},{\"@type\":\"Person\",\"@id\":\"https:\\\/\\\/tce.pb.gov.br\\\/portalprimeirainfancia\\\/#\\\/schema\\\/person\\\/6a39eea5836dda604de1c5e5b7d62141\",\"name\":\"Rafael Massoni\"}]}<\/script>\n<!-- \/ Yoast SEO plugin. -->","yoast_head_json":{"title":"TCE-PB formaliza Pacto pela Primeira Inf\u00e2ncia com prefeitos e signat\u00e1rios em ato solene no Pedra do Reino %","description":"TCE-PB formaliza Pacto pela Primeira Inf\u00e2ncia com prefeitos e signat\u00e1rios em ato solene no Pedra do Reino %","robots":{"index":"index","follow":"follow","max-snippet":"max-snippet:-1","max-image-preview":"max-image-preview:large","max-video-preview":"max-video-preview:-1"},"canonical":"https:\/\/tce.pb.gov.br\/portalprimeirainfancia\/tce-pb-formaliza-pacto-pela-primeira-infancia-com-prefeitos-e-signatarios-em-ato-solene-no-pedra-do-reino\/","og_locale":"pt_BR","og_type":"article","og_title":"TCE-PB formaliza Pacto pela Primeira Inf\u00e2ncia com prefeitos e signat\u00e1rios em ato solene no Pedra do Reino %","og_description":"TCE-PB formaliza Pacto pela Primeira Inf\u00e2ncia com prefeitos e signat\u00e1rios em ato solene no Pedra do Reino %","og_url":"https:\/\/tce.pb.gov.br\/portalprimeirainfancia\/tce-pb-formaliza-pacto-pela-primeira-infancia-com-prefeitos-e-signatarios-em-ato-solene-no-pedra-do-reino\/","og_site_name":"Pacto Paraibano pela Primeira Inf\u00e2ncia","article_published_time":"2025-04-29T14:55:18+00:00","article_modified_time":"2025-04-29T14:55:20+00:00","og_image":[{"width":1024,"height":682,"url":"https:\/\/tce.pb.gov.br\/portalprimeirainfancia\/wp-content\/uploads\/2025\/04\/image-7.png","type":"image\/png"}],"author":"Rafael Massoni","twitter_card":"summary_large_image","twitter_misc":{"Escrito por":"Rafael Massoni","Est. tempo de leitura":"12 minutos"},"schema":{"@context":"https:\/\/schema.org","@graph":[{"@type":"NewsArticle","@id":"https:\/\/tce.pb.gov.br\/portalprimeirainfancia\/tce-pb-formaliza-pacto-pela-primeira-infancia-com-prefeitos-e-signatarios-em-ato-solene-no-pedra-do-reino\/#article","isPartOf":{"@id":"https:\/\/tce.pb.gov.br\/portalprimeirainfancia\/tce-pb-formaliza-pacto-pela-primeira-infancia-com-prefeitos-e-signatarios-em-ato-solene-no-pedra-do-reino\/"},"author":{"name":"Rafael Massoni","@id":"https:\/\/tce.pb.gov.br\/portalprimeirainfancia\/#\/schema\/person\/6a39eea5836dda604de1c5e5b7d62141"},"headline":"TCE-PB formaliza Pacto pela Primeira Inf\u00e2ncia com prefeitos e signat\u00e1rios em ato solene no Pedra do Reino","datePublished":"2025-04-29T14:55:18+00:00","dateModified":"2025-04-29T14:55:20+00:00","mainEntityOfPage":{"@id":"https:\/\/tce.pb.gov.br\/portalprimeirainfancia\/tce-pb-formaliza-pacto-pela-primeira-infancia-com-prefeitos-e-signatarios-em-ato-solene-no-pedra-do-reino\/"},"wordCount":1569,"publisher":{"@id":"https:\/\/tce.pb.gov.br\/portalprimeirainfancia\/#organization"},"image":{"@id":"https:\/\/tce.pb.gov.br\/portalprimeirainfancia\/tce-pb-formaliza-pacto-pela-primeira-infancia-com-prefeitos-e-signatarios-em-ato-solene-no-pedra-do-reino\/#primaryimage"},"thumbnailUrl":"https:\/\/tce.pb.gov.br\/portalprimeirainfancia\/wp-content\/uploads\/2025\/04\/image-7.png","articleSection":["Not\u00edcias"],"inLanguage":"pt-BR"},{"@type":"WebPage","@id":"https:\/\/tce.pb.gov.br\/portalprimeirainfancia\/tce-pb-formaliza-pacto-pela-primeira-infancia-com-prefeitos-e-signatarios-em-ato-solene-no-pedra-do-reino\/","url":"https:\/\/tce.pb.gov.br\/portalprimeirainfancia\/tce-pb-formaliza-pacto-pela-primeira-infancia-com-prefeitos-e-signatarios-em-ato-solene-no-pedra-do-reino\/","name":"TCE-PB formaliza Pacto pela Primeira Inf\u00e2ncia com prefeitos e signat\u00e1rios em ato solene no Pedra do Reino %","isPartOf":{"@id":"https:\/\/tce.pb.gov.br\/portalprimeirainfancia\/#website"},"primaryImageOfPage":{"@id":"https:\/\/tce.pb.gov.br\/portalprimeirainfancia\/tce-pb-formaliza-pacto-pela-primeira-infancia-com-prefeitos-e-signatarios-em-ato-solene-no-pedra-do-reino\/#primaryimage"},"image":{"@id":"https:\/\/tce.pb.gov.br\/portalprimeirainfancia\/tce-pb-formaliza-pacto-pela-primeira-infancia-com-prefeitos-e-signatarios-em-ato-solene-no-pedra-do-reino\/#primaryimage"},"thumbnailUrl":"https:\/\/tce.pb.gov.br\/portalprimeirainfancia\/wp-content\/uploads\/2025\/04\/image-7.png","datePublished":"2025-04-29T14:55:18+00:00","dateModified":"2025-04-29T14:55:20+00:00","description":"TCE-PB formaliza Pacto pela Primeira Inf\u00e2ncia com prefeitos e signat\u00e1rios em ato solene no Pedra do Reino %","breadcrumb":{"@id":"https:\/\/tce.pb.gov.br\/portalprimeirainfancia\/tce-pb-formaliza-pacto-pela-primeira-infancia-com-prefeitos-e-signatarios-em-ato-solene-no-pedra-do-reino\/#breadcrumb"},"inLanguage":"pt-BR","potentialAction":[{"@type":"ReadAction","target":["https:\/\/tce.pb.gov.br\/portalprimeirainfancia\/tce-pb-formaliza-pacto-pela-primeira-infancia-com-prefeitos-e-signatarios-em-ato-solene-no-pedra-do-reino\/"]}]},{"@type":"ImageObject","inLanguage":"pt-BR","@id":"https:\/\/tce.pb.gov.br\/portalprimeirainfancia\/tce-pb-formaliza-pacto-pela-primeira-infancia-com-prefeitos-e-signatarios-em-ato-solene-no-pedra-do-reino\/#primaryimage","url":"https:\/\/tce.pb.gov.br\/portalprimeirainfancia\/wp-content\/uploads\/2025\/04\/image-7.png","contentUrl":"https:\/\/tce.pb.gov.br\/portalprimeirainfancia\/wp-content\/uploads\/2025\/04\/image-7.png","width":1024,"height":682},{"@type":"BreadcrumbList","@id":"https:\/\/tce.pb.gov.br\/portalprimeirainfancia\/tce-pb-formaliza-pacto-pela-primeira-infancia-com-prefeitos-e-signatarios-em-ato-solene-no-pedra-do-reino\/#breadcrumb","itemListElement":[{"@type":"ListItem","position":1,"name":"In\u00edcio","item":"https:\/\/tce.pb.gov.br\/portalprimeirainfancia\/"},{"@type":"ListItem","position":2,"name":"TCE-PB formaliza Pacto pela Primeira Inf\u00e2ncia com prefeitos e signat\u00e1rios em ato solene no Pedra do Reino"}]},{"@type":"WebSite","@id":"https:\/\/tce.pb.gov.br\/portalprimeirainfancia\/#website","url":"https:\/\/tce.pb.gov.br\/portalprimeirainfancia\/","name":"Pacto Paraibano pela Primeira Inf\u00e2ncia","description":"Portal para divulga\u00e7\u00e3o do Pacto Paraibano pela Primeira Inf\u00e2ncia","publisher":{"@id":"https:\/\/tce.pb.gov.br\/portalprimeirainfancia\/#organization"},"potentialAction":[{"@type":"SearchAction","target":{"@type":"EntryPoint","urlTemplate":"https:\/\/tce.pb.gov.br\/portalprimeirainfancia\/?s={search_term_string}"},"query-input":{"@type":"PropertyValueSpecification","valueRequired":true,"valueName":"search_term_string"}}],"inLanguage":"pt-BR"},{"@type":"Organization","@id":"https:\/\/tce.pb.gov.br\/portalprimeirainfancia\/#organization","name":"Pacto Paraibano pela Primeira Inf\u00e2ncia","alternateName":"TCE-PB","url":"https:\/\/tce.pb.gov.br\/portalprimeirainfancia\/","logo":{"@type":"ImageObject","inLanguage":"pt-BR","@id":"https:\/\/tce.pb.gov.br\/portalprimeirainfancia\/#\/schema\/logo\/image\/","url":"https:\/\/tce.pb.gov.br\/portalprimeirainfancia\/wp-content\/uploads\/2025\/05\/Pacto-Whatsapp.png","contentUrl":"https:\/\/tce.pb.gov.br\/portalprimeirainfancia\/wp-content\/uploads\/2025\/05\/Pacto-Whatsapp.png","width":427,"height":427,"caption":"Pacto Paraibano pela Primeira Inf\u00e2ncia"},"image":{"@id":"https:\/\/tce.pb.gov.br\/portalprimeirainfancia\/#\/schema\/logo\/image\/"},"sameAs":["https:\/\/www.instagram.com\/tcepb\/"]},{"@type":"Person","@id":"https:\/\/tce.pb.gov.br\/portalprimeirainfancia\/#\/schema\/person\/6a39eea5836dda604de1c5e5b7d62141","name":"Rafael Massoni"}]}},"jetpack_featured_media_url":"https:\/\/tce.pb.gov.br\/portalprimeirainfancia\/wp-content\/uploads\/2025\/04\/image-7.png","jetpack_sharing_enabled":true,"_links":{"self":[{"href":"https:\/\/tce.pb.gov.br\/portalprimeirainfancia\/wp-json\/wp\/v2\/posts\/2274","targetHints":{"allow":["GET"]}}],"collection":[{"href":"https:\/\/tce.pb.gov.br\/portalprimeirainfancia\/wp-json\/wp\/v2\/posts"}],"about":[{"href":"https:\/\/tce.pb.gov.br\/portalprimeirainfancia\/wp-json\/wp\/v2\/types\/post"}],"author":[{"embeddable":true,"href":"https:\/\/tce.pb.gov.br\/portalprimeirainfancia\/wp-json\/wp\/v2\/users\/6"}],"replies":[{"embeddable":true,"href":"https:\/\/tce.pb.gov.br\/portalprimeirainfancia\/wp-json\/wp\/v2\/comments?post=2274"}],"version-history":[{"count":1,"href":"https:\/\/tce.pb.gov.br\/portalprimeirainfancia\/wp-json\/wp\/v2\/posts\/2274\/revisions"}],"predecessor-version":[{"id":2295,"href":"https:\/\/tce.pb.gov.br\/portalprimeirainfancia\/wp-json\/wp\/v2\/posts\/2274\/revisions\/2295"}],"wp:featuredmedia":[{"embeddable":true,"href":"https:\/\/tce.pb.gov.br\/portalprimeirainfancia\/wp-json\/wp\/v2\/media\/2275"}],"wp:attachment":[{"href":"https:\/\/tce.pb.gov.br\/portalprimeirainfancia\/wp-json\/wp\/v2\/media?parent=2274"}],"wp:term":[{"taxonomy":"category","embeddable":true,"href":"https:\/\/tce.pb.gov.br\/portalprimeirainfancia\/wp-json\/wp\/v2\/categories?post=2274"},{"taxonomy":"post_tag","embeddable":true,"href":"https:\/\/tce.pb.gov.br\/portalprimeirainfancia\/wp-json\/wp\/v2\/tags?post=2274"}],"curies":[{"name":"wp","href":"https:\/\/api.w.org\/{rel}","templated":true}]}}