{"id":2149,"date":"2025-04-22T20:32:37","date_gmt":"2025-04-22T23:32:37","guid":{"rendered":"https:\/\/tce.pb.gov.br\/portalprimeirainfancia\/?p=2149"},"modified":"2025-04-23T21:13:17","modified_gmt":"2025-04-24T00:13:17","slug":"famup-declara-apoio-ao-pacto-paraibano-pela-primeira-infancia-em-articulacao-com-o-tce-pb","status":"publish","type":"post","link":"https:\/\/tce.pb.gov.br\/portalprimeirainfancia\/famup-declara-apoio-ao-pacto-paraibano-pela-primeira-infancia-em-articulacao-com-o-tce-pb\/","title":{"rendered":"Famup declara apoio ao Pacto Paraibano pela Primeira Inf\u00e2ncia em articula\u00e7\u00e3o com o TCE-PB"},"content":{"rendered":"\n<figure class=\"wp-block-image aligncenter size-large\"><img fetchpriority=\"high\" decoding=\"async\" width=\"1024\" height=\"683\" src=\"https:\/\/tce.pb.gov.br\/portalprimeirainfancia\/wp-content\/uploads\/2025\/04\/REUNIAO-COM-FAMUP-1024x683.jpg\" alt=\"\" class=\"wp-image-2150\" srcset=\"https:\/\/tce.pb.gov.br\/portalprimeirainfancia\/wp-content\/uploads\/2025\/04\/REUNIAO-COM-FAMUP-1024x683.jpg 1024w, https:\/\/tce.pb.gov.br\/portalprimeirainfancia\/wp-content\/uploads\/2025\/04\/REUNIAO-COM-FAMUP-300x200.jpg 300w, https:\/\/tce.pb.gov.br\/portalprimeirainfancia\/wp-content\/uploads\/2025\/04\/REUNIAO-COM-FAMUP-768x512.jpg 768w, https:\/\/tce.pb.gov.br\/portalprimeirainfancia\/wp-content\/uploads\/2025\/04\/REUNIAO-COM-FAMUP-1536x1024.jpg 1536w, https:\/\/tce.pb.gov.br\/portalprimeirainfancia\/wp-content\/uploads\/2025\/04\/REUNIAO-COM-FAMUP.jpg 2048w\" sizes=\"(max-width: 1024px) 100vw, 1024px\" \/><\/figure>\n\n\n\n<p>A Federa\u00e7\u00e3o das Associa\u00e7\u00f5es de Munic\u00edpios da Para\u00edba (Famup) confirmou apoio integral ao&nbsp;<strong>Pacto Paraibano pela Primeira Inf\u00e2ncia<\/strong>, durante reuni\u00e3o realizada nesta ter\u00e7a-feira (22) com o Tribunal de Contas da Para\u00edba (TCE-PB). O encontro, liderado pelo presidente do TCE-PB, conselheiro F\u00e1bio Nogueira, e pelo presidente da Famup, George Coelho, marcou o in\u00edcio de uma articula\u00e7\u00e3o estrat\u00e9gica para engajar os 223 munic\u00edpios paraibanos na promo\u00e7\u00e3o de pol\u00edticas p\u00fablicas voltadas ao desenvolvimento integral de crian\u00e7as de 0 a 6 anos.<\/p>\n\n\n\n<p>A reuni\u00e3o, realizada na sede do TCE-PB, contou ainda com a presen\u00e7a do procurador do Minist\u00e9rio P\u00fablico de Contas, Bradson Camelo; do secret\u00e1rio-executivo do TCE-PB, Pedro Dantas; e do auditor de controle externo Leonardo Silveira, integrante da Comiss\u00e3o da Primeira Inf\u00e2ncia do Tribunal.<\/p>\n\n\n\n<p>O Pacto Paraibano pela Primeira Inf\u00e2ncia nasce como uma iniciativa interinstitucional, inspirada em experi\u00eancias exitosas de outros estados, com base no Marco Legal da Primeira Inf\u00e2ncia (Lei n\u00ba 13.257\/2016). A proposta prev\u00ea a\u00e7\u00f5es integradas nas \u00e1reas de sa\u00fade, educa\u00e7\u00e3o, assist\u00eancia social e prote\u00e7\u00e3o dos direitos da crian\u00e7a, com metas pactuadas entre os munic\u00edpios.<\/p>\n\n\n\n<p>\u201cNosso objetivo \u00e9 garantir que todas as crian\u00e7as paraibanas tenham acesso a servi\u00e7os de qualidade nos primeiros anos de vida, que s\u00e3o determinantes para o desenvolvimento humano. O Tribunal tem atuado n\u00e3o apenas como fiscalizador, mas como parceiro dos munic\u00edpios na promo\u00e7\u00e3o de boas pr\u00e1ticas\u201d, destacou o presidente F\u00e1bio Nogueira.<\/p>\n\n\n\n<p>Para George Coelho, o compromisso da Famup refor\u00e7a o protagonismo dos munic\u00edpios na efetiva\u00e7\u00e3o de pol\u00edticas p\u00fablicas voltadas \u00e0 inf\u00e2ncia. Ele enfatizou a import\u00e2ncia do suporte t\u00e9cnico do TCE-PB para que os gestores locais possam atuar com mais efici\u00eancia.<\/p>\n\n\n\n<p>\u201cPode contar com nosso total apoio ao Pacto. A primeira inf\u00e2ncia \u00e9 uma causa que nos une. Estaremos ao lado dos prefeitos, oferecendo suporte, promovendo capacita\u00e7\u00f5es e garantindo que os investimentos nessa \u00e1rea sejam bem planejados, eficientes e com impacto real\u201d, afirmou o presidente da Famup.<\/p>\n\n\n\n<p>Durante a reuni\u00e3o, tamb\u00e9m foram discutidos os detalhes do evento que marcar\u00e1 o lan\u00e7amento oficial do Pacto, no dia 28 de abril, no Teatro Pedra do Reino, no Centro de Conven\u00e7\u00f5es, em Jo\u00e3o Pessoa. . A programa\u00e7\u00e3o deve reunir gestores municipais, especialistas, \u00f3rg\u00e3os de controle e representantes da sociedade civil, criando um espa\u00e7o para troca de experi\u00eancias, apresenta\u00e7\u00e3o de indicadores e formaliza\u00e7\u00e3o de compromissos.<\/p>\n\n\n\n<p>Para garantir a participa\u00e7\u00e3o no evento, os interessados devem acessar o link de inscri\u00e7\u00e3o&nbsp;&nbsp;<a href=\"https:\/\/doity.com.br\/lancamento-do-pacto-paraibano-pela-primeira-infancia-lote2\">https:\/\/doity.com.br\/lancamento-do-pacto-paraibano-pela-primeira-infancia-lote2<\/a><\/p>\n\n\n\n<style id=\"bwg-style-0\">    #bwg_container1_0 #bwg_container2_0 .bwg-container-0.bwg-standard-thumbnails {      width: 704px;              justify-content: center;        margin:0 auto !important;              background-color: rgba(255, 255, 255, 0.00);            padding-left: 4px;      padding-top: 4px;      max-width: 100%;            }        #bwg_container1_0 #bwg_container2_0 .bwg-container-0.bwg-standard-thumbnails .bwg-item {    justify-content: flex-end;      max-width: 140px;          }    #bwg_container1_0 #bwg_container2_0 .bwg-container-0.bwg-standard-thumbnails .bwg-item a {       margin-right: 4px;       margin-bottom: 4px;    }    #bwg_container1_0 #bwg_container2_0 .bwg-container-0.bwg-standard-thumbnails .bwg-item0 {      padding: 0px;            background-color:rgba(0,0,0, 0.30);      border: 0px none #CCCCCC;      opacity: 1.00;      border-radius: 0;      box-shadow: ;    }    #bwg_container1_0 #bwg_container2_0 .bwg-container-0.bwg-standard-thumbnails .bwg-item1 img {      max-height: none;      max-width: none;      padding: 0 !important;    }         @media only screen and (min-width: 480px) {\t\t#bwg_container1_0 #bwg_container2_0 .bwg-container-0.bwg-standard-thumbnails .bwg-item1 img {\t\t\t-webkit-transition: all .3s; transition: all .3s;\t\t}\t\t#bwg_container1_0 #bwg_container2_0 .bwg-container-0.bwg-standard-thumbnails .bwg-item1 img:hover {\t\t\t-ms-transform: scale(1.08);\t\t\t-webkit-transform: scale(1.08);\t\t\ttransform: scale(1.08);\t\t}\t\t      }\t    #bwg_container1_0 #bwg_container2_0 .bwg-container-0.bwg-standard-thumbnails .bwg-item1 {      padding-top: 100%;    }        #bwg_container1_0 #bwg_container2_0 .bwg-container-0.bwg-standard-thumbnails .bwg-title2,    #bwg_container1_0 #bwg_container2_0 .bwg-container-0.bwg-standard-thumbnails .bwg-ecommerce2 {      color: #323A45;      font-family: Roboto;      font-size: 16px;      font-weight: bold;      padding: 0px 0px 20px 0px;      text-shadow: ;      max-height: 100%;    }    #bwg_container1_0 #bwg_container2_0 .bwg-container-0.bwg-standard-thumbnails .bwg-thumb-description span {    color: #323A45;    font-family: Ubuntu;    font-size: 12px;    max-height: 100%;    word-wrap: break-word;    }    #bwg_container1_0 #bwg_container2_0 .bwg-container-0.bwg-standard-thumbnails .bwg-play-icon2 {      font-size: 32px;    }    #bwg_container1_0 #bwg_container2_0 .bwg-container-0.bwg-standard-thumbnails .bwg-ecommerce2 {      font-size: 19.2px;      color: #323A45;    }    <\/style>    <div id=\"bwg_container1_0\"         class=\"bwg_container bwg_thumbnail bwg_thumbnails \"         data-right-click-protection=\"0\"         data-bwg=\"0\"         data-scroll=\"0\"         data-gallery-type=\"thumbnails\"         data-gallery-view-type=\"thumbnails\"         data-current-url=\"\/portalprimeirainfancia\/wp-json\/wp\/v2\/posts\/2149\"         data-lightbox-url=\"https:\/\/tce.pb.gov.br\/portalprimeirainfancia\/wp-admin\/admin-ajax.php?action=GalleryBox&#038;current_view=0&#038;gallery_id=17&#038;tag=0&#038;theme_id=1&#038;shortcode_id=33&#038;sort_by=order&#038;order_by=asc&#038;current_url=%2Fportalprimeirainfancia%2Fwp-json%2Fwp%2Fv2%2Fposts%2F2149\"         data-gallery-id=\"17\"         data-popup-width=\"800\"         data-popup-height=\"500\"         data-is-album=\"gallery\"         data-buttons-position=\"bottom\">      <div id=\"bwg_container2_0\">             <div id=\"ajax_loading_0\" class=\"bwg_loading_div_1\">      <div class=\"bwg_loading_div_2\">        <div class=\"bwg_loading_div_3\">          <div id=\"loading_div_0\" class=\"bwg_spider_ajax_loading\">          <\/div>        <\/div>      <\/div>    <\/div>            <form id=\"gal_front_form_0\"              class=\"bwg-hidden\"              method=\"post\"              action=\"#\"              data-current=\"0\"              data-shortcode-id=\"33\"              data-gallery-type=\"thumbnails\"              data-gallery-id=\"17\"              data-tag=\"0\"              data-album-id=\"0\"              data-theme-id=\"1\"              data-ajax-url=\"https:\/\/tce.pb.gov.br\/portalprimeirainfancia\/wp-admin\/admin-ajax.php?action=bwg_frontend_data\">          <div id=\"bwg_container3_0\" class=\"bwg-background bwg-background-0\">                <div data-max-count=\"5\"         data-thumbnail-width=\"140\"         data-bwg=\"0\"         data-gallery-id=\"17\"         data-lightbox-url=\"https:\/\/tce.pb.gov.br\/portalprimeirainfancia\/wp-admin\/admin-ajax.php?action=GalleryBox&amp;current_view=0&amp;gallery_id=17&amp;tag=0&amp;theme_id=1&amp;shortcode_id=33&amp;sort_by=order&amp;order_by=asc&amp;current_url=%2Fportalprimeirainfancia%2Fwp-json%2Fwp%2Fv2%2Fposts%2F2149\"         id=\"bwg_thumbnails_0\"         class=\"bwg-container-0 bwg-thumbnails bwg-standard-thumbnails bwg-container bwg-border-box\">            <div class=\"bwg-item\">        <a class=\"bwg-a  bwg_lightbox\"  data-image-id=\"534\" href=\"https:\/\/tce.pb.gov.br\/portalprimeirainfancia\/wp-content\/uploads\/photo-gallery\/491887812_605969079142762_7933317040493294662_n.jpg?bwg=1745453499\" data-elementor-open-lightbox=\"no\">                <div class=\"bwg-item0 \">          <div class=\"bwg-item1 \">            <div class=\"bwg-item2\">              <img decoding=\"async\" class=\"skip-lazy bwg_standart_thumb_img_0 \"                   data-id=\"534\"                   data-width=\"1200.00\"                   data-height=\"800.00\"                   data-src=\"https:\/\/tce.pb.gov.br\/portalprimeirainfancia\/wp-content\/uploads\/photo-gallery\/thumb\/491887812_605969079142762_7933317040493294662_n.jpg?bwg=1745453499\"                   src=\"https:\/\/tce.pb.gov.br\/portalprimeirainfancia\/wp-content\/uploads\/photo-gallery\/thumb\/491887812_605969079142762_7933317040493294662_n.jpg?bwg=1745453499\"                   alt=\"\"                   title=\"\" \/>            <\/div>            <div class=\"\">                                                      <\/div>          <\/div>        <\/div>                        <\/a>              <\/div>            <div class=\"bwg-item\">        <a class=\"bwg-a  bwg_lightbox\"  data-image-id=\"535\" href=\"https:\/\/tce.pb.gov.br\/portalprimeirainfancia\/wp-content\/uploads\/photo-gallery\/492701806_605968999142770_1840175208103327465_n.jpg?bwg=1745453499\" data-elementor-open-lightbox=\"no\">                <div class=\"bwg-item0 \">          <div class=\"bwg-item1 \">            <div class=\"bwg-item2\">              <img decoding=\"async\" class=\"skip-lazy bwg_standart_thumb_img_0 \"                   data-id=\"535\"                   data-width=\"1200.00\"                   data-height=\"800.00\"                   data-src=\"https:\/\/tce.pb.gov.br\/portalprimeirainfancia\/wp-content\/uploads\/photo-gallery\/thumb\/492701806_605968999142770_1840175208103327465_n.jpg?bwg=1745453499\"                   src=\"https:\/\/tce.pb.gov.br\/portalprimeirainfancia\/wp-content\/uploads\/photo-gallery\/thumb\/492701806_605968999142770_1840175208103327465_n.jpg?bwg=1745453499\"                   alt=\"\"                   title=\"\" \/>            <\/div>            <div class=\"\">                                                      <\/div>          <\/div>        <\/div>                        <\/a>              <\/div>            <div class=\"bwg-item\">        <a class=\"bwg-a  bwg_lightbox\"  data-image-id=\"536\" href=\"https:\/\/tce.pb.gov.br\/portalprimeirainfancia\/wp-content\/uploads\/photo-gallery\/492084901_605969105809426_6094060168022804064_n.jpg?bwg=1745453499\" data-elementor-open-lightbox=\"no\">                <div class=\"bwg-item0 \">          <div class=\"bwg-item1 \">            <div class=\"bwg-item2\">              <img decoding=\"async\" class=\"skip-lazy bwg_standart_thumb_img_0 \"                   data-id=\"536\"                   data-width=\"1200.00\"                   data-height=\"800.00\"                   data-src=\"https:\/\/tce.pb.gov.br\/portalprimeirainfancia\/wp-content\/uploads\/photo-gallery\/thumb\/492084901_605969105809426_6094060168022804064_n.jpg?bwg=1745453499\"                   src=\"https:\/\/tce.pb.gov.br\/portalprimeirainfancia\/wp-content\/uploads\/photo-gallery\/thumb\/492084901_605969105809426_6094060168022804064_n.jpg?bwg=1745453499\"                   alt=\"\"                   title=\"\" \/>            <\/div>            <div class=\"\">                                                      <\/div>          <\/div>        <\/div>                        <\/a>              <\/div>            <div class=\"bwg-item\">        <a class=\"bwg-a  bwg_lightbox\"  data-image-id=\"537\" href=\"https:\/\/tce.pb.gov.br\/portalprimeirainfancia\/wp-content\/uploads\/photo-gallery\/492709572_605968995809437_2049500243081066962_n.jpg?bwg=1745453499\" data-elementor-open-lightbox=\"no\">                <div class=\"bwg-item0 \">          <div class=\"bwg-item1 \">            <div class=\"bwg-item2\">              <img decoding=\"async\" class=\"skip-lazy bwg_standart_thumb_img_0 \"                   data-id=\"537\"                   data-width=\"1200.00\"                   data-height=\"800.00\"                   data-src=\"https:\/\/tce.pb.gov.br\/portalprimeirainfancia\/wp-content\/uploads\/photo-gallery\/thumb\/492709572_605968995809437_2049500243081066962_n.jpg?bwg=1745453499\"                   src=\"https:\/\/tce.pb.gov.br\/portalprimeirainfancia\/wp-content\/uploads\/photo-gallery\/thumb\/492709572_605968995809437_2049500243081066962_n.jpg?bwg=1745453499\"                   alt=\"\"                   title=\"\" \/>            <\/div>            <div class=\"\">                                                      <\/div>          <\/div>        <\/div>                        <\/a>              <\/div>            <div class=\"bwg-item\">        <a class=\"bwg-a  bwg_lightbox\"  data-image-id=\"538\" href=\"https:\/\/tce.pb.gov.br\/portalprimeirainfancia\/wp-content\/uploads\/photo-gallery\/492888763_605969215809415_5567381267274585341_n.jpg?bwg=1745453499\" data-elementor-open-lightbox=\"no\">                <div class=\"bwg-item0 \">          <div class=\"bwg-item1 \">            <div class=\"bwg-item2\">              <img decoding=\"async\" class=\"skip-lazy bwg_standart_thumb_img_0 \"                   data-id=\"538\"                   data-width=\"1200.00\"                   data-height=\"800.00\"                   data-src=\"https:\/\/tce.pb.gov.br\/portalprimeirainfancia\/wp-content\/uploads\/photo-gallery\/thumb\/492888763_605969215809415_5567381267274585341_n.jpg?bwg=1745453499\"                   src=\"https:\/\/tce.pb.gov.br\/portalprimeirainfancia\/wp-content\/uploads\/photo-gallery\/thumb\/492888763_605969215809415_5567381267274585341_n.jpg?bwg=1745453499\"                   alt=\"\"                   title=\"\" \/>            <\/div>            <div class=\"\">                                                      <\/div>          <\/div>        <\/div>                        <\/a>              <\/div>            <div class=\"bwg-item\">        <a class=\"bwg-a  bwg_lightbox\"  data-image-id=\"539\" href=\"https:\/\/tce.pb.gov.br\/portalprimeirainfancia\/wp-content\/uploads\/photo-gallery\/493003455_605969219142748_6851620534218299318_n.jpg?bwg=1745453499\" data-elementor-open-lightbox=\"no\">                <div class=\"bwg-item0 \">          <div class=\"bwg-item1 \">            <div class=\"bwg-item2\">              <img decoding=\"async\" class=\"skip-lazy bwg_standart_thumb_img_0 \"                   data-id=\"539\"                   data-width=\"1200.00\"                   data-height=\"800.00\"                   data-src=\"https:\/\/tce.pb.gov.br\/portalprimeirainfancia\/wp-content\/uploads\/photo-gallery\/thumb\/493003455_605969219142748_6851620534218299318_n.jpg?bwg=1745453499\"                   src=\"https:\/\/tce.pb.gov.br\/portalprimeirainfancia\/wp-content\/uploads\/photo-gallery\/thumb\/493003455_605969219142748_6851620534218299318_n.jpg?bwg=1745453499\"                   alt=\"\"                   title=\"\" \/>            <\/div>            <div class=\"\">                                                      <\/div>          <\/div>        <\/div>                        <\/a>              <\/div>            <div class=\"bwg-item\">        <a class=\"bwg-a  bwg_lightbox\"  data-image-id=\"540\" href=\"https:\/\/tce.pb.gov.br\/portalprimeirainfancia\/wp-content\/uploads\/photo-gallery\/492940929_605969102476093_2810205862274964041_n.jpg?bwg=1745453499\" data-elementor-open-lightbox=\"no\">                <div class=\"bwg-item0 \">          <div class=\"bwg-item1 \">            <div class=\"bwg-item2\">              <img decoding=\"async\" class=\"skip-lazy bwg_standart_thumb_img_0 \"                   data-id=\"540\"                   data-width=\"1200.00\"                   data-height=\"800.00\"                   data-src=\"https:\/\/tce.pb.gov.br\/portalprimeirainfancia\/wp-content\/uploads\/photo-gallery\/thumb\/492940929_605969102476093_2810205862274964041_n.jpg?bwg=1745453499\"                   src=\"https:\/\/tce.pb.gov.br\/portalprimeirainfancia\/wp-content\/uploads\/photo-gallery\/thumb\/492940929_605969102476093_2810205862274964041_n.jpg?bwg=1745453499\"                   alt=\"\"                   title=\"\" \/>            <\/div>            <div class=\"\">                                                      <\/div>          <\/div>        <\/div>                        <\/a>              <\/div>            <div class=\"bwg-item\">        <a class=\"bwg-a  bwg_lightbox\"  data-image-id=\"541\" href=\"https:\/\/tce.pb.gov.br\/portalprimeirainfancia\/wp-content\/uploads\/photo-gallery\/493121512_605969002476103_5184868749040602031_n.jpg?bwg=1745453499\" data-elementor-open-lightbox=\"no\">                <div class=\"bwg-item0 \">          <div class=\"bwg-item1 \">            <div class=\"bwg-item2\">              <img decoding=\"async\" class=\"skip-lazy bwg_standart_thumb_img_0 \"                   data-id=\"541\"                   data-width=\"1200.00\"                   data-height=\"800.00\"                   data-src=\"https:\/\/tce.pb.gov.br\/portalprimeirainfancia\/wp-content\/uploads\/photo-gallery\/thumb\/493121512_605969002476103_5184868749040602031_n.jpg?bwg=1745453499\"                   src=\"https:\/\/tce.pb.gov.br\/portalprimeirainfancia\/wp-content\/uploads\/photo-gallery\/thumb\/493121512_605969002476103_5184868749040602031_n.jpg?bwg=1745453499\"                   alt=\"\"                   title=\"\" \/>            <\/div>            <div class=\"\">                                                      <\/div>          <\/div>        <\/div>                        <\/a>              <\/div>            <div class=\"bwg-item\">        <a class=\"bwg-a  bwg_lightbox\"  data-image-id=\"542\" href=\"https:\/\/tce.pb.gov.br\/portalprimeirainfancia\/wp-content\/uploads\/photo-gallery\/493260785_605969229142747_548530744149386856_n_(1).jpg?bwg=1745453499\" data-elementor-open-lightbox=\"no\">                <div class=\"bwg-item0 \">          <div class=\"bwg-item1 \">            <div class=\"bwg-item2\">              <img decoding=\"async\" class=\"skip-lazy bwg_standart_thumb_img_0 \"                   data-id=\"542\"                   data-width=\"1200.00\"                   data-height=\"800.00\"                   data-src=\"https:\/\/tce.pb.gov.br\/portalprimeirainfancia\/wp-content\/uploads\/photo-gallery\/thumb\/493260785_605969229142747_548530744149386856_n_(1).jpg?bwg=1745453499\"                   src=\"https:\/\/tce.pb.gov.br\/portalprimeirainfancia\/wp-content\/uploads\/photo-gallery\/thumb\/493260785_605969229142747_548530744149386856_n_(1).jpg?bwg=1745453499\"                   alt=\"\"                   title=\"\" \/>            <\/div>            <div class=\"\">                                                      <\/div>          <\/div>        <\/div>                        <\/a>              <\/div>          <\/div>    <style>      \/*pagination styles*\/      #bwg_container1_0 #bwg_container2_0 .tablenav-pages_0 {\t\t\t\ttext-align: center;\t\t\t\tfont-size: 12px;\t\t\t\tfont-family: Ubuntu;\t\t\t\tfont-weight: bold;\t\t\t\tcolor: #666666;\t\t\t\tmargin: 6px 0 4px;\t\t\t\tdisplay: block;      }      @media only screen and (max-width : 320px) {      #bwg_container1_0 #bwg_container2_0 .displaying-num_0 {     \t display: none;      }      }      #bwg_container1_0 #bwg_container2_0 .displaying-num_0 {\t\t\t\tfont-size: 12px;\t\t\t\tfont-family: Ubuntu;\t\t\t\tfont-weight: bold;\t\t\t\tcolor: #666666;\t\t\t\tmargin-right: 10px;\t\t\t\tvertical-align: middle;      }      #bwg_container1_0 #bwg_container2_0 .paging-input_0 {\t\t\t\tfont-size: 12px;\t\t\t\tfont-family: Ubuntu;\t\t\t\tfont-weight: bold;\t\t\t\tcolor: #666666;\t\t\t\tvertical-align: middle;      }      #bwg_container1_0 #bwg_container2_0 .tablenav-pages_0 a.disabled,      #bwg_container1_0 #bwg_container2_0 .tablenav-pages_0 a.disabled:hover,      #bwg_container1_0 #bwg_container2_0 .tablenav-pages_0 a.disabled:focus,\t\t\t#bwg_container1_0 #bwg_container2_0 .tablenav-pages_0 input.bwg_current_page {\t\t\t\tcursor: default;\t\t\t\tcolor: rgba(102, 102, 102, 0.5);      }      #bwg_container1_0 #bwg_container2_0 .tablenav-pages_0 a,      #bwg_container1_0 #bwg_container2_0 .tablenav-pages_0 input.bwg_current_page {\t\t\t\tcursor: pointer;\t\t\t\ttext-align: center;\t\t\t\tfont-size: 12px;\t\t\t\tfont-family: Ubuntu;\t\t\t\tfont-weight: bold;\t\t\t\tcolor: #666666;\t\t\t\ttext-decoration: none;\t\t\t\tpadding: 3px 6px;\t\t\t\tmargin: 0;\t\t\t\tborder-radius: 0;\t\t\t\tborder-style: solid;\t\t\t\tborder-width: 1px;\t\t\t\tborder-color: #E3E3E3;\t\t\t\t\t\t\t\tbackground-color: rgba(255, 255, 255, 1.00);\t\t\t\tbox-shadow: 0;\t\t\t\ttransition: all 0.3s ease 0s;-webkit-transition: all 0.3s ease 0s;      }      <\/style>      <span class=\"bwg_nav_cont_0\">              <div class=\"tablenav-pages_0\">                  <\/div>                <input type=\"hidden\" id=\"page_number_0\" name=\"page_number_0\" value=\"1\" \/>      <script type=\"text\/javascript\">        if( jQuery('.bwg_nav_cont_0').length > 1 ) {          jQuery('.bwg_nav_cont_0').first().remove()        }        function spider_page_0(cur, x, y, load_more) {          if (typeof load_more == \"undefined\") {            var load_more = false;          }          if (jQuery(cur).hasClass('disabled')) {            return false;          }          var items_county_0 = 1;          switch (y) {            case 1:              if (x >= items_county_0) {                document.getElementById('page_number_0').value = items_county_0;              }              else {                document.getElementById('page_number_0').value = x + 1;              }              break;            case 2:              document.getElementById('page_number_0').value = items_county_0;              break;            case -1:              if (x == 1) {                document.getElementById('page_number_0').value = 1;              }              else {                document.getElementById('page_number_0').value = x - 1;              }              break;            case -2:              document.getElementById('page_number_0').value = 1;              break;\t\t\t\t\t\tcase 0:              document.getElementById('page_number_0').value = x;              break;            default:              document.getElementById('page_number_0').value = 1;          }          bwg_ajax('gal_front_form_0', '0', 'bwg_thumbnails_0', '0', '', 'gallery', 0, '', '', load_more, '', 1);        }                    jQuery('.first-page-0').on('click', function () {              spider_page_0(this, 1, -2, 'numeric');              return false;            });            jQuery('.prev-page-0').on('click', function () {              spider_page_0(this, 1, -1, 'numeric');              return false;            });            jQuery('.next-page-0').on('click', function () {              spider_page_0(this, 1, 1, 'numeric');              return false;            });            jQuery('.last-page-0').on('click', function () {              spider_page_0(this, 1, 2, 'numeric');              return false;            });        \t\t\t\t\/* Change page on input enter. *\/        function bwg_change_page_0( e, that ) {          if (  e.key == 'Enter' ) {            var to_page = parseInt(jQuery(that).val());            var pages_count = jQuery(that).parents(\".pagination-links\").data(\"pages-count\");            var current_url_param = jQuery(that).attr('data-url-info');            if (to_page > pages_count) {              to_page = 1;            }\t \t\t\t\t\t\t\t\t\t\t\t\tspider_page_0(this, to_page, 0, 'numeric');\t\t\t\t\t\t\treturn false;\t\t\t\t\t\t          }          return true;        }        jQuery('.bwg_load_btn_0').on('click', function () {            spider_page_0(this, 1, 1, true);            return false;        });      <\/script>      <\/span>                <\/div>        <\/form>        <style>          #bwg_container1_0 #bwg_container2_0 #spider_popup_overlay_0 {          background-color: #FFFFFF;          opacity: 0.60;          }          <\/style>        <div id=\"bwg_spider_popup_loading_0\" class=\"bwg_spider_popup_loading\"><\/div>        <div id=\"spider_popup_overlay_0\" class=\"spider_popup_overlay\" onclick=\"spider_destroypopup(1000)\"><\/div>        <input type=\"hidden\" id=\"bwg_random_seed_0\" value=\"379627759\">                <\/div>    <\/div>    <script>      if (document.readyState === 'complete') {        if( typeof bwg_main_ready == 'function' ) {          if ( jQuery(\"#bwg_container1_0\").height() ) {            bwg_main_ready(jQuery(\"#bwg_container1_0\"));          }        }      } else {        document.addEventListener('DOMContentLoaded', function() {          if( typeof bwg_main_ready == 'function' ) {            if ( jQuery(\"#bwg_container1_0\").height() ) {             bwg_main_ready(jQuery(\"#bwg_container1_0\"));            }          }        });      }    <\/script>    \n","protected":false},"excerpt":{"rendered":"<p>A Federa\u00e7\u00e3o das Associa\u00e7\u00f5es de Munic\u00edpios da Para\u00edba (Famup) confirmou apoio integral ao&nbsp;Pacto Paraibano pela Primeira Inf\u00e2ncia, durante reuni\u00e3o realizada [&hellip;]<\/p>\n","protected":false},"author":6,"featured_media":2150,"comment_status":"closed","ping_status":"closed","sticky":false,"template":"","format":"standard","meta":{"site-sidebar-layout":"default","site-content-layout":"","ast-site-content-layout":"","site-content-style":"default","site-sidebar-style":"default","ast-global-header-display":"","ast-banner-title-visibility":"","ast-main-header-display":"","ast-hfb-above-header-display":"","ast-hfb-below-header-display":"","ast-hfb-mobile-header-display":"","site-post-title":"","ast-breadcrumbs-content":"","ast-featured-img":"","footer-sml-layout":"","theme-transparent-header-meta":"","adv-header-id-meta":"","stick-header-meta":"","header-above-stick-meta":"","header-main-stick-meta":"","header-below-stick-meta":"","astra-migrate-meta-layouts":"default","ast-page-background-enabled":"default","ast-page-background-meta":{"desktop":{"background-color":"var(--ast-global-color-5)","background-image":"","background-repeat":"repeat","background-position":"center center","background-size":"auto","background-attachment":"scroll","background-type":"","background-media":"","overlay-type":"","overlay-color":"","overlay-opacity":"","overlay-gradient":""},"tablet":{"background-color":"","background-image":"","background-repeat":"repeat","background-position":"center center","background-size":"auto","background-attachment":"scroll","background-type":"","background-media":"","overlay-type":"","overlay-color":"","overlay-opacity":"","overlay-gradient":""},"mobile":{"background-color":"","background-image":"","background-repeat":"repeat","background-position":"center center","background-size":"auto","background-attachment":"scroll","background-type":"","background-media":"","overlay-type":"","overlay-color":"","overlay-opacity":"","overlay-gradient":""}},"ast-content-background-meta":{"desktop":{"background-color":"var(--ast-global-color-4)","background-image":"","background-repeat":"repeat","background-position":"center center","background-size":"auto","background-attachment":"scroll","background-type":"","background-media":"","overlay-type":"","overlay-color":"","overlay-opacity":"","overlay-gradient":""},"tablet":{"background-color":"var(--ast-global-color-4)","background-image":"","background-repeat":"repeat","background-position":"center center","background-size":"auto","background-attachment":"scroll","background-type":"","background-media":"","overlay-type":"","overlay-color":"","overlay-opacity":"","overlay-gradient":""},"mobile":{"background-color":"var(--ast-global-color-4)","background-image":"","background-repeat":"repeat","background-position":"center center","background-size":"auto","background-attachment":"scroll","background-type":"","background-media":"","overlay-type":"","overlay-color":"","overlay-opacity":"","overlay-gradient":""}},"_jetpack_memberships_contains_paid_content":false,"footnotes":""},"categories":[7],"tags":[],"class_list":["post-2149","post","type-post","status-publish","format-standard","has-post-thumbnail","hentry","category-noticias"],"yoast_head":"<!-- This site is optimized with the Yoast SEO plugin v27.5 - https:\/\/yoast.com\/product\/yoast-seo-wordpress\/ -->\n<title>Famup declara apoio ao Pacto Paraibano pela Primeira Inf\u00e2ncia em articula\u00e7\u00e3o com o TCE-PB %<\/title>\n<meta name=\"description\" content=\"Famup declara apoio ao Pacto Paraibano pela Primeira Inf\u00e2ncia em articula\u00e7\u00e3o com o TCE-PB %\" \/>\n<meta name=\"robots\" content=\"index, follow, max-snippet:-1, max-image-preview:large, max-video-preview:-1\" \/>\n<link rel=\"canonical\" href=\"https:\/\/tce.pb.gov.br\/portalprimeirainfancia\/famup-declara-apoio-ao-pacto-paraibano-pela-primeira-infancia-em-articulacao-com-o-tce-pb\/\" \/>\n<meta property=\"og:locale\" content=\"pt_BR\" \/>\n<meta property=\"og:type\" content=\"article\" \/>\n<meta property=\"og:title\" content=\"Famup declara apoio ao Pacto Paraibano pela Primeira Inf\u00e2ncia em articula\u00e7\u00e3o com o TCE-PB %\" \/>\n<meta property=\"og:description\" content=\"Famup declara apoio ao Pacto Paraibano pela Primeira Inf\u00e2ncia em articula\u00e7\u00e3o com o TCE-PB %\" \/>\n<meta property=\"og:url\" content=\"https:\/\/tce.pb.gov.br\/portalprimeirainfancia\/famup-declara-apoio-ao-pacto-paraibano-pela-primeira-infancia-em-articulacao-com-o-tce-pb\/\" \/>\n<meta property=\"og:site_name\" content=\"Pacto Paraibano pela Primeira Inf\u00e2ncia\" \/>\n<meta property=\"article:published_time\" content=\"2025-04-22T23:32:37+00:00\" \/>\n<meta property=\"article:modified_time\" content=\"2025-04-24T00:13:17+00:00\" \/>\n<meta property=\"og:image\" content=\"https:\/\/tce.pb.gov.br\/portalprimeirainfancia\/wp-content\/uploads\/2025\/04\/REUNIAO-COM-FAMUP.jpg\" \/>\n\t<meta property=\"og:image:width\" content=\"2048\" \/>\n\t<meta property=\"og:image:height\" content=\"1365\" \/>\n\t<meta property=\"og:image:type\" content=\"image\/jpeg\" \/>\n<meta name=\"author\" content=\"Rafael Massoni\" \/>\n<meta name=\"twitter:card\" content=\"summary_large_image\" \/>\n<meta name=\"twitter:label1\" content=\"Escrito por\" \/>\n\t<meta name=\"twitter:data1\" content=\"Rafael Massoni\" \/>\n\t<meta name=\"twitter:label2\" content=\"Est. tempo de leitura\" \/>\n\t<meta name=\"twitter:data2\" content=\"2 minutos\" \/>\n<script type=\"application\/ld+json\" class=\"yoast-schema-graph\">{\"@context\":\"https:\\\/\\\/schema.org\",\"@graph\":[{\"@type\":\"NewsArticle\",\"@id\":\"https:\\\/\\\/tce.pb.gov.br\\\/portalprimeirainfancia\\\/famup-declara-apoio-ao-pacto-paraibano-pela-primeira-infancia-em-articulacao-com-o-tce-pb\\\/#article\",\"isPartOf\":{\"@id\":\"https:\\\/\\\/tce.pb.gov.br\\\/portalprimeirainfancia\\\/famup-declara-apoio-ao-pacto-paraibano-pela-primeira-infancia-em-articulacao-com-o-tce-pb\\\/\"},\"author\":{\"name\":\"Rafael Massoni\",\"@id\":\"https:\\\/\\\/tce.pb.gov.br\\\/portalprimeirainfancia\\\/#\\\/schema\\\/person\\\/6a39eea5836dda604de1c5e5b7d62141\"},\"headline\":\"Famup declara apoio ao Pacto Paraibano pela Primeira Inf\u00e2ncia em articula\u00e7\u00e3o com o TCE-PB\",\"datePublished\":\"2025-04-22T23:32:37+00:00\",\"dateModified\":\"2025-04-24T00:13:17+00:00\",\"mainEntityOfPage\":{\"@id\":\"https:\\\/\\\/tce.pb.gov.br\\\/portalprimeirainfancia\\\/famup-declara-apoio-ao-pacto-paraibano-pela-primeira-infancia-em-articulacao-com-o-tce-pb\\\/\"},\"wordCount\":479,\"publisher\":{\"@id\":\"https:\\\/\\\/tce.pb.gov.br\\\/portalprimeirainfancia\\\/#organization\"},\"image\":{\"@id\":\"https:\\\/\\\/tce.pb.gov.br\\\/portalprimeirainfancia\\\/famup-declara-apoio-ao-pacto-paraibano-pela-primeira-infancia-em-articulacao-com-o-tce-pb\\\/#primaryimage\"},\"thumbnailUrl\":\"https:\\\/\\\/tce.pb.gov.br\\\/portalprimeirainfancia\\\/wp-content\\\/uploads\\\/2025\\\/04\\\/REUNIAO-COM-FAMUP.jpg\",\"articleSection\":[\"Not\u00edcias\"],\"inLanguage\":\"pt-BR\"},{\"@type\":\"WebPage\",\"@id\":\"https:\\\/\\\/tce.pb.gov.br\\\/portalprimeirainfancia\\\/famup-declara-apoio-ao-pacto-paraibano-pela-primeira-infancia-em-articulacao-com-o-tce-pb\\\/\",\"url\":\"https:\\\/\\\/tce.pb.gov.br\\\/portalprimeirainfancia\\\/famup-declara-apoio-ao-pacto-paraibano-pela-primeira-infancia-em-articulacao-com-o-tce-pb\\\/\",\"name\":\"Famup declara apoio ao Pacto Paraibano pela Primeira Inf\u00e2ncia em articula\u00e7\u00e3o com o TCE-PB %\",\"isPartOf\":{\"@id\":\"https:\\\/\\\/tce.pb.gov.br\\\/portalprimeirainfancia\\\/#website\"},\"primaryImageOfPage\":{\"@id\":\"https:\\\/\\\/tce.pb.gov.br\\\/portalprimeirainfancia\\\/famup-declara-apoio-ao-pacto-paraibano-pela-primeira-infancia-em-articulacao-com-o-tce-pb\\\/#primaryimage\"},\"image\":{\"@id\":\"https:\\\/\\\/tce.pb.gov.br\\\/portalprimeirainfancia\\\/famup-declara-apoio-ao-pacto-paraibano-pela-primeira-infancia-em-articulacao-com-o-tce-pb\\\/#primaryimage\"},\"thumbnailUrl\":\"https:\\\/\\\/tce.pb.gov.br\\\/portalprimeirainfancia\\\/wp-content\\\/uploads\\\/2025\\\/04\\\/REUNIAO-COM-FAMUP.jpg\",\"datePublished\":\"2025-04-22T23:32:37+00:00\",\"dateModified\":\"2025-04-24T00:13:17+00:00\",\"description\":\"Famup declara apoio ao Pacto Paraibano pela Primeira Inf\u00e2ncia em articula\u00e7\u00e3o com o TCE-PB %\",\"breadcrumb\":{\"@id\":\"https:\\\/\\\/tce.pb.gov.br\\\/portalprimeirainfancia\\\/famup-declara-apoio-ao-pacto-paraibano-pela-primeira-infancia-em-articulacao-com-o-tce-pb\\\/#breadcrumb\"},\"inLanguage\":\"pt-BR\",\"potentialAction\":[{\"@type\":\"ReadAction\",\"target\":[\"https:\\\/\\\/tce.pb.gov.br\\\/portalprimeirainfancia\\\/famup-declara-apoio-ao-pacto-paraibano-pela-primeira-infancia-em-articulacao-com-o-tce-pb\\\/\"]}]},{\"@type\":\"ImageObject\",\"inLanguage\":\"pt-BR\",\"@id\":\"https:\\\/\\\/tce.pb.gov.br\\\/portalprimeirainfancia\\\/famup-declara-apoio-ao-pacto-paraibano-pela-primeira-infancia-em-articulacao-com-o-tce-pb\\\/#primaryimage\",\"url\":\"https:\\\/\\\/tce.pb.gov.br\\\/portalprimeirainfancia\\\/wp-content\\\/uploads\\\/2025\\\/04\\\/REUNIAO-COM-FAMUP.jpg\",\"contentUrl\":\"https:\\\/\\\/tce.pb.gov.br\\\/portalprimeirainfancia\\\/wp-content\\\/uploads\\\/2025\\\/04\\\/REUNIAO-COM-FAMUP.jpg\",\"width\":2048,\"height\":1365},{\"@type\":\"BreadcrumbList\",\"@id\":\"https:\\\/\\\/tce.pb.gov.br\\\/portalprimeirainfancia\\\/famup-declara-apoio-ao-pacto-paraibano-pela-primeira-infancia-em-articulacao-com-o-tce-pb\\\/#breadcrumb\",\"itemListElement\":[{\"@type\":\"ListItem\",\"position\":1,\"name\":\"In\u00edcio\",\"item\":\"https:\\\/\\\/tce.pb.gov.br\\\/portalprimeirainfancia\\\/\"},{\"@type\":\"ListItem\",\"position\":2,\"name\":\"Famup declara apoio ao Pacto Paraibano pela Primeira Inf\u00e2ncia em articula\u00e7\u00e3o com o TCE-PB\"}]},{\"@type\":\"WebSite\",\"@id\":\"https:\\\/\\\/tce.pb.gov.br\\\/portalprimeirainfancia\\\/#website\",\"url\":\"https:\\\/\\\/tce.pb.gov.br\\\/portalprimeirainfancia\\\/\",\"name\":\"Pacto Paraibano pela Primeira Inf\u00e2ncia\",\"description\":\"Portal para divulga\u00e7\u00e3o do Pacto Paraibano pela Primeira Inf\u00e2ncia\",\"publisher\":{\"@id\":\"https:\\\/\\\/tce.pb.gov.br\\\/portalprimeirainfancia\\\/#organization\"},\"potentialAction\":[{\"@type\":\"SearchAction\",\"target\":{\"@type\":\"EntryPoint\",\"urlTemplate\":\"https:\\\/\\\/tce.pb.gov.br\\\/portalprimeirainfancia\\\/?s={search_term_string}\"},\"query-input\":{\"@type\":\"PropertyValueSpecification\",\"valueRequired\":true,\"valueName\":\"search_term_string\"}}],\"inLanguage\":\"pt-BR\"},{\"@type\":\"Organization\",\"@id\":\"https:\\\/\\\/tce.pb.gov.br\\\/portalprimeirainfancia\\\/#organization\",\"name\":\"Pacto Paraibano pela Primeira Inf\u00e2ncia\",\"alternateName\":\"TCE-PB\",\"url\":\"https:\\\/\\\/tce.pb.gov.br\\\/portalprimeirainfancia\\\/\",\"logo\":{\"@type\":\"ImageObject\",\"inLanguage\":\"pt-BR\",\"@id\":\"https:\\\/\\\/tce.pb.gov.br\\\/portalprimeirainfancia\\\/#\\\/schema\\\/logo\\\/image\\\/\",\"url\":\"https:\\\/\\\/tce.pb.gov.br\\\/portalprimeirainfancia\\\/wp-content\\\/uploads\\\/2025\\\/05\\\/Pacto-Whatsapp.png\",\"contentUrl\":\"https:\\\/\\\/tce.pb.gov.br\\\/portalprimeirainfancia\\\/wp-content\\\/uploads\\\/2025\\\/05\\\/Pacto-Whatsapp.png\",\"width\":427,\"height\":427,\"caption\":\"Pacto Paraibano pela Primeira Inf\u00e2ncia\"},\"image\":{\"@id\":\"https:\\\/\\\/tce.pb.gov.br\\\/portalprimeirainfancia\\\/#\\\/schema\\\/logo\\\/image\\\/\"},\"sameAs\":[\"https:\\\/\\\/www.instagram.com\\\/tcepb\\\/\"]},{\"@type\":\"Person\",\"@id\":\"https:\\\/\\\/tce.pb.gov.br\\\/portalprimeirainfancia\\\/#\\\/schema\\\/person\\\/6a39eea5836dda604de1c5e5b7d62141\",\"name\":\"Rafael Massoni\"}]}<\/script>\n<!-- \/ Yoast SEO plugin. -->","yoast_head_json":{"title":"Famup declara apoio ao Pacto Paraibano pela Primeira Inf\u00e2ncia em articula\u00e7\u00e3o com o TCE-PB %","description":"Famup declara apoio ao Pacto Paraibano pela Primeira Inf\u00e2ncia em articula\u00e7\u00e3o com o TCE-PB %","robots":{"index":"index","follow":"follow","max-snippet":"max-snippet:-1","max-image-preview":"max-image-preview:large","max-video-preview":"max-video-preview:-1"},"canonical":"https:\/\/tce.pb.gov.br\/portalprimeirainfancia\/famup-declara-apoio-ao-pacto-paraibano-pela-primeira-infancia-em-articulacao-com-o-tce-pb\/","og_locale":"pt_BR","og_type":"article","og_title":"Famup declara apoio ao Pacto Paraibano pela Primeira Inf\u00e2ncia em articula\u00e7\u00e3o com o TCE-PB %","og_description":"Famup declara apoio ao Pacto Paraibano pela Primeira Inf\u00e2ncia em articula\u00e7\u00e3o com o TCE-PB %","og_url":"https:\/\/tce.pb.gov.br\/portalprimeirainfancia\/famup-declara-apoio-ao-pacto-paraibano-pela-primeira-infancia-em-articulacao-com-o-tce-pb\/","og_site_name":"Pacto Paraibano pela Primeira Inf\u00e2ncia","article_published_time":"2025-04-22T23:32:37+00:00","article_modified_time":"2025-04-24T00:13:17+00:00","og_image":[{"width":2048,"height":1365,"url":"https:\/\/tce.pb.gov.br\/portalprimeirainfancia\/wp-content\/uploads\/2025\/04\/REUNIAO-COM-FAMUP.jpg","type":"image\/jpeg"}],"author":"Rafael Massoni","twitter_card":"summary_large_image","twitter_misc":{"Escrito por":"Rafael Massoni","Est. tempo de leitura":"2 minutos"},"schema":{"@context":"https:\/\/schema.org","@graph":[{"@type":"NewsArticle","@id":"https:\/\/tce.pb.gov.br\/portalprimeirainfancia\/famup-declara-apoio-ao-pacto-paraibano-pela-primeira-infancia-em-articulacao-com-o-tce-pb\/#article","isPartOf":{"@id":"https:\/\/tce.pb.gov.br\/portalprimeirainfancia\/famup-declara-apoio-ao-pacto-paraibano-pela-primeira-infancia-em-articulacao-com-o-tce-pb\/"},"author":{"name":"Rafael Massoni","@id":"https:\/\/tce.pb.gov.br\/portalprimeirainfancia\/#\/schema\/person\/6a39eea5836dda604de1c5e5b7d62141"},"headline":"Famup declara apoio ao Pacto Paraibano pela Primeira Inf\u00e2ncia em articula\u00e7\u00e3o com o TCE-PB","datePublished":"2025-04-22T23:32:37+00:00","dateModified":"2025-04-24T00:13:17+00:00","mainEntityOfPage":{"@id":"https:\/\/tce.pb.gov.br\/portalprimeirainfancia\/famup-declara-apoio-ao-pacto-paraibano-pela-primeira-infancia-em-articulacao-com-o-tce-pb\/"},"wordCount":479,"publisher":{"@id":"https:\/\/tce.pb.gov.br\/portalprimeirainfancia\/#organization"},"image":{"@id":"https:\/\/tce.pb.gov.br\/portalprimeirainfancia\/famup-declara-apoio-ao-pacto-paraibano-pela-primeira-infancia-em-articulacao-com-o-tce-pb\/#primaryimage"},"thumbnailUrl":"https:\/\/tce.pb.gov.br\/portalprimeirainfancia\/wp-content\/uploads\/2025\/04\/REUNIAO-COM-FAMUP.jpg","articleSection":["Not\u00edcias"],"inLanguage":"pt-BR"},{"@type":"WebPage","@id":"https:\/\/tce.pb.gov.br\/portalprimeirainfancia\/famup-declara-apoio-ao-pacto-paraibano-pela-primeira-infancia-em-articulacao-com-o-tce-pb\/","url":"https:\/\/tce.pb.gov.br\/portalprimeirainfancia\/famup-declara-apoio-ao-pacto-paraibano-pela-primeira-infancia-em-articulacao-com-o-tce-pb\/","name":"Famup declara apoio ao Pacto Paraibano pela Primeira Inf\u00e2ncia em articula\u00e7\u00e3o com o TCE-PB %","isPartOf":{"@id":"https:\/\/tce.pb.gov.br\/portalprimeirainfancia\/#website"},"primaryImageOfPage":{"@id":"https:\/\/tce.pb.gov.br\/portalprimeirainfancia\/famup-declara-apoio-ao-pacto-paraibano-pela-primeira-infancia-em-articulacao-com-o-tce-pb\/#primaryimage"},"image":{"@id":"https:\/\/tce.pb.gov.br\/portalprimeirainfancia\/famup-declara-apoio-ao-pacto-paraibano-pela-primeira-infancia-em-articulacao-com-o-tce-pb\/#primaryimage"},"thumbnailUrl":"https:\/\/tce.pb.gov.br\/portalprimeirainfancia\/wp-content\/uploads\/2025\/04\/REUNIAO-COM-FAMUP.jpg","datePublished":"2025-04-22T23:32:37+00:00","dateModified":"2025-04-24T00:13:17+00:00","description":"Famup declara apoio ao Pacto Paraibano pela Primeira Inf\u00e2ncia em articula\u00e7\u00e3o com o TCE-PB %","breadcrumb":{"@id":"https:\/\/tce.pb.gov.br\/portalprimeirainfancia\/famup-declara-apoio-ao-pacto-paraibano-pela-primeira-infancia-em-articulacao-com-o-tce-pb\/#breadcrumb"},"inLanguage":"pt-BR","potentialAction":[{"@type":"ReadAction","target":["https:\/\/tce.pb.gov.br\/portalprimeirainfancia\/famup-declara-apoio-ao-pacto-paraibano-pela-primeira-infancia-em-articulacao-com-o-tce-pb\/"]}]},{"@type":"ImageObject","inLanguage":"pt-BR","@id":"https:\/\/tce.pb.gov.br\/portalprimeirainfancia\/famup-declara-apoio-ao-pacto-paraibano-pela-primeira-infancia-em-articulacao-com-o-tce-pb\/#primaryimage","url":"https:\/\/tce.pb.gov.br\/portalprimeirainfancia\/wp-content\/uploads\/2025\/04\/REUNIAO-COM-FAMUP.jpg","contentUrl":"https:\/\/tce.pb.gov.br\/portalprimeirainfancia\/wp-content\/uploads\/2025\/04\/REUNIAO-COM-FAMUP.jpg","width":2048,"height":1365},{"@type":"BreadcrumbList","@id":"https:\/\/tce.pb.gov.br\/portalprimeirainfancia\/famup-declara-apoio-ao-pacto-paraibano-pela-primeira-infancia-em-articulacao-com-o-tce-pb\/#breadcrumb","itemListElement":[{"@type":"ListItem","position":1,"name":"In\u00edcio","item":"https:\/\/tce.pb.gov.br\/portalprimeirainfancia\/"},{"@type":"ListItem","position":2,"name":"Famup declara apoio ao Pacto Paraibano pela Primeira Inf\u00e2ncia em articula\u00e7\u00e3o com o TCE-PB"}]},{"@type":"WebSite","@id":"https:\/\/tce.pb.gov.br\/portalprimeirainfancia\/#website","url":"https:\/\/tce.pb.gov.br\/portalprimeirainfancia\/","name":"Pacto Paraibano pela Primeira Inf\u00e2ncia","description":"Portal para divulga\u00e7\u00e3o do Pacto Paraibano pela Primeira Inf\u00e2ncia","publisher":{"@id":"https:\/\/tce.pb.gov.br\/portalprimeirainfancia\/#organization"},"potentialAction":[{"@type":"SearchAction","target":{"@type":"EntryPoint","urlTemplate":"https:\/\/tce.pb.gov.br\/portalprimeirainfancia\/?s={search_term_string}"},"query-input":{"@type":"PropertyValueSpecification","valueRequired":true,"valueName":"search_term_string"}}],"inLanguage":"pt-BR"},{"@type":"Organization","@id":"https:\/\/tce.pb.gov.br\/portalprimeirainfancia\/#organization","name":"Pacto Paraibano pela Primeira Inf\u00e2ncia","alternateName":"TCE-PB","url":"https:\/\/tce.pb.gov.br\/portalprimeirainfancia\/","logo":{"@type":"ImageObject","inLanguage":"pt-BR","@id":"https:\/\/tce.pb.gov.br\/portalprimeirainfancia\/#\/schema\/logo\/image\/","url":"https:\/\/tce.pb.gov.br\/portalprimeirainfancia\/wp-content\/uploads\/2025\/05\/Pacto-Whatsapp.png","contentUrl":"https:\/\/tce.pb.gov.br\/portalprimeirainfancia\/wp-content\/uploads\/2025\/05\/Pacto-Whatsapp.png","width":427,"height":427,"caption":"Pacto Paraibano pela Primeira Inf\u00e2ncia"},"image":{"@id":"https:\/\/tce.pb.gov.br\/portalprimeirainfancia\/#\/schema\/logo\/image\/"},"sameAs":["https:\/\/www.instagram.com\/tcepb\/"]},{"@type":"Person","@id":"https:\/\/tce.pb.gov.br\/portalprimeirainfancia\/#\/schema\/person\/6a39eea5836dda604de1c5e5b7d62141","name":"Rafael Massoni"}]}},"jetpack_featured_media_url":"https:\/\/tce.pb.gov.br\/portalprimeirainfancia\/wp-content\/uploads\/2025\/04\/REUNIAO-COM-FAMUP.jpg","jetpack_sharing_enabled":true,"_links":{"self":[{"href":"https:\/\/tce.pb.gov.br\/portalprimeirainfancia\/wp-json\/wp\/v2\/posts\/2149","targetHints":{"allow":["GET"]}}],"collection":[{"href":"https:\/\/tce.pb.gov.br\/portalprimeirainfancia\/wp-json\/wp\/v2\/posts"}],"about":[{"href":"https:\/\/tce.pb.gov.br\/portalprimeirainfancia\/wp-json\/wp\/v2\/types\/post"}],"author":[{"embeddable":true,"href":"https:\/\/tce.pb.gov.br\/portalprimeirainfancia\/wp-json\/wp\/v2\/users\/6"}],"replies":[{"embeddable":true,"href":"https:\/\/tce.pb.gov.br\/portalprimeirainfancia\/wp-json\/wp\/v2\/comments?post=2149"}],"version-history":[{"count":6,"href":"https:\/\/tce.pb.gov.br\/portalprimeirainfancia\/wp-json\/wp\/v2\/posts\/2149\/revisions"}],"predecessor-version":[{"id":2159,"href":"https:\/\/tce.pb.gov.br\/portalprimeirainfancia\/wp-json\/wp\/v2\/posts\/2149\/revisions\/2159"}],"wp:featuredmedia":[{"embeddable":true,"href":"https:\/\/tce.pb.gov.br\/portalprimeirainfancia\/wp-json\/wp\/v2\/media\/2150"}],"wp:attachment":[{"href":"https:\/\/tce.pb.gov.br\/portalprimeirainfancia\/wp-json\/wp\/v2\/media?parent=2149"}],"wp:term":[{"taxonomy":"category","embeddable":true,"href":"https:\/\/tce.pb.gov.br\/portalprimeirainfancia\/wp-json\/wp\/v2\/categories?post=2149"},{"taxonomy":"post_tag","embeddable":true,"href":"https:\/\/tce.pb.gov.br\/portalprimeirainfancia\/wp-json\/wp\/v2\/tags?post=2149"}],"curies":[{"name":"wp","href":"https:\/\/api.w.org\/{rel}","templated":true}]}}